{"id":258985,"date":"2024-06-03T11:00:01","date_gmt":"2024-06-03T11:00:01","guid":{"rendered":"http:\/\/jsltravels.com\/?p=258985"},"modified":"2026-04-01T06:41:47","modified_gmt":"2026-04-01T06:41:47","slug":"karlovy-vary-pruvodce","status":"publish","type":"post","link":"https:\/\/www.jsltravels.com\/cs\/karlovy-vary-pruvodce","title":{"rendered":"Karlovy Vary pr\u016fvodce"},"content":{"rendered":"<div class=\"et_pb_section_0 et_pb_section et_section_regular et_block_section\"><div class=\"et_pb_row_0 et_pb_row et_pb_gutters1 et_block_row\"><div class=\"et_pb_column_0 et_pb_column et_pb_column_1_2 et_block_column et_pb_css_mix_blend_mode_passthrough\"><div class=\"et_pb_text_0 et_pb_text et_pb_bg_layout_light et_pb_module et_block_module\"><div class=\"et_pb_text_inner\"><h1>Karlovy Vary -\u00a0 pr\u016fvodce historick\u00fdm m\u011bstem<\/h1>\n<\/div><\/div><\/div><div class=\"et_pb_column_1 et_pb_column et_pb_column_1_2 et-last-child et_block_column et_pb_column_empty et_pb_css_mix_blend_mode_passthrough\"><\/div><\/div><\/div><div class=\"et_pb_section_1 et_pb_section et_section_regular et_block_section\"><div class=\"et_pb_row_1 et_pb_row et_block_row\"><div class=\"et_pb_column_2 et_pb_column et_pb_column_4_4 et-last-child et_block_column et_pb_css_mix_blend_mode_passthrough\"><div class=\"et_pb_text_1 et_pb_text et_pb_bg_layout_light et_pb_module et_block_module\"><div class=\"et_pb_text_inner\"><p style=\"text-align: center;\"><a href=\"https:\/\/www.karlovyvary.cz\/cs\" target=\"_blank\" rel=\"noopener\">Karlovy Vary<\/a> jsou malebn\u00e9 l\u00e1ze\u0148sk\u00e9 m\u011bsto v z\u00e1padn\u00ed \u010d\u00e1sti \u010cesk\u00e9 republiky. Jsou proslul\u00e9 sv\u00fdmi hork\u00fdmi prameny, \u00fachvatnou architekturou a \u017eivou kulturn\u00ed sc\u00e9nou. \"Karlovy Vary pr\u016fvodce\" v\u00e1m pom\u016f\u017ee prozkoumat Karlovy Vary.<\/p>\n<\/div><\/div><div class=\"et_pb_heading_0 et_pb_heading et_pb_module et_block_module\"><div class=\"et_pb_heading_container\"><\/div><\/div><div class=\"et_pb_text_2 et_pb_text et_pb_bg_layout_light et_pb_module et_block_module\"><div class=\"et_pb_text_inner\"><h2>Historie<\/h2>\n<p style=\"text-align: center;\">Karlovy Vary byly zalo\u017eeny ve 14. stolet\u00ed Karlem IV., c\u00edsa\u0159em Svat\u00e9 \u0159\u00ed\u0161e \u0159\u00edmsk\u00e9 a kr\u00e1lem \u010desk\u00fdm, kter\u00fd \u00fadajn\u011b objevil hork\u00e9 prameny p\u0159i lovu. M\u011bsto se rychle stalo obl\u00edben\u00fdm c\u00edlem evropsk\u00e9 aristokracie a zachovalo si svou pov\u011bst luxusn\u00edho l\u00e1ze\u0148sk\u00e9ho st\u0159ediska.<\/p>\n<\/div><\/div><\/div><\/div><div class=\"et_pb_row_2 et_pb_row et_block_row\"><div class=\"et_pb_column_3 et_pb_column et_pb_column_1_2 et_block_column et_pb_css_mix_blend_mode_passthrough\"><div class=\"et_pb_image_0 et_pb_image et_pb_module et_block_module\"><a href=\"https:\/\/www.jsltravels.com\/cs\/wp-content\/uploads\/2025\/08\/Mlynska-kolonada.jpg\" class=\"et_pb_lightbox_image\" alt=\"Velkolep\u00e1 chodba lemovan\u00e1 vysok\u00fdmi kamenn\u00fdmi sloupy na obou stran\u00e1ch vede k bohat\u011b zdoben\u00e9mu oblouku. Symetrie a tepl\u00e9 t\u00f3ny vyvol\u00e1vaj\u00ed pocit elegance a historie.\"><span class=\"et_pb_image_wrap\"><img loading=\"lazy\" decoding=\"async\" src=\"https:\/\/www.jsltravels.com\/cs\/wp-content\/uploads\/2025\/08\/Mlynska-kolonada.jpg\" width=\"700\" height=\"700\" srcset=\"https:\/\/www.jsltravels.com\/cs\/wp-content\/uploads\/2025\/08\/Mlynska-kolonada.jpg 700w, https:\/\/www.jsltravels.com\/cs\/wp-content\/uploads\/2025\/08\/Mlynska-kolonada-480x480.jpg 480w\" sizes=\"(min-width: 0px) and (max-width: 480px) 480px, (min-width: 481px) 700px, 100vw\" class=\"wp-image-267287\" title=\"Ml\u00fdnsk\u00e1 kolon\u00e1da\" alt=\"Velkolep\u00e1 chodba lemovan\u00e1 vysok\u00fdmi kamenn\u00fdmi sloupy na obou stran\u00e1ch vede k bohat\u011b zdoben\u00e9mu oblouku. Symetrie a tepl\u00e9 t\u00f3ny vyvol\u00e1vaj\u00ed pocit elegance a historie.\" \/><\/span><\/a><\/div><\/div><div class=\"et_pb_column_4 et_pb_column et_pb_column_1_2 et-last-child et_block_column et_pb_css_mix_blend_mode_passthrough\"><div class=\"et_pb_image_1 et_pb_image et_pb_module et_block_module\"><a href=\"https:\/\/www.jsltravels.com\/cs\/wp-content\/uploads\/2025\/08\/Karlovy-Vary.jpg\" class=\"et_pb_lightbox_image\" alt=\"Historick\u00e1 budova v Karlov\u00fdch Varech.\"><span class=\"et_pb_image_wrap\"><img loading=\"lazy\" decoding=\"async\" src=\"https:\/\/www.jsltravels.com\/cs\/wp-content\/uploads\/2025\/08\/Karlovy-Vary.jpg\" width=\"700\" height=\"700\" srcset=\"https:\/\/www.jsltravels.com\/cs\/wp-content\/uploads\/2025\/08\/Karlovy-Vary.jpg 700w, https:\/\/www.jsltravels.com\/cs\/wp-content\/uploads\/2025\/08\/Karlovy-Vary-480x480.jpg 480w\" sizes=\"(min-width: 0px) and (max-width: 480px) 480px, (min-width: 481px) 700px, 100vw\" class=\"wp-image-267286\" title=\"Karlovy Vary\" alt=\"Historick\u00e1 budova v Karlov\u00fdch Varech.\" \/><\/span><\/a><\/div><\/div><\/div><div class=\"et_pb_row_3 et_pb_row et_block_row\"><div class=\"et_pb_column_5 et_pb_column et_pb_column_4_4 et-last-child et_block_column et_pb_css_mix_blend_mode_passthrough\"><div class=\"et_pb_heading_1 et_pb_heading et_pb_module et_block_module\"><div class=\"et_pb_heading_container\"><\/div><\/div><\/div><\/div><div class=\"et_pb_row_4 et_pb_row et_block_row\"><div class=\"et_pb_column_6 et_pb_column et_pb_column_4_4 et-last-child et_block_column et_pb_css_mix_blend_mode_passthrough\"><div class=\"et_pb_text_3 et_pb_text et_pb_bg_layout_light et_pb_module et_block_module\"><div class=\"et_pb_text_inner\"><div class=\"flex flex-grow flex-col max-w-full\">\n<div data-message-author-role=\"assistant\" data-message-id=\"ea929a76-195a-4ffb-ad2e-29783880f92d\" dir=\"auto\" class=\"min-h-[20px] text-message flex flex-col items-start whitespace-pre-wrap break-words [.text-message+&amp;]:mt-5 juice:w-full juice:items-end overflow-x-auto gap-2\">\n<div class=\"flex w-full flex-col gap-1 juice:empty:hidden juice:first:pt-[3px]\">\n<h2 class=\"markdown prose w-full break-words dark:prose-invert light\">Prohl\u00eddka Karlov\u00fdch Var\u016f p\u011b\u0161ky<\/h2>\n<p>&nbsp;<\/p>\n<p data-start=\"0\" data-end=\"189\">Mysl\u00edm, \u017ee nejlep\u0161\u00ed zp\u016fsob, jak poznat Karlovy Vary, je proj\u00edt m\u011bsto p\u011b\u0161ky od jednoho konce k druh\u00e9mu. To v\u00e1m umo\u017en\u00ed pln\u011b za\u017e\u00edt kouzlo m\u011bsta a prozkoumat jeho mnoho atrakc\u00ed vlastn\u00edm tempem.<\/p>\n<p data-start=\"191\" data-end=\"589\">Pokud p\u0159ijedete autem, m\u016f\u017eete zaparkovat pobl\u00ed\u017e <strong>Muzea Jana Bechera<\/strong>. Jedn\u00edm z vhodn\u00fdch m\u00edst je M\u011bstsk\u00e1 tr\u017enice, kde se nach\u00e1z\u00ed hypermarket Albert. Odtud hledejte velkou Becherovku, zn\u00e1mou dominantu, a za\u010dn\u011bte svou p\u011b\u0161\u00ed prohl\u00eddku. V t\u00e9to oblasti m\u016f\u017eete tak\u00e9 naj\u00edt parkov\u00e1n\u00ed zdarma na ulici, ale b\u011bhem letn\u00ed sez\u00f3ny, kdy je m\u011bsto ru\u0161n\u011bj\u0161\u00ed, m\u016f\u017ee b\u00fdt pot\u0159eba zaparkovat d\u00e1l, nap\u0159\u00edklad u magistr\u00e1tu m\u011bsta.<\/p>\n<p data-start=\"591\" data-end=\"1006\">Za\u010dn\u011bte proch\u00e1zku po ulici <strong>T.G. Masaryka sm\u011brem k Grandhotelu Ambassador<\/strong>. Tato ulice je lemov\u00e1na \u0159adou restaurac\u00ed a obchod\u016f, co\u017e je skv\u011bl\u00e1 p\u0159\u00edle\u017eitost ochutnat m\u00edstn\u00ed kuchyni a prohl\u00e9dnout si obchody. Jakmile doraz\u00edte k \u0159ece Tepl\u00e1, p\u0159ejd\u011bte ji a odbo\u010dte doprava. Projdete kolem hotelu Thermal, v\u00fdznamn\u00e9ho m\u00edsta kon\u00e1n\u00ed Mezin\u00e1rodn\u00edho filmov\u00e9ho festivalu Karlovy Vary, kter\u00e9 je b\u011bhem festivalu pln\u00e9 filmov\u00fdch nad\u0161enc\u016f.<\/p>\n<p data-start=\"1008\" data-end=\"1160\">Pokud preferujete pohodln\u011bj\u0161\u00ed parkov\u00e1n\u00ed, m\u016f\u017eete zaparkovat p\u0159\u00edmo u <strong>Hotelu Thermal za 2 \u20ac na hodinu<\/strong>, kde je k dispozici tak\u00e9 parkov\u00e1n\u00ed pro elektromobily.<\/p>\n<p data-start=\"1162\" data-end=\"1475\">Pokra\u010dujte v proch\u00e1zce a brzy doraz\u00edte do Dvo\u0159\u00e1kov\u00fdch sad\u016f. Vedle parku se nach\u00e1z\u00ed <strong>Sadov\u00e1 kolon\u00e1da<\/strong>, kr\u00e1sn\u00e1 litinov\u00e1 konstrukce, kde m\u016f\u017eete ochutnat n\u011bkter\u00e9 z proslul\u00fdch karlovarsk\u00fdch miner\u00e1ln\u00edch pramen\u016f. Kolon\u00e1dy jsou v\u00fdznamnou sou\u010d\u00e1st\u00ed l\u00e1ze\u0148sk\u00e9 kultury m\u011bsta a nab\u00edzej\u00ed n\u00e1v\u0161t\u011bvn\u00edk\u016fm mo\u017enost ochutnat l\u00e9\u010div\u00e9 vody.<\/p>\n<p data-start=\"1477\" data-end=\"1674\">D\u00e1le doraz\u00edte k <strong>Ml\u00fdnsk\u00e9 kolon\u00e1d\u011b<\/strong>, dal\u0161\u00ed ikonick\u00e9 stavb\u011b s n\u011bkolika hork\u00fdmi prameny. Tato kolon\u00e1da je v\u011bt\u0161\u00ed a py\u0161n\u00ed se velkolep\u00fdm architektonick\u00fdm stylem, co\u017e z n\u00ed \u010din\u00ed ide\u00e1ln\u00ed m\u00edsto pro fotografie.<\/p>\n<p data-start=\"1676\" data-end=\"1781\">Pokra\u010dujte kolem <strong>Z\u00e1meck\u00e9 kolon\u00e1dy a Tr\u017en\u00ed kolon\u00e1dy<\/strong>, kr\u00e1sn\u00e9 d\u0159ev\u011bn\u00e9 kolon\u00e1dy se t\u0159emi miner\u00e1ln\u00edmi prameny.<\/p>\n<p data-start=\"1783\" data-end=\"1958\">Dojdete k V\u0159\u00eddeln\u00ed kolon\u00e1d\u011b, kde se nach\u00e1z\u00ed nejv\u011bt\u0161\u00ed gejz\u00edr v Karlov\u00fdch Varech, kter\u00fd st\u0159\u00edk\u00e1 horkou miner\u00e1ln\u00ed vodu do vzduchu. Tento gejz\u00edr je jedn\u00edm z hlavn\u00edch l\u00e1kadel m\u011bsta.<\/p>\n<p data-start=\"1960\" data-end=\"2211\">Pokud chcete pokra\u010dovat ve sv\u00e9 proch\u00e1zce, vydejte se sm\u011brem k <strong>Grandhotelu Pupp<\/strong>, jednomu z nejluxusn\u011bj\u0161\u00edch a nejhistorit\u011bj\u0161\u00edch hotel\u016f v Karlov\u00fdch Varech. Odtud m\u016f\u017eete p\u0159ej\u00edt most a za\u010d\u00edt se vracet nebo pokra\u010dovat k <strong>rozhledn\u011b Diana<\/strong> pro \u00fachvatn\u00e9 v\u00fdhledy.<\/p>\n<p data-start=\"2213\" data-end=\"2487\">Hned vedle Grandhotelu Pupp najdete lanovku, kter\u00e1 v\u00e1s vyveze na rozhlednu Diana. J\u00edzda lanovkou nab\u00edz\u00ed kr\u00e1sn\u00fd v\u00fdhled na m\u011bsto a na vrcholu budete odm\u011bn\u011bni panoramatick\u00fdm v\u00fdhledem na Karlovy Vary. M\u016f\u017eete se vr\u00e1tit lanovkou zp\u011bt dol\u016f nebo si u\u017e\u00edt pohodovou proch\u00e1zku z kopce.<\/p>\n<p data-start=\"2489\" data-end=\"2537\" data-is-last-node=\"\" data-is-only-node=\"\">Upozor\u0148ujeme, \u017ee sestup nen\u00ed vhodn\u00fd pro ko\u010d\u00e1rky.<\/p>\n<\/div>\n<\/div>\n<\/div>\n<\/div><\/div><\/div><\/div><div class=\"et_pb_row_5 et_pb_row et_block_row\"><div class=\"et_pb_column_7 et_pb_column et_pb_column_1_2 et_block_column et_pb_css_mix_blend_mode_passthrough\"><div class=\"et_pb_code_0 et_pb_code et_pb_module\"><div class=\"et_pb_code_inner\"><iframe loading=\"lazy\" src=\"https:\/\/www.google.com\/maps\/d\/embed?mid=1getsOpKEos3aC3Sh1lnEWhFMINhdcKk&ehbc=2E312F\" width=\"640\" height=\"480\"><\/iframe><\/div><\/div><\/div><div class=\"et_pb_column_8 et_pb_column et_pb_column_1_2 et-last-child et_block_column et_pb_css_mix_blend_mode_passthrough\"><div class=\"et_pb_text_4 et_pb_text et_pb_bg_layout_light et_pb_module et_block_module\"><div class=\"et_pb_text_inner\"><p data-start=\"0\" data-end=\"210\">Tato interaktivn\u00ed mapa m\u00e1 dv\u011b vrstvy \u2013 modr\u00e1 \u010d\u00e1ra ozna\u010duje hlavn\u00ed trasu, kterou m\u016f\u017eete proj\u00edt klidn\u011b 100kr\u00e1t, a p\u0159esto v\u00e1s v\u00fdhled ohrom\u00ed i po 101. Druh\u00e1 vrstva v\u00e1m uk\u00e1\u017ee kl\u00ed\u010dov\u00e9 pam\u00e1tky, kter\u00e9 potk\u00e1te po cest\u011b.<\/p>\n<p data-start=\"212\" data-end=\"421\">Za\u010dn\u011bte u Hotelu Thermal a pokra\u010dujte a\u017e k Grandhotelu Pupp. Odtud m\u00e1te dv\u011b mo\u017enosti \u2013 bu\u010f se vyd\u00e1te lanovkou na rozhlednu Diana a u\u017eijete si n\u00e1dhern\u00e9 v\u00fdhledy, nebo p\u0159ejdete most a vyd\u00e1te se na zp\u00e1te\u010dn\u00ed cestu.<\/p>\n<p data-start=\"423\" data-end=\"570\">Po cest\u011b minete n\u011bkolik ikonick\u00fdch m\u00edst, jako je Parkov\u00e1 kolon\u00e1da, Ml\u00fdnsk\u00e1 kolon\u00e1da, Tr\u017en\u00ed kolon\u00e1da a V\u0159\u00eddeln\u00ed kolon\u00e1da, kde najdete slavn\u00fd gejz\u00edr.<\/p>\n<p data-start=\"572\" data-end=\"753\">Kdy\u017e doraz\u00edte k V\u0159\u00eddeln\u00ed kolon\u00e1d\u011b, doporu\u010duji se vydat sm\u011brem k Mozartov\u00fdm sad\u016fm, kter\u00e9 byly kdysi h\u0159bitovem. Odtud se v\u00e1m naskytne \u00fachvatn\u00fd pohled na Karlovy Vary a Term\u00e1ln\u00ed baz\u00e9n.<\/p>\n<p data-start=\"755\" data-end=\"876\" data-is-last-node=\"\" data-is-only-node=\"\">Pokud budete cht\u00edt, m\u016f\u017eete si z baz\u00e9nu vz\u00edt v\u00fdtah zp\u011bt dol\u016f do hotelu, kde se m\u016f\u017eete zastavit v kav\u00e1rn\u011b a vyu\u017e\u00edt toalety.<\/p>\n<\/div><\/div><\/div><\/div><div class=\"et_pb_row_6 et_pb_row et_block_row\"><div class=\"et_pb_column_9 et_pb_column et_pb_column_1_3 et_block_column et_pb_css_mix_blend_mode_passthrough\"><div class=\"et_pb_image_2 et_pb_image et_pb_module et_block_module\"><a href=\"https:\/\/www.jsltravels.com\/cs\/wp-content\/uploads\/2025\/08\/Hotel-Thermal.jpg\" class=\"et_pb_lightbox_image\" alt=\"Malebn\u00fd v\u00fdhled na \u017eiv\u00e9 m\u011bsto a okoln\u00ed kopce s baz\u00e9nem na st\u0159e\u0161e, kde se koupou lid\u00e9 a odpo\u010d\u00edvaj\u00ed na leh\u00e1tk\u00e1ch. Atmosf\u00e9ra je klidn\u00e1 a uvoln\u011bn\u00e1.\"><span class=\"et_pb_image_wrap\"><img loading=\"lazy\" decoding=\"async\" src=\"https:\/\/www.jsltravels.com\/cs\/wp-content\/uploads\/2025\/08\/Hotel-Thermal.jpg\" width=\"600\" height=\"800\" srcset=\"https:\/\/www.jsltravels.com\/cs\/wp-content\/uploads\/2025\/08\/Hotel-Thermal.jpg 600w, https:\/\/www.jsltravels.com\/cs\/wp-content\/uploads\/2025\/08\/Hotel-Thermal-480x640.jpg 480w\" sizes=\"(min-width: 0px) and (max-width: 480px) 480px, (min-width: 481px) 600px, 100vw\" class=\"wp-image-267285\" title=\"Hotel Thermal\" alt=\"Malebn\u00fd v\u00fdhled na \u017eiv\u00e9 m\u011bsto a okoln\u00ed kopce s baz\u00e9nem na st\u0159e\u0161e, kde se koupou lid\u00e9 a odpo\u010d\u00edvaj\u00ed na leh\u00e1tk\u00e1ch. Atmosf\u00e9ra je klidn\u00e1 a uvoln\u011bn\u00e1.\" \/><\/span><\/a><\/div><\/div><div class=\"et_pb_column_10 et_pb_column et_pb_column_1_3 et_block_column et_pb_css_mix_blend_mode_passthrough\"><div class=\"et_pb_image_3 et_pb_image et_pb_module et_block_module\"><a href=\"https:\/\/www.jsltravels.com\/cs\/wp-content\/uploads\/2025\/08\/Mraky.jpg\" class=\"et_pb_lightbox_image\" alt=\"V\u00fdhled z vrcholu kopce na m\u011bstskou scen\u00e9rii s pestr\u00fdmi historick\u00fdmi budovami pod dramatickou oblohou. V pop\u0159ed\u00ed je baz\u00e9n s lidmi a leh\u00e1tky rozestav\u011bn\u00fdmi na tr\u00e1vn\u00edku.\"><span class=\"et_pb_image_wrap\"><img loading=\"lazy\" decoding=\"async\" src=\"https:\/\/www.jsltravels.com\/cs\/wp-content\/uploads\/2025\/08\/Mraky.jpg\" width=\"600\" height=\"800\" srcset=\"https:\/\/www.jsltravels.com\/cs\/wp-content\/uploads\/2025\/08\/Mraky.jpg 600w, https:\/\/www.jsltravels.com\/cs\/wp-content\/uploads\/2025\/08\/Mraky-480x640.jpg 480w\" sizes=\"(min-width: 0px) and (max-width: 480px) 480px, (min-width: 481px) 600px, 100vw\" class=\"wp-image-267288\" title=\"Mraky\" alt=\"V\u00fdhled z vrcholu kopce na m\u011bstskou scen\u00e9rii s pestr\u00fdmi historick\u00fdmi budovami pod dramatickou oblohou. V pop\u0159ed\u00ed je baz\u00e9n s lidmi a leh\u00e1tky rozestav\u011bn\u00fdmi na tr\u00e1vn\u00edku.\" \/><\/span><\/a><\/div><\/div><div class=\"et_pb_column_11 et_pb_column et_pb_column_1_3 et-last-child et_block_column et_pb_css_mix_blend_mode_passthrough\"><div class=\"et_pb_image_4 et_pb_image et_pb_module et_block_module\"><a href=\"https:\/\/www.jsltravels.com\/cs\/wp-content\/uploads\/2025\/08\/Thermal-Bazen.jpg\" class=\"et_pb_lightbox_image\" alt=\"Obrazy vystaven\u00e9 na mal\u00ed\u0159sk\u00e9m stojanu u klidn\u00e9ho jez\u00edrka v parku, s podzimn\u00edmi listy rozeset\u00fdmi po zemi a stromy v pozad\u00ed.\"><span class=\"et_pb_image_wrap\"><img loading=\"lazy\" decoding=\"async\" src=\"https:\/\/www.jsltravels.com\/cs\/wp-content\/uploads\/2025\/08\/Thermal-Bazen.jpg\" width=\"600\" height=\"800\" srcset=\"https:\/\/www.jsltravels.com\/cs\/wp-content\/uploads\/2025\/08\/Thermal-Bazen.jpg 600w, https:\/\/www.jsltravels.com\/cs\/wp-content\/uploads\/2025\/08\/Thermal-Bazen-480x640.jpg 480w\" sizes=\"(min-width: 0px) and (max-width: 480px) 480px, (min-width: 481px) 600px, 100vw\" class=\"wp-image-267291\" title=\"Thermal Bazen\" alt=\"Obrazy vystaven\u00e9 na mal\u00ed\u0159sk\u00e9m stojanu u klidn\u00e9ho jez\u00edrka v parku, s podzimn\u00edmi listy rozeset\u00fdmi po zemi a stromy v pozad\u00ed.\" \/><\/span><\/a><\/div><\/div><\/div><div class=\"et_pb_row_7 et_pb_row et_block_row\"><div class=\"et_pb_column_12 et_pb_column et_pb_column_1_3 et_block_column et_pb_css_mix_blend_mode_passthrough\"><div class=\"et_pb_image_5 et_pb_image et_pb_module et_block_module\"><a href=\"https:\/\/www.jsltravels.com\/cs\/wp-content\/uploads\/2025\/08\/Park-Kralovy-Vary.jpg\" class=\"et_pb_lightbox_image\" alt=\"Ru\u0161n\u00e1 ulice v evropsk\u00e9m m\u011bst\u011b p\u0159i z\u00e1padu slunce, s bohat\u011b zdoben\u00fdmi b\u00edl\u00fdmi budovami vlevo a barevn\u00fdmi stavbami vpravo, vytv\u00e1\u0159ej\u00edc\u00edmi \u017eivou a pulzuj\u00edc\u00ed atmosf\u00e9ru.\"><span class=\"et_pb_image_wrap\"><img loading=\"lazy\" decoding=\"async\" src=\"https:\/\/www.jsltravels.com\/cs\/wp-content\/uploads\/2025\/08\/Park-Kralovy-Vary.jpg\" width=\"600\" height=\"800\" srcset=\"https:\/\/www.jsltravels.com\/cs\/wp-content\/uploads\/2025\/08\/Park-Kralovy-Vary.jpg 600w, https:\/\/www.jsltravels.com\/cs\/wp-content\/uploads\/2025\/08\/Park-Kralovy-Vary-480x640.jpg 480w\" sizes=\"(min-width: 0px) and (max-width: 480px) 480px, (min-width: 481px) 600px, 100vw\" class=\"wp-image-267289\" title=\"Park Kralovy Vary\" alt=\"Ru\u0161n\u00e1 ulice v evropsk\u00e9m m\u011bst\u011b p\u0159i z\u00e1padu slunce, s bohat\u011b zdoben\u00fdmi b\u00edl\u00fdmi budovami vlevo a barevn\u00fdmi stavbami vpravo, vytv\u00e1\u0159ej\u00edc\u00edmi \u017eivou a pulzuj\u00edc\u00ed atmosf\u00e9ru.\" \/><\/span><\/a><\/div><\/div><div class=\"et_pb_column_13 et_pb_column et_pb_column_1_3 et_block_column et_pb_css_mix_blend_mode_passthrough\"><div class=\"et_pb_image_6 et_pb_image et_pb_module et_block_module\"><a href=\"https:\/\/www.jsltravels.com\/cs\/wp-content\/uploads\/2025\/08\/Charlie-Chaplin.jpg\" class=\"et_pb_lightbox_image\" alt=\"Mu\u017e v retro kost\u00fdmu Charlieho Chaplina s kn\u00edrkem a bu\u0159inkou stoj\u00ed venku u ru\u010dn\u00ed hrac\u00ed sk\u0159\u00ed\u0148ky. Vesele m\u00e1v\u00e1 a p\u016fsob\u00ed radostn\u00fdm dojmem.\"><span class=\"et_pb_image_wrap\"><img loading=\"lazy\" decoding=\"async\" src=\"https:\/\/www.jsltravels.com\/cs\/wp-content\/uploads\/2025\/08\/Charlie-Chaplin.jpg\" width=\"600\" height=\"800\" srcset=\"https:\/\/www.jsltravels.com\/cs\/wp-content\/uploads\/2025\/08\/Charlie-Chaplin.jpg 600w, https:\/\/www.jsltravels.com\/cs\/wp-content\/uploads\/2025\/08\/Charlie-Chaplin-480x640.jpg 480w\" sizes=\"(min-width: 0px) and (max-width: 480px) 480px, (min-width: 481px) 600px, 100vw\" class=\"wp-image-267284\" title=\"Charlie Chaplin\" alt=\"Mu\u017e v retro kost\u00fdmu Charlieho Chaplina s kn\u00edrkem a bu\u0159inkou stoj\u00ed venku u ru\u010dn\u00ed hrac\u00ed sk\u0159\u00ed\u0148ky. Vesele m\u00e1v\u00e1 a p\u016fsob\u00ed radostn\u00fdm dojmem.\" \/><\/span><\/a><\/div><\/div><div class=\"et_pb_column_14 et_pb_column et_pb_column_1_3 et-last-child et_block_column et_pb_css_mix_blend_mode_passthrough\"><div class=\"et_pb_image_7 et_pb_image et_pb_module et_block_module\"><a href=\"https:\/\/www.jsltravels.com\/cs\/wp-content\/uploads\/2025\/08\/Soumrak-Karlovy-Vary.jpg\" class=\"et_pb_lightbox_image\" alt=\"Leteck\u00fd pohled na bujn\u00fd zelen\u00fd les obklopuj\u00edc\u00ed mal\u00e9 m\u011bsto s shlukem budov, pod nebem pln\u00fdm velk\u00fdch, dramatick\u00fdch mrak\u016f. Sc\u00e9na vyza\u0159uje klid.\"><span class=\"et_pb_image_wrap\"><img loading=\"lazy\" decoding=\"async\" src=\"https:\/\/www.jsltravels.com\/cs\/wp-content\/uploads\/2025\/08\/Soumrak-Karlovy-Vary.jpg\" width=\"600\" height=\"800\" srcset=\"https:\/\/www.jsltravels.com\/cs\/wp-content\/uploads\/2025\/08\/Soumrak-Karlovy-Vary.jpg 600w, https:\/\/www.jsltravels.com\/cs\/wp-content\/uploads\/2025\/08\/Soumrak-Karlovy-Vary-480x640.jpg 480w\" sizes=\"(min-width: 0px) and (max-width: 480px) 480px, (min-width: 481px) 600px, 100vw\" class=\"wp-image-267290\" title=\"Soumrak Karlovy Vary\" alt=\"Leteck\u00fd pohled na bujn\u00fd zelen\u00fd les obklopuj\u00edc\u00ed mal\u00e9 m\u011bsto s shlukem budov, pod nebem pln\u00fdm velk\u00fdch, dramatick\u00fdch mrak\u016f. Sc\u00e9na vyza\u0159uje klid.\" \/><\/span><\/a><\/div><\/div><\/div><div class=\"et_pb_row_8 et_pb_row et_block_row\"><div class=\"et_pb_column_15 et_pb_column et_pb_column_4_4 et-last-child et_block_column et_pb_css_mix_blend_mode_passthrough\"><div class=\"et_pb_text_5 et_pb_text et_pb_bg_layout_light et_pb_module et_block_module\"><div class=\"et_pb_text_inner\"><h2 style=\"text-align: center;\">Hork\u00e9 prameny a l\u00e1zn\u011b<\/h2>\n<div dir=\"ltr\" style=\"text-align: center;\">\n<p>&nbsp;<\/p>\n<\/div>\n<\/div><\/div><\/div><\/div><div class=\"et_pb_row_9 et_pb_row et_block_row\"><div class=\"et_pb_column_16 et_pb_column et_pb_column_4_4 et-last-child et_block_column et_pb_css_mix_blend_mode_passthrough\"><div class=\"et_pb_blurb_0 et_pb_blurb et_pb_bg_layout_light et_pb_blurb_position_left et_pb_module et_block_module\"><div class=\"et_pb_blurb_content\"><div class=\"et_pb_main_blurb_image\"><span class=\"et_pb_image_wrap\"><span class=\"et-pb-icon\">\ue031<\/span><\/span><\/div><div class=\"et_pb_blurb_container\"><div class=\"et_pb_blurb_description\"><div class=\"flex-shrink-0 flex flex-col relative items-end\">\n<div>\n<div class=\"pt-0.5 juice:pt-0\">\n<div class=\"gizmo-bot-avatar flex h-6 w-6 items-center justify-center overflow-hidden rounded-full juice:h-8 juice:w-8\"><\/div>\n<\/div>\n<\/div>\n<\/div>\n<div class=\"group\/conversation-turn relative flex w-full min-w-0 flex-col agent-turn\">\n<div class=\"flex-col gap-1 md:gap-3\">\n<div class=\"flex flex-grow flex-col max-w-full\">\n<div data-message-author-role=\"assistant\" data-message-id=\"f8e21803-6382-4045-9369-643deebe5a82\" dir=\"auto\" class=\"min-h-[20px] text-message flex flex-col items-start whitespace-pre-wrap break-words [.text-message+&amp;]:mt-5 juice:w-full juice:items-end overflow-x-auto gap-2\">\n<div class=\"flex w-full flex-col gap-1 juice:empty:hidden juice:first:pt-[3px]\">\n<div class=\"markdown prose w-full break-words dark:prose-invert light\">\n<p><strong>Kolon\u00e1dy term\u00e1ln\u00edch pramen\u016f<\/strong><\/p>\n<p><strong><\/strong><\/p>\n<\/div>\n<\/div>\n<\/div>\n<\/div>\n<\/div>\n<\/div>\n<p><strong>Ml\u00fdnsk\u00e1 kolon\u00e1da:<\/strong> Obsahuje p\u011bt pramen\u016f, ka\u017ed\u00fd s jin\u00fdm obsahem miner\u00e1l\u016f a teplotou.<br \/><strong>Tr\u017en\u00ed kolon\u00e1da:<\/strong> Kr\u00e1sn\u00e1 d\u0159ev\u011bn\u00e1 kolon\u00e1da se t\u0159emi prameny.<br \/><strong>Sadov\u00e1 kolon\u00e1da:<\/strong> Elegantn\u00ed stavba, kter\u00e1 ukr\u00fdv\u00e1 Had\u00ed pramen.<br \/><strong>Z\u00e1meck\u00e1 kolon\u00e1da:<\/strong> Byla p\u0159em\u011bn\u011bna na Z\u00e1meck\u00e9 l\u00e1zn\u011b.<br \/><strong>V\u0159\u00eddeln\u00ed kolon\u00e1da:<\/strong> Nejzn\u00e1m\u011bj\u0161\u00ed miner\u00e1ln\u00ed pramen (gejz\u00edr).<\/p>\n<p>L\u00e1ze\u0148sk\u00fd poh\u00e1rek je porcel\u00e1nov\u00e1 n\u00e1doba ur\u010den\u00e1 k pit\u00ed miner\u00e1ln\u00ed vody z pramen\u016f v l\u00e1zn\u00edch, kterou si m\u016f\u017eete zakoupit ve st\u00e1nc\u00edch po cel\u00fdch Karlov\u00fdch Varech.<\/p>\n<\/div><\/div><\/div><\/div><div class=\"et_pb_blurb_1 et_pb_blurb et_pb_bg_layout_light et_pb_blurb_position_left et_pb_module et_block_module\"><div class=\"et_pb_blurb_content\"><div class=\"et_pb_main_blurb_image\"><span class=\"et_pb_image_wrap\"><span class=\"et-pb-icon\">\ue031<\/span><\/span><\/div><div class=\"et_pb_blurb_container\"><div class=\"et_pb_blurb_description\"><p><strong>L\u00e1ze\u0148sk\u00e9 hotely<\/strong><\/p>\n<p><strong><a href=\"https:\/\/booking.tp.st\/hIkohrKt\" target=\"_blank\" rel=\"noopener\">Grandhotel Pupp<\/a>:<\/strong> Historick\u00fd luxusn\u00ed hotel nab\u00edzej\u00edc\u00ed \u0159adu l\u00e1ze\u0148sk\u00fdch procedur.<br \/><strong><a href=\"https:\/\/booking.tp.st\/aJvmxAlL\" target=\"_blank\" rel=\"noopener\">Hotel Imperial<\/a>:<\/strong> Zn\u00e1m\u00fd svou polohou na vrcholu kopce a komplexn\u00edmi l\u00e1ze\u0148sk\u00fdmi slu\u017ebami.<br \/><strong><a href=\"https:\/\/booking.tp.st\/axPVUuhL\" target=\"_blank\" rel=\"noopener\">Hotel Thermal<\/a>:<\/strong> Nab\u00edz\u00ed jedine\u010dn\u00fd venkovn\u00ed term\u00e1ln\u00ed baz\u00e9n.<\/p>\n<\/div><\/div><\/div><\/div><div class=\"et_pb_text_6 et_pb_text et_pb_bg_layout_light et_pb_module et_block_module\"><\/div><\/div><\/div><div class=\"et_pb_row_10 et_pb_row et_block_row\"><div class=\"et_pb_column_17 et_pb_column et_pb_column_1_2 et_block_column et_pb_css_mix_blend_mode_passthrough\"><div class=\"et_pb_image_8 et_pb_image et_pb_module et_block_module\"><a href=\"https:\/\/www.jsltravels.com\/cs\/wp-content\/uploads\/2025\/08\/Mill-Col-KV.jpg\" class=\"et_pb_lightbox_image\" alt=\"\u017dena v barevn\u00e9m svetru dr\u017e\u00ed d\u00edt\u011b a stoj\u00ed v mramorov\u00e9 chodb\u011b s kolon\u00e1dou. Oba vypadaj\u00ed \u0161\u0165astn\u011b, p\u0159i\u010dem\u017e venku je vid\u011bt bujn\u00e1 zele\u0148.\"><span class=\"et_pb_image_wrap\"><img loading=\"lazy\" decoding=\"async\" src=\"https:\/\/www.jsltravels.com\/cs\/wp-content\/uploads\/2025\/08\/Mill-Col-KV.jpg\" width=\"800\" height=\"600\" srcset=\"https:\/\/www.jsltravels.com\/cs\/wp-content\/uploads\/2025\/08\/Mill-Col-KV.jpg 800w, https:\/\/www.jsltravels.com\/cs\/wp-content\/uploads\/2025\/08\/Mill-Col-KV-480x360.jpg 480w\" sizes=\"(min-width: 0px) and (max-width: 480px) 480px, (min-width: 481px) 800px, 100vw\" class=\"wp-image-267302\" title=\"Mill Col KV\" alt=\"\u017dena v barevn\u00e9m svetru dr\u017e\u00ed d\u00edt\u011b a stoj\u00ed v mramorov\u00e9 chodb\u011b s kolon\u00e1dou. Oba vypadaj\u00ed \u0161\u0165astn\u011b, p\u0159i\u010dem\u017e venku je vid\u011bt bujn\u00e1 zele\u0148.\" \/><\/span><\/a><\/div><\/div><div class=\"et_pb_column_18 et_pb_column et_pb_column_1_2 et-last-child et_block_column et_pb_css_mix_blend_mode_passthrough\"><div class=\"et_pb_image_9 et_pb_image et_pb_module et_block_module\"><a href=\"https:\/\/www.jsltravels.com\/cs\/wp-content\/uploads\/2025\/08\/Hotel-Pupp.jpg\" class=\"et_pb_lightbox_image\" alt=\"Elegantn\u00ed historick\u00e1 budova s vysok\u00fdmi okny a balkony stoj\u00ed u \u0159eky. V centr\u00e1ln\u00ed \u010d\u00e1sti font\u00e1na vyr\u016fst\u00e1 z vody, obklopena bujnou zelen\u00ed.\"><span class=\"et_pb_image_wrap\"><img loading=\"lazy\" decoding=\"async\" src=\"https:\/\/www.jsltravels.com\/cs\/wp-content\/uploads\/2025\/08\/Hotel-Pupp.jpg\" width=\"800\" height=\"600\" srcset=\"https:\/\/www.jsltravels.com\/cs\/wp-content\/uploads\/2025\/08\/Hotel-Pupp.jpg 800w, https:\/\/www.jsltravels.com\/cs\/wp-content\/uploads\/2025\/08\/Hotel-Pupp-480x360.jpg 480w\" sizes=\"(min-width: 0px) and (max-width: 480px) 480px, (min-width: 481px) 800px, 100vw\" class=\"wp-image-267301\" title=\"Hotel Pupp\" alt=\"Elegantn\u00ed historick\u00e1 budova s vysok\u00fdmi okny a balkony stoj\u00ed u \u0159eky. V centr\u00e1ln\u00ed \u010d\u00e1sti font\u00e1na vyr\u016fst\u00e1 z vody, obklopena bujnou zelen\u00ed.\" \/><\/span><\/a><\/div><\/div><\/div><div class=\"et_pb_row_11 et_pb_row et_block_row\"><div class=\"et_pb_column_19 et_pb_column et_pb_column_4_4 et-last-child et_block_column et_pb_css_mix_blend_mode_passthrough\"><div class=\"et_pb_text_7 et_pb_text et_pb_bg_layout_light et_pb_module et_block_module\"><div class=\"et_pb_text_inner\"><h2 dir=\"ltr\" style=\"text-align: center;\">Dal\u0161\u00ed aktivity<\/h2>\n<h3 style=\"text-align: center;\"><\/h3>\n<\/div><\/div><\/div><\/div><div class=\"et_pb_row_12 et_pb_row et_block_row\"><div class=\"et_pb_column_20 et_pb_column et_pb_column_4_4 et-last-child et_block_column et_pb_css_mix_blend_mode_passthrough\"><div class=\"et_pb_blurb_2 et_pb_blurb et_pb_bg_layout_light et_pb_blurb_position_left et_pb_module et_block_module\"><div class=\"et_pb_blurb_content\"><div class=\"et_pb_main_blurb_image\"><span class=\"et_pb_image_wrap\"><span class=\"et-pb-icon\">\ue031<\/span><\/span><\/div><div class=\"et_pb_blurb_container\"><div class=\"et_pb_blurb_description\"><p><strong>Architektura<\/strong><\/p>\n<p><strong><\/strong><\/p>\n<ul>\n<li><strong><a href=\"https:\/\/dianakv.cz\/cs\" target=\"_blank\" rel=\"noopener\">Rozhledna Diana<\/a>:<\/strong> Nab\u00edz\u00ed panoramatick\u00e9 v\u00fdhledy na m\u011bsto a okoln\u00ed lesy. Je p\u0159\u00edstupn\u00e1 lanovkou nebo malebnou t\u00farou.<\/li>\n<li><strong><a href=\"https:\/\/www.karlovyvary.cz\/cs\/kostel-sv-mari-magdaleny\" target=\"_blank\" rel=\"noopener\">Kostel svat\u00e9 Ma\u0159\u00ed Magdal\u00e9ny<\/a>:<\/strong> Barokn\u00ed kostel pobl\u00ed\u017e centra m\u011bsta.<\/li>\n<li>\n<div class=\"flex flex-grow flex-col max-w-full\">\n<div data-message-author-role=\"assistant\" data-message-id=\"f3df2f38-19fb-4f13-b46d-80004a33588c\" dir=\"auto\" class=\"min-h-[20px] text-message flex flex-col items-start whitespace-pre-wrap break-words [.text-message+&amp;]:mt-5 juice:w-full juice:items-end overflow-x-auto gap-2\">\n<div class=\"flex w-full flex-col gap-1 juice:empty:hidden juice:first:pt-[3px]\">\n<div class=\"markdown prose w-full break-words dark:prose-invert light\">\n<p><strong><a href=\"https:\/\/www.karlovyvary.cz\/cs\/pravoslavny-kostel-sv-petra-pavla-0\" target=\"_blank\" rel=\"noopener\">Pravoslavn\u00fd kostel svat\u00fdch Petra a Pavla<\/a>:<\/strong> Zn\u00e1m\u00fd sv\u00fdmi barevn\u00fdmi cibulovit\u00fdmi kupolemi.<\/p>\n<\/div>\n<\/div>\n<\/div>\n<\/div>\n<div class=\"mt-1 flex gap-3 empty:hidden juice:-ml-3\">\n<div class=\"items-center justify-start rounded-xl p-1 flex\"><\/div>\n<\/div>\n<\/li>\n<\/ul>\n<\/div><\/div><\/div><\/div><div class=\"et_pb_blurb_3 et_pb_blurb et_pb_bg_layout_light et_pb_blurb_position_left et_pb_module et_block_module\"><div class=\"et_pb_blurb_content\"><div class=\"et_pb_main_blurb_image\"><span class=\"et_pb_image_wrap\"><span class=\"et-pb-icon\">\ue031<\/span><\/span><\/div><div class=\"et_pb_blurb_container\"><div class=\"et_pb_blurb_description\"><p><strong>Kulturn\u00ed z\u00e1\u017eitky<\/strong><\/p>\n<p><strong><\/strong><\/p>\n<ul>\n<li><strong><a href=\"https:\/\/www.kviff.com\/cs\/uvod\" target=\"_blank\" rel=\"noopener\">Mezin\u00e1rodn\u00ed filmov\u00fd festival Karlovy Vary<\/a>:<\/strong> Jedn\u00edm z nejstar\u0161\u00edch filmov\u00fdch festival\u016f na sv\u011bt\u011b, konan\u00fd ka\u017edoro\u010dn\u011b v \u010dervenci.<\/li>\n<li>\n<p class=\"LC20lb MBeuO DKV0Md\"><strong><a href=\"https:\/\/www.moser.com\/cs?utm_id=21161187784&amp;gad_source=1&amp;gclid=Cj0KCQiA1p28BhCBARIsADP9HrMbuISFFxIipGc6oRPYAvgs_G2i77TruMkOASMSy1Q_Oc2eAP5Bi90aAo4DEALw_wcB&amp;utm_campaign=%5BG%5D_%5BMAX%5D_240404_ALL_CSR_CR&amp;utm_source=google&amp;utm_medium=cpc\" target=\"_blank\" rel=\"noopener\">Ru\u010dn\u00ed skl\u00e1\u0159sk\u00e1 v\u00fdroba Moser<\/a>:<\/strong> Nav\u0161tivte tov\u00e1rnu a pod\u00edvejte se, jak se vyr\u00e1b\u00ed slavn\u00e9 \u010desk\u00e9 k\u0159i\u0161\u0165\u00e1lov\u00e9 sklo.<\/p>\n<\/li>\n<li><strong><a href=\"https:\/\/jsltravels.com\/cs\/vanocni-dum-v-karlovych-varech\/\" target=\"_blank\" rel=\"noopener\">V\u00e1no\u010dn\u00ed d\u016fm<\/a><\/strong>: V Karlov\u00fdch Varech m\u016f\u017eete sbalit v\u00e1no\u010dn\u00ed dekorace doma a p\u0159esto si u\u017e\u00edt v\u00e1no\u010dn\u00ed atmosf\u00e9ru, kdykoliv si budete p\u0159\u00e1t!<\/li>\n<\/ul>\n<\/div><\/div><\/div><\/div><div class=\"et_pb_blurb_4 et_pb_blurb et_pb_bg_layout_light et_pb_blurb_position_left et_pb_module et_block_module\"><div class=\"et_pb_blurb_content\"><div class=\"et_pb_main_blurb_image\"><span class=\"et_pb_image_wrap\"><span class=\"et-pb-icon\">\ue031<\/span><\/span><\/div><div class=\"et_pb_blurb_container\"><div class=\"et_pb_blurb_description\"><p><strong>Venkovn\u00ed aktivity<\/strong><\/p>\n<p><strong><\/strong><\/p>\n<ul>\n<li><strong>Turistika a proch\u00e1zky:<\/strong> Je tu mnoho tras v okoln\u00edch les\u00edch a kopc\u00edch.<\/li>\n<li><strong><a href=\"https:\/\/www.golfresort.cz\/cs\" target=\"_blank\" rel=\"noopener\">Golf<\/a>:<\/strong> Golfov\u00fd resort je jedn\u00edm z nejstar\u0161\u00edch v \u010cesk\u00e9 republice.<\/li>\n<\/ul>\n<\/div><\/div><\/div><\/div><div class=\"et_pb_blurb_5 et_pb_blurb et_pb_bg_layout_light et_pb_blurb_position_left et_pb_module et_block_module\"><div class=\"et_pb_blurb_content\"><div class=\"et_pb_main_blurb_image\"><span class=\"et_pb_image_wrap\"><span class=\"et-pb-icon\">\ue031<\/span><\/span><\/div><div class=\"et_pb_blurb_container\"><div class=\"et_pb_blurb_description\"><p><strong>Muzea<\/strong><\/p>\n<p><strong><\/strong><\/p>\n<ul>\n<li><strong><a href=\"https:\/\/kvmuz.cz\/\" target=\"_blank\" rel=\"noopener\">Muzeum Karlovy Vary<\/a>:<\/strong> Nab\u00edz\u00ed pohled do historie m\u011bsta a jeho l\u00e1ze\u0148sk\u00e9 kultury.<\/li>\n<li><strong><a href=\"https:\/\/www.becherovka.com\/navstivte-nas\/\" target=\"_blank\" rel=\"noopener\">Muzeum Jana Bechera<\/a>:<\/strong> Nahl\u00e9dn\u011bte do historie ikonick\u00e9ho \u010desk\u00e9ho lik\u00e9ru skrze jedine\u010dn\u00e9 p\u0159edm\u011bty, historick\u00e9 lahve, interaktivn\u00ed expozici a virtu\u00e1ln\u00ed realitu. Ka\u017ed\u00e1 n\u00e1v\u0161t\u011bva je zakon\u010dena ochutn\u00e1vkou produkt\u016f.<\/li>\n<\/ul>\n<\/div><\/div><\/div><\/div><\/div><\/div><div class=\"et_pb_row_13 et_pb_row et_block_row\"><div class=\"et_pb_column_21 et_pb_column et_pb_column_4_4 et-last-child et_block_column et_pb_css_mix_blend_mode_passthrough\"><div class=\"et_pb_text_8 et_pb_text et_pb_bg_layout_light et_pb_module et_block_module\"><div class=\"et_pb_text_inner\"><h2 dir=\"ltr\" style=\"text-align: center;\">Pot\u0159ebujete auto v Karlov\u00fdch Varech?<\/h2>\n<h3 style=\"text-align: center;\"><\/h3>\n<\/div><\/div><div class=\"et_pb_text_9 et_pb_text et_pb_bg_layout_light et_pb_module et_block_module\"><div class=\"et_pb_text_inner\"><p style=\"text-align: center;\">Ne, auto v Karlov\u00fdch Varech nepot\u0159ebujete. M\u011bsto je relativn\u011b mal\u00e9 a v\u011bt\u0161ina atrakc\u00ed je v dostupn\u00e9 vzd\u00e1lenosti. Nav\u00edc m\u00e1j\u00ed Karlovy Vary dob\u0159e vyvinut\u00fd syst\u00e9m ve\u0159ejn\u00e9 dopravy v\u010detn\u011b autobus\u016f a taxi, kter\u00e9 jsou pohodln\u00e9 a cenov\u011b dostupn\u00e9 pro pohyb po m\u011bst\u011b. Mnoho malebn\u00fdch m\u00edst, l\u00e1ze\u0148sk\u00fdch za\u0159\u00edzen\u00ed a kulturn\u00edch pam\u00e1tek je snadno dostupn\u00fdch p\u011b\u0161ky nebo ve\u0159ejnou dopravou. Nicm\u00e9n\u011b, pokud pl\u00e1nujete prozkoumat okoln\u00ed krajinu nebo bl\u00edzk\u00e1 m\u011bsta, m\u016f\u017ee b\u00fdt v\u00fdhodn\u00e9 si <a href=\"https:\/\/rentalcars.tp.st\/2tvWugZd\" target=\"_blank\" rel=\"noopener\">pronajmout auto<\/a>.<\/p>\n<\/div><\/div><\/div><\/div><div class=\"et_pb_row_14 et_pb_row et_block_row\"><div class=\"et_pb_column_22 et_pb_column et_pb_column_1_3 et_block_column et_pb_css_mix_blend_mode_passthrough\"><div class=\"et_pb_image_10 et_pb_image et_pb_module et_block_module\"><a href=\"https:\/\/www.jsltravels.com\/cs\/wp-content\/uploads\/2025\/08\/Obrazy.jpg\" class=\"et_pb_lightbox_image\" alt=\"Velk\u00e1 b\u00edl\u00e1 socha s n\u00e1pisem \u201eI \u2665 VARY\u201c stoj\u00ed p\u0159ed barevn\u00fdmi historick\u00fdmi budovami. Palmy lemuj\u00ed kamennou ulici pod zata\u017eenou oblohou.\"><span class=\"et_pb_image_wrap\"><img loading=\"lazy\" decoding=\"async\" src=\"https:\/\/www.jsltravels.com\/cs\/wp-content\/uploads\/2025\/08\/Obrazy.jpg\" width=\"600\" height=\"800\" srcset=\"https:\/\/www.jsltravels.com\/cs\/wp-content\/uploads\/2025\/08\/Obrazy.jpg 600w, https:\/\/www.jsltravels.com\/cs\/wp-content\/uploads\/2025\/08\/Obrazy-480x640.jpg 480w\" sizes=\"(min-width: 0px) and (max-width: 480px) 480px, (min-width: 481px) 600px, 100vw\" class=\"wp-image-267305\" title=\"Obrazy\" alt=\"Velk\u00e1 b\u00edl\u00e1 socha s n\u00e1pisem \u201eI \u2665 VARY\u201c stoj\u00ed p\u0159ed barevn\u00fdmi historick\u00fdmi budovami. Palmy lemuj\u00ed kamennou ulici pod zata\u017eenou oblohou.\" \/><\/span><\/a><\/div><\/div><div class=\"et_pb_column_23 et_pb_column et_pb_column_1_3 et_block_column et_pb_css_mix_blend_mode_passthrough\"><div class=\"et_pb_image_11 et_pb_image et_pb_module et_block_module\"><a href=\"https:\/\/www.jsltravels.com\/cs\/wp-content\/uploads\/2025\/08\/Sadova-Kolonada.jpg\" class=\"et_pb_lightbox_image\" alt=\"Ozdoben\u00e1 viktori\u00e1nsk\u00e1 chodba s b\u00edl\u00fdmi oblouky a slo\u017eit\u00fdmi detaily. Je lemov\u00e1na lampami a vede do bujn\u00e9 zahrady vlevo a k budov\u011b vpravo.\"><span class=\"et_pb_image_wrap\"><img loading=\"lazy\" decoding=\"async\" src=\"https:\/\/www.jsltravels.com\/cs\/wp-content\/uploads\/2025\/08\/Sadova-Kolonada.jpg\" width=\"600\" height=\"800\" srcset=\"https:\/\/www.jsltravels.com\/cs\/wp-content\/uploads\/2025\/08\/Sadova-Kolonada.jpg 600w, https:\/\/www.jsltravels.com\/cs\/wp-content\/uploads\/2025\/08\/Sadova-Kolonada-480x640.jpg 480w\" sizes=\"(min-width: 0px) and (max-width: 480px) 480px, (min-width: 481px) 600px, 100vw\" class=\"wp-image-267304\" title=\"Sadova Kolonada\" alt=\"Ozdoben\u00e1 viktori\u00e1nsk\u00e1 chodba s b\u00edl\u00fdmi oblouky a slo\u017eit\u00fdmi detaily. Je lemov\u00e1na lampami a vede do bujn\u00e9 zahrady vlevo a k budov\u011b vpravo.\" \/><\/span><\/a><\/div><\/div><div class=\"et_pb_column_24 et_pb_column et_pb_column_1_3 et-last-child et_block_column et_pb_css_mix_blend_mode_passthrough\"><div class=\"et_pb_image_12 et_pb_image et_pb_module et_block_module\"><a href=\"https:\/\/www.jsltravels.com\/cs\/wp-content\/uploads\/2025\/08\/I-Love-Vary.jpg\" class=\"et_pb_lightbox_image\" alt=\"\u017dena v \u0161ed\u00e9m kab\u00e1tu sed\u00ed na b\u00edl\u00e9 lavici v parku a usm\u00edv\u00e1 se. Za n\u00ed je \u017eiv\u011b \u010derven\u00fd strom, s podzimn\u00edmi listy rozeset\u00fdmi po tr\u00e1vn\u00edku, co\u017e vytv\u00e1\u0159\u00ed klidnou, barevnou scen\u00e9rii.\"><span class=\"et_pb_image_wrap\"><img loading=\"lazy\" decoding=\"async\" src=\"https:\/\/www.jsltravels.com\/cs\/wp-content\/uploads\/2025\/08\/I-Love-Vary.jpg\" width=\"600\" height=\"800\" srcset=\"https:\/\/www.jsltravels.com\/cs\/wp-content\/uploads\/2025\/08\/I-Love-Vary.jpg 600w, https:\/\/www.jsltravels.com\/cs\/wp-content\/uploads\/2025\/08\/I-Love-Vary-480x640.jpg 480w\" sizes=\"(min-width: 0px) and (max-width: 480px) 480px, (min-width: 481px) 600px, 100vw\" class=\"wp-image-267303\" title=\"I Love Vary\" alt=\"\u017dena v \u0161ed\u00e9m kab\u00e1tu sed\u00ed na b\u00edl\u00e9 lavici v parku a usm\u00edv\u00e1 se. Za n\u00ed je \u017eiv\u011b \u010derven\u00fd strom, s podzimn\u00edmi listy rozeset\u00fdmi po tr\u00e1vn\u00edku, co\u017e vytv\u00e1\u0159\u00ed klidnou, barevnou scen\u00e9rii.\" \/><\/span><\/a><\/div><\/div><\/div><div class=\"et_pb_row_15 et_pb_row et_block_row\"><div class=\"et_pb_column_25 et_pb_column et_pb_column_4_4 et-last-child et_block_column et_pb_css_mix_blend_mode_passthrough\"><div class=\"et_pb_text_10 et_pb_text et_pb_bg_layout_light et_pb_module et_block_module\"><div class=\"et_pb_text_inner\"><div class=\"flex flex-grow flex-col max-w-full\">\n<div data-message-author-role=\"assistant\" data-message-id=\"7f1a0184-e47c-4006-ae09-2369b7e1e205\" dir=\"auto\" class=\"min-h-[20px] text-message flex flex-col items-start whitespace-pre-wrap break-words [.text-message+&amp;]:mt-5 juice:w-full juice:items-end overflow-x-auto gap-2\">\n<div class=\"flex w-full flex-col gap-1 juice:empty:hidden juice:first:pt-[3px]\">\n<div class=\"markdown prose w-full break-words dark:prose-invert light\">\n<div class=\"flex flex-grow flex-col max-w-full\">\n<div data-message-author-role=\"assistant\" data-message-id=\"7f1a0184-e47c-4006-ae09-2369b7e1e205\" dir=\"auto\" class=\"min-h-[20px] text-message flex flex-col items-start whitespace-pre-wrap break-words [.text-message+&amp;]:mt-5 juice:w-full juice:items-end overflow-x-auto gap-2\">\n<div class=\"flex w-full flex-col gap-1 juice:empty:hidden juice:first:pt-[3px]\">\n<div class=\"markdown prose w-full break-words dark:prose-invert light\">\n<h2 style=\"text-align: center;\">Karlovy Vary REGION CARD<\/h2>\n<\/div>\n<\/div>\n<\/div>\n<\/div>\n<\/div>\n<\/div>\n<\/div>\n<\/div>\n<\/div><\/div><div class=\"et_pb_text_11 et_pb_text et_pb_bg_layout_light et_pb_module et_block_module\"><div class=\"et_pb_text_inner\"><p style=\"text-align: center;\">Pokud pl\u00e1nujete str\u00e1vit sv\u016fj \u010das v Karlov\u00fdch Varech kulturn\u011b a v\u00edte, \u017ee budete kupovat vstupy, doporu\u010duji se pod\u00edvat na <a href=\"https:\/\/karlovyvarycard.cz\/cs\" target=\"_blank\" rel=\"noopener\">Karlovy Vary Region Card<\/a> \u2013 kartu, kter\u00e1 nab\u00edz\u00ed spoustu v\u00fdhod. Krom\u011b jin\u00e9ho zahrnuje slevu na dopravu, voln\u00e9 vstupy nebo mapu Karlov\u00fdch Var\u016f. Koupit ji m\u016f\u017eete<a href=\"https:\/\/karlovyvarycard.cz\/cs\/online\" target=\"_blank\" rel=\"noopener\"> zde.<\/a><\/p>\n<\/div><\/div><\/div><\/div><div class=\"et_pb_row_16 et_pb_row et_block_row\"><div class=\"et_pb_column_26 et_pb_column et_pb_column_4_4 et-last-child et_block_column et_pb_css_mix_blend_mode_passthrough\"><div class=\"et_pb_text_12 et_pb_text et_pb_bg_layout_light et_pb_module et_block_module\"><div class=\"et_pb_text_inner\"><div class=\"flex flex-grow flex-col max-w-full\">\n<div data-message-author-role=\"assistant\" data-message-id=\"7f1a0184-e47c-4006-ae09-2369b7e1e205\" dir=\"auto\" class=\"min-h-[20px] text-message flex flex-col items-start whitespace-pre-wrap break-words [.text-message+&amp;]:mt-5 juice:w-full juice:items-end overflow-x-auto gap-2\">\n<div class=\"flex w-full flex-col gap-1 juice:empty:hidden juice:first:pt-[3px]\">\n<div class=\"markdown prose w-full break-words dark:prose-invert light\">\n<div class=\"flex flex-grow flex-col max-w-full\">\n<div data-message-author-role=\"assistant\" data-message-id=\"7f1a0184-e47c-4006-ae09-2369b7e1e205\" dir=\"auto\" class=\"min-h-[20px] text-message flex flex-col items-start whitespace-pre-wrap break-words [.text-message+&amp;]:mt-5 juice:w-full juice:items-end overflow-x-auto gap-2\">\n<div class=\"flex w-full flex-col gap-1 juice:empty:hidden juice:first:pt-[3px]\">\n<div class=\"markdown prose w-full break-words dark:prose-invert light\">\n<h2 data-start=\"0\" data-end=\"29\">Karlovy Vary na velk\u00e9m pl\u00e1tn\u011b<\/h2>\n<p data-start=\"31\" data-end=\"203\">Casino Royale: Ikonick\u00fd film o Jamesi Bondovi s Danielem Craigem a Evou Green, kde se objevil Grandhotel Pupp. Host\u00e9 byli nad\u0161en\u00ed, \u017ee mohli vid\u011bt Jamese Bonda p\u0159i nat\u00e1\u010den\u00ed.<\/p>\n<p data-start=\"205\" data-end=\"267\">The Last Holiday: Remake s Queen Latifah a G\u00e9rardem Depardieu.<\/p>\n<p data-start=\"269\" data-end=\"324\">Hv\u011bzda pad\u00e1 vzh\u016fru: Film s Karlem Gottem v hlavn\u00ed roli.<\/p>\n<p data-start=\"326\" data-end=\"378\">Prsten: Film s Nastassjou Kinski a Michaelem Yorkem.<\/p>\n<p data-start=\"380\" data-end=\"430\">N\u00e1hrdeln\u00edk: Televizn\u00ed seri\u00e1l s Libu\u0161\u00ed \u0160afr\u00e1nkovou.<\/p>\n<p data-start=\"432\" data-end=\"481\">Smrt kr\u00e1sn\u00fdch srnc\u016f: Film podle rom\u00e1nu Oty Pavla.<\/p>\n<p data-start=\"483\" data-end=\"610\">Vrchn\u00ed, prchni: Komedie s proslul\u00fdm \u010d\u00ed\u0161n\u00edkem, kter\u00e1 se i dnes kon\u00e1 jako sou\u010d\u00e1st Mezin\u00e1rodn\u00edho filmov\u00e9ho festivalu Karlovy Vary.<\/p>\n<p data-start=\"612\" data-end=\"840\" data-is-last-node=\"\" data-is-only-node=\"\">Karlovy Vary jsou sou\u010d\u00e1st\u00ed proslul\u00e9ho L\u00e1ze\u0148sk\u00e9ho troj\u00faheln\u00edku, kam pat\u0159\u00ed i Franti\u0161kovy L\u00e1zn\u011b a Mari\u00e1nsk\u00e9 L\u00e1zn\u011b. Ka\u017ed\u00e9 z t\u011bchto m\u011bst se py\u0161n\u00ed n\u00e1dhernou architekturou a l\u00e9\u010div\u00fdmi prameny, kter\u00e9 p\u0159itahuj\u00ed n\u00e1v\u0161t\u011bvn\u00edky z cel\u00e9ho sv\u011bta.<\/p>\n<\/div>\n<\/div>\n<\/div>\n<\/div>\n<\/div>\n<\/div>\n<\/div>\n<\/div>\n<\/div><\/div><div class=\"et_pb_text_13 et_pb_text et_pb_bg_layout_light et_pb_module et_block_module\"><div class=\"et_pb_text_inner\"><p style=\"text-align: center;\">Pokud pl\u00e1nujete str\u00e1vit sv\u016fj \u010das v Karlov\u00fdch Varech kulturn\u011b a v\u00edte, \u017ee budete kupovat vstupy, doporu\u010duji se pod\u00edvat na <a href=\"https:\/\/karlovyvarycard.cz\/cs\" target=\"_blank\" rel=\"noopener\">Karlovy Vary Region Card<\/a> \u2013 kartu, kter\u00e1 nab\u00edz\u00ed spoustu v\u00fdhod. Krom\u011b jin\u00e9ho zahrnuje slevu na dopravu, voln\u00e9 vstupy nebo mapu Karlov\u00fdch Var\u016f. Koupit ji m\u016f\u017eete<a href=\"https:\/\/karlovyvarycard.cz\/cs\/online\" target=\"_blank\" rel=\"noopener\"> zde.<\/a><\/p>\n<\/div><\/div><\/div><\/div><div class=\"et_pb_row_17 et_pb_row et_block_row\"><div class=\"et_pb_column_27 et_pb_column et_pb_column_4_4 et-last-child et_block_column et_pb_css_mix_blend_mode_passthrough\"><div class=\"et_pb_text_14 et_pb_text et_pb_bg_layout_light et_pb_module et_block_module\"><div class=\"et_pb_text_inner\"><div class=\"flex flex-grow flex-col max-w-full\">\n<div data-message-author-role=\"assistant\" data-message-id=\"7f1a0184-e47c-4006-ae09-2369b7e1e205\" dir=\"auto\" class=\"min-h-[20px] text-message flex flex-col items-start whitespace-pre-wrap break-words [.text-message+&amp;]:mt-5 juice:w-full juice:items-end overflow-x-auto gap-2\">\n<div class=\"flex w-full flex-col gap-1 juice:empty:hidden juice:first:pt-[3px]\">\n<div class=\"markdown prose w-full break-words dark:prose-invert light\">\n<div class=\"flex flex-grow flex-col max-w-full\">\n<div data-message-author-role=\"assistant\" data-message-id=\"7f1a0184-e47c-4006-ae09-2369b7e1e205\" dir=\"auto\" class=\"min-h-[20px] text-message flex flex-col items-start whitespace-pre-wrap break-words [.text-message+&amp;]:mt-5 juice:w-full juice:items-end overflow-x-auto gap-2\">\n<div class=\"flex w-full flex-col gap-1 juice:empty:hidden juice:first:pt-[3px]\">\n<div class=\"markdown prose w-full break-words dark:prose-invert light\">\n<h2 style=\"text-align: center;\">Zaj\u00edmav\u00e1 m\u011bsta pobl\u00ed\u017e Karlov\u00fdch Var\u016f<\/h2>\n<\/div>\n<\/div>\n<\/div>\n<\/div>\n<\/div>\n<\/div>\n<\/div>\n<\/div>\n<\/div><\/div><div class=\"et_pb_text_15 et_pb_text et_pb_bg_layout_light et_pb_module et_block_module\"><div class=\"et_pb_text_inner\"><p style=\"text-align: center;\">Karlovy Vary jsou sou\u010d\u00e1st\u00ed zn\u00e1m\u00e9ho l\u00e1ze\u0148sk\u00e9ho troj\u00faheln\u00edku, kter\u00fd zahrnuje tak\u00e9 Franti\u0161kovy L\u00e1zn\u011b a Mari\u00e1nsk\u00e9 L\u00e1zn\u011b. Ka\u017ed\u00e9 z t\u011bchto m\u011bst se py\u0161n\u00ed \u00fachvatnou architekturou a l\u00e9\u010div\u00fdmi prameny, kter\u00e9 l\u00e1kaj\u00ed n\u00e1v\u0161t\u011bvn\u00edky z cel\u00e9ho sv\u011bta.<\/p>\n<\/div><\/div><\/div><\/div><div class=\"et_pb_row_18 et_pb_row et_block_row\"><div class=\"et_pb_column_28 et_pb_column et_pb_column_4_4 et-last-child et_block_column et_pb_css_mix_blend_mode_passthrough\"><div class=\"et_pb_blurb_6 et_pb_blurb et_pb_bg_layout_light et_pb_blurb_position_left et_pb_module et_block_module\"><div class=\"et_pb_blurb_content\"><div class=\"et_pb_main_blurb_image\"><span class=\"et_pb_image_wrap\"><span class=\"et-pb-icon\">\ue031<\/span><\/span><\/div><div class=\"et_pb_blurb_container\"><div class=\"et_pb_blurb_description\"><p><strong>Franti\u0161kovy L\u00e1zn\u011b\u00a0<\/strong><\/p>\n<ul>\n<li><span><strong>Architektura:<\/strong> nejmen\u0161\u00ed z m\u011bst l\u00e1ze\u0148sk\u00e9ho troj\u00faheln\u00edku. D\u00edky jednotn\u00e9 klasicistn\u00ed architektu\u0159e l\u00e1ze\u0148sk\u00fdch budov a pavilon\u016f pramen\u016f si m\u011bsto uchovalo kouzlo a atmosf\u00e9ru l\u00e1ze\u0148sk\u00e9ho m\u00edsta z p\u0159elomu stolet\u00ed.<\/span><\/li>\n<li><strong>L\u00e9\u010div\u00e9 prameny: <\/strong>Zn\u00e1m\u00e9 pro sv\u00e9 miner\u00e1ln\u00ed prameny, kter\u00e9 jsou \u00fadajn\u011b prosp\u011b\u0161n\u00e9 p\u0159i r\u016fzn\u00fdch onemocn\u011bn\u00edch.<\/li>\n<\/ul>\n<\/div><\/div><\/div><\/div><div class=\"et_pb_blurb_7 et_pb_blurb et_pb_bg_layout_light et_pb_blurb_position_left et_pb_module et_block_module\"><div class=\"et_pb_blurb_content\"><div class=\"et_pb_main_blurb_image\"><span class=\"et_pb_image_wrap\"><span class=\"et-pb-icon\">\ue031<\/span><\/span><\/div><div class=\"et_pb_blurb_container\"><div class=\"et_pb_blurb_description\"><p><strong>Mari\u00e1nsk\u00e9 L\u00e1zn\u011b<\/strong><\/p>\n<ul>\n<li><strong>UNESCO<\/strong><span>\u00a0pat\u0159\u00ed mezi jeden\u00e1ct evropsk\u00fdch l\u00e1ze\u0148sk\u00fdch m\u011bst, kter\u00e1 z\u00edskala titul sv\u011btov\u00e9ho\u00a0<\/span>kulturn\u00edho d\u011bdictv\u00ed UNESCO.<\/li>\n<li><span><strong>L\u00e9\u010div\u00e9 prameny:<\/strong> d\u00edky chemick\u00e9 rozmanitosti zdej\u0161\u00edch pramen\u016f jsou Mari\u00e1nsk\u00e9 L\u00e1zn\u011b vhodn\u00e9 k l\u00e9\u010db\u011b velk\u00e9ho spektra nemoc\u00ed.<\/span><\/li>\n<\/ul>\n<\/div><\/div><\/div><\/div><div class=\"et_pb_blurb_8 et_pb_blurb et_pb_bg_layout_light et_pb_blurb_position_left et_pb_module et_block_module\"><div class=\"et_pb_blurb_content\"><div class=\"et_pb_main_blurb_image\"><span class=\"et_pb_image_wrap\"><span class=\"et-pb-icon\">\ue031<\/span><\/span><\/div><div class=\"et_pb_blurb_container\"><div class=\"et_pb_blurb_description\"><p><strong>Loket<\/strong><\/p>\n<ul>\n<li><strong>Kr\u00e1sa a romantika:<\/strong> Jedno z nejkr\u00e1sn\u011bj\u0161\u00edch a nejromanti\u010dt\u011bj\u0161\u00edch m\u011bst v \u010cesk\u00e9 republice.<\/li>\n<li><strong>Hrad Loket:<\/strong> St\u0159edov\u011bk\u00e1 pevnost nab\u00edzej\u00edc\u00ed \u00fachvatn\u00e9 v\u00fdhledy a bohatou historii a mu\u010d\u00edrnu.<\/li>\n<\/ul>\n<\/div><\/div><\/div><\/div><\/div><\/div><div class=\"et_pb_row_19 et_pb_row et_block_row\"><div class=\"et_pb_column_29 et_pb_column et_pb_column_4_4 et-last-child et_block_column et_pb_css_mix_blend_mode_passthrough\"><div class=\"et_pb_text_16 et_pb_text et_pb_bg_layout_light et_pb_module et_block_module et_pb_text_align_center\"><div class=\"et_pb_text_inner\"><h2 class=\"-ml-1 mt-0 h-7 items-center justify-center gap-[2px] self-end text-gray-400 lg:justify-start lg:self-center visible flex\">Kde j\u00edst v Karlov\u00fdch Varech, pokud jste vegan?<\/h2>\n<div dir=\"ltr\" style=\"text-align: center;\">\n<p>&nbsp;<\/p>\n<\/div>\n<h3 style=\"text-align: center;\"><\/h3>\n<\/div><\/div><div class=\"et_pb_blurb_9 et_pb_blurb et_pb_bg_layout_light et_pb_blurb_position_left et_pb_module et_block_module\"><div class=\"et_pb_blurb_content\"><div class=\"et_pb_main_blurb_image\"><span class=\"et_pb_image_wrap\"><span class=\"et-pb-icon\">\uf06c<\/span><\/span><\/div><div class=\"et_pb_blurb_container\"><div class=\"et_pb_blurb_description\"><div>\n<div class=\"mx-auto mt-2 inline-flex rounded-xl border border-gray-100 dark:border-gray-700\">\n<p>I kdy\u017e v Karlov\u00fdch Varech nejsou \u017e\u00e1dn\u00e9 zcela vegansk\u00e9 restaurace (co\u017e je \u0161koda, v\u00edm), existuje n\u011bkolik m\u00edst naklon\u011bn\u00fdch k vegansk\u00e9 strav\u011b, kter\u00e1 stoj\u00ed za n\u00e1v\u0161t\u011bvu:<\/p>\n<p><a href=\"https:\/\/www.dobracajovnakv.cz\/\" target=\"_blank\" rel=\"noopener\"><span style=\"text-decoration: underline;\"><strong>Dobr\u00e1 \u010dajovna<\/strong><\/span><\/a><\/p>\n<p>Kuchyn\u011b: Panasijsk\u00e1<\/p>\n<p>V\u00fdznamn\u00e9 speciality: Nab\u00edz\u00ed kari, pho, sushi, r\u00fd\u017eov\u00e9 a nudlov\u00e9 pokrmy.<\/p>\n<p><a href=\"https:\/\/www.tripadvisor.com\/Restaurant_Review-g274697-d26785429-Reviews-Jaffa_Restaurant_KV-Karlovy_Vary_Karlovy_Vary_Region_Bohemia.html\" target=\"_blank\" rel=\"noopener\"><span style=\"text-decoration: underline;\"><strong>Jaffa<\/strong><\/span><\/a><\/p>\n<p>Kuchyn\u011b: St\u0159edov\u00fdchodn\u00ed<\/p>\n<p>V\u00fdznamn\u00e9 speciality: Nab\u00edz\u00ed falafel, hummus, baba ghanoush a sal\u00e1ty.<\/p>\n<p><a href=\"https:\/\/www.pizza-capone.cz\/index.php\" target=\"_blank\" rel=\"noopener\"><span style=\"text-decoration: underline;\"><strong>Pizzeria Cappone<\/strong><\/span><\/a><\/p>\n<p>Kuchyn\u011b: Italsk\u00e1<\/p>\n<p>V\u00fdznamn\u00e9 speciality: Nab\u00edz\u00ed mo\u017enosti vegansk\u00e9 pizzy.<\/p>\n<p><a href=\"https:\/\/quanque.cz\/\" target=\"_blank\" rel=\"noopener\"><span style=\"text-decoration: underline;\"><strong>Quan Que<\/strong><\/span><\/a><\/p>\n<p>Kuchyn\u011b: Vietnamsk\u00e1<\/p>\n<p>V\u00fdznamn\u00e9 speciality: Nab\u00edz\u00ed vegansk\u00e9 \"maso\" a tofu pokrmy.<\/p>\n<p><a href=\"http:\/\/saffronkv.cz\/\" target=\"_blank\" rel=\"noopener\"><span style=\"text-decoration: underline;\"><strong>Saffron<\/strong><\/span><\/a><\/p>\n<p>Kuchyn\u011b: Indick\u00e1<\/p>\n<p>V\u00fdznamn\u00e9 speciality: Nab\u00edz\u00ed \u0161irok\u00fd v\u00fdb\u011br vegansk\u00fdch indick\u00fdch pokrm\u016f.<\/p>\n<p><a href=\"https:\/\/tandoorking.cz\/\" target=\"_blank\" rel=\"noopener\"><span style=\"text-decoration: underline;\"><strong>Tandoor King<\/strong><\/span><\/a><\/p>\n<p>Kuchyn\u011b: Indick\u00e1<\/p>\n<p>V\u00fdznamn\u00e9 speciality: Dal\u0161\u00ed skv\u011bl\u00e1 volba pro veganskou indickou kuchyni.<\/p>\n<p>&nbsp;<\/p>\n<p><strong>Doporu\u010duji pou\u017e\u00edt aplikaci HappyCow k ov\u011b\u0159en\u00ed dostupnosti, otev\u00edrac\u00edch hodin a adres t\u011bchto m\u00edst.<\/strong><\/p>\n<\/div>\n<\/div>\n<div><\/div>\n<\/div><\/div><\/div><\/div><div class=\"et_pb_text_17 et_pb_text et_pb_bg_layout_light et_pb_module et_block_module\"><div class=\"et_pb_text_inner\"><div dir=\"ltr\" style=\"text-align: center;\"><\/div>\n<div dir=\"ltr\">\n<blockquote>\n<div dir=\"ltr\"><\/div>\n<\/blockquote>\n<\/div>\n<p>&nbsp;<\/p>\n<\/div><\/div><\/div><\/div><\/div><div class=\"et_pb_section_2 et_pb_section et_section_regular et_block_section\"><div class=\"et_pb_row_20 et_pb_row et_block_row\"><div class=\"et_pb_column_30 et_pb_column et_pb_column_4_4 et-last-child et_block_column et_pb_css_mix_blend_mode_passthrough\"><div class=\"et_pb_text_18 et_pb_text et_pb_bg_layout_light et_pb_module et_block_module preset--module--divi-text--6a37cb13-2b94-42a8-bab7-ee75b1380e65\"><div class=\"et_pb_text_inner\"><p><strong>Upozorn\u011bn\u00ed<\/strong>: Tato \u010d\u00e1st obsahuje <strong>affiliate odkazy<\/strong>. To znamen\u00e1, \u017ee pokud kliknete a n\u011bco si koup\u00edte nebo zarezervujete, mohu z\u00edskat malou provizi \u2014 **<strong>bez jak\u00fdchkoli dodate\u010dn\u00fdch n\u00e1klad\u016f pro v\u00e1s<\/strong>**. Doporu\u010duji pouze slu\u017eby, kter\u00e9 sama pou\u017e\u00edv\u00e1m nebo kter\u00fdm opravdu v\u011b\u0159\u00edm. D\u011bkuji, \u017ee t\u00edmto zp\u016fsobem podporujete m\u016fj blog!<\/p>\n<p>&nbsp;<\/p>\n<\/div><\/div><\/div><\/div><div class=\"et_pb_row_21 et_pb_row et_pb_row_5col et_block_row et_block_row_5col\"><div class=\"et_pb_column_31 et_pb_column et_pb_column_1_5 et_block_column et_pb_css_mix_blend_mode_passthrough\"><div class=\"et_pb_text_19 et_pb_text et_pb_bg_layout_light et_pb_module et_block_module preset--module--divi-text--6a37cb13-2b94-42a8-bab7-ee75b1380e65\"><div class=\"et_pb_text_inner\"><p style=\"text-align: center;\"><strong>Cestuj chyt\u0159e a levn\u011bji<\/strong><\/p>\n<\/div><\/div><div class=\"et_pb_image_13 et_pb_image et_pb_module et_block_module\"><span class=\"et_pb_image_wrap\"><img loading=\"lazy\" decoding=\"async\" src=\"https:\/\/www.jsltravels.com\/cs\/wp-content\/uploads\/2025\/07\/letiste-airport.png\" width=\"980\" height=\"980\" srcset=\"https:\/\/www.jsltravels.com\/cs\/wp-content\/uploads\/2025\/07\/letiste-airport.png 980w, https:\/\/www.jsltravels.com\/cs\/wp-content\/uploads\/2025\/07\/letiste-airport-480x480.png 480w\" sizes=\"(min-width: 0px) and (max-width: 480px) 480px, (min-width: 481px) 980px, 100vw\" class=\"wp-image-267026\" title=\"letiste-airport\" alt=\"Blue suitcase with a yellow stripe, featuring a handle and wheels. Attached is a luggage tag with an airplane symbol, conveying travel.\" \/><\/span><\/div><div class=\"et_pb_blurb_10 et_pb_blurb et_pb_bg_layout_light et_pb_text_align_center et_pb_blurb_position_top et_pb_module et_block_module\"><div class=\"et_pb_blurb_content\"><div class=\"et_pb_main_blurb_image\"><span class=\"et_pb_image_wrap et_pb_only_image_mode_wrap\"><img decoding=\"async\" src=\"http:\/\/jsltravels.com\/wp-content\/uploads\/2024\/10\/letiste-airport.png\" \/><\/span><\/div><div class=\"et_pb_blurb_container\"><div class=\"et_pb_blurb_description\"><p>Ne\u010dekej a vyraz hned! Najdi nejlep\u0161\u00ed letenky za super ceny a za\u010dni sv\u00e9 dal\u0161\u00ed dobrodru\u017estv\u00ed je\u0161t\u011b dnes! \u21d3<\/p>\n<p><a href=\"https:\/\/cheapoair.tpx.lt\/L8xJmq7q\" target=\"_blank\" rel=\"noopener\"> flight deals<\/a>\u00a0<\/p>\n<\/div><\/div><\/div><\/div><\/div><div class=\"et_pb_column_32 et_pb_column et_pb_column_1_5 et_block_column et_pb_css_mix_blend_mode_passthrough\"><div class=\"et_pb_text_20 et_pb_text et_pb_bg_layout_light et_pb_module et_block_module preset--module--divi-text--6a37cb13-2b94-42a8-bab7-ee75b1380e65\"><div class=\"et_pb_text_inner\"><p style=\"text-align: center;\"><strong>Najdi ubytov\u00e1n\u00ed na m\u00edru<\/strong><\/p>\n<\/div><\/div><div class=\"et_pb_image_14 et_pb_image et_pb_module et_block_module\"><span class=\"et_pb_image_wrap\"><img loading=\"lazy\" decoding=\"async\" src=\"https:\/\/www.jsltravels.com\/cs\/wp-content\/uploads\/2025\/07\/hotel-zvonek.png\" width=\"980\" height=\"980\" srcset=\"https:\/\/www.jsltravels.com\/cs\/wp-content\/uploads\/2025\/07\/hotel-zvonek.png 980w, https:\/\/www.jsltravels.com\/cs\/wp-content\/uploads\/2025\/07\/hotel-zvonek-480x480.png 480w\" sizes=\"(min-width: 0px) and (max-width: 480px) 480px, (min-width: 481px) 980px, 100vw\" class=\"wp-image-267027\" title=\"hotel-zvonek\" alt=\"Illustration of a blue hotel door hanger with a yellow service bell on it. The bell has motion lines, suggesting ringing, conveying prompt service.\" \/><\/span><\/div><div class=\"et_pb_blurb_11 et_pb_blurb et_pb_bg_layout_light et_pb_text_align_center et_pb_blurb_position_top et_pb_module et_block_module\"><div class=\"et_pb_blurb_content\"><div class=\"et_pb_main_blurb_image\"><span class=\"et_pb_image_wrap et_pb_only_image_mode_wrap\"><img decoding=\"async\" src=\"http:\/\/jsltravels.com\/wp-content\/uploads\/2024\/10\/hotel-zvonek.png\" \/><\/span><\/div><div class=\"et_pb_blurb_container\"><div class=\"et_pb_blurb_description\"><p>Najdi ubytov\u00e1n\u00ed podle sv\u00fdch p\u0159edstav na <a href=\"https:\/\/booking.tp.st\/bU1dhdHU\" target=\"_blank\" rel=\"noopener\">Booking.com<\/a> nebo <a href=\"https:\/\/agoda.tp.st\/ybqLuoG3\" target=\"_blank\" rel=\"noopener\">Agoda.com<\/a><\/p>\n<\/div><\/div><\/div><\/div><\/div><div class=\"et_pb_column_33 et_pb_column et_pb_column_1_5 et_block_column et_pb_css_mix_blend_mode_passthrough\"><div class=\"et_pb_text_21 et_pb_text et_pb_bg_layout_light et_pb_module et_block_module preset--module--divi-text--6a37cb13-2b94-42a8-bab7-ee75b1380e65\"><div class=\"et_pb_text_inner\"><p style=\"text-align: center;\"><strong>Cestuj stylov\u011b<\/strong><\/p>\n<\/div><\/div><div class=\"et_pb_image_15 et_pb_image et_pb_module et_block_module\"><span class=\"et_pb_image_wrap\"><img loading=\"lazy\" decoding=\"async\" src=\"https:\/\/www.jsltravels.com\/cs\/wp-content\/uploads\/2025\/07\/pujcovna-rent-car.png\" width=\"980\" height=\"980\" srcset=\"https:\/\/www.jsltravels.com\/cs\/wp-content\/uploads\/2025\/07\/pujcovna-rent-car.png 980w, https:\/\/www.jsltravels.com\/cs\/wp-content\/uploads\/2025\/07\/pujcovna-rent-car-480x480.png 480w\" sizes=\"(min-width: 0px) and (max-width: 480px) 480px, (min-width: 481px) 980px, 100vw\" class=\"wp-image-267028\" title=\"pujcovna-rent-car\" alt=\"A pair of yellow keys attached to a blue key tag featuring a simple black car icon. The image conveys vehicle-related themes.\" \/><\/span><\/div><div class=\"et_pb_blurb_12 et_pb_blurb et_pb_bg_layout_light et_pb_blurb_position_top et_pb_module et_block_module\"><div class=\"et_pb_blurb_content\"><div class=\"et_pb_main_blurb_image\"><span class=\"et_pb_image_wrap et_pb_only_image_mode_wrap\"><img decoding=\"async\" src=\"http:\/\/jsltravels.com\/wp-content\/uploads\/2024\/10\/pujcovna-rent-car.png\" \/><\/span><\/div><div class=\"et_pb_blurb_container\"><div class=\"et_pb_blurb_description\"><p style=\"text-align: center;\">Rezervuj si auto podle sv\u00fdch p\u0159edstav s\u00a0<a href=\"https:\/\/rentalcars.tp.st\/2tvWugZd\" target=\"_blank\" rel=\"noopener\">Rentalcars.<\/a><\/p>\n<\/div><\/div><\/div><\/div><\/div><div class=\"et_pb_column_34 et_pb_column et_pb_column_1_5 et_block_column et_pb_css_mix_blend_mode_passthrough\"><div class=\"et_pb_text_22 et_pb_text et_pb_bg_layout_light et_pb_module et_block_module preset--module--divi-text--6a37cb13-2b94-42a8-bab7-ee75b1380e65\"><div class=\"et_pb_text_inner\"><p style=\"text-align: center;\"><strong>Bezpe\u010dn\u011b na internetu<\/strong><\/p>\n<\/div><\/div><div class=\"et_pb_image_16 et_pb_image et_pb_module et_block_module\"><span class=\"et_pb_image_wrap\"><img loading=\"lazy\" decoding=\"async\" src=\"https:\/\/www.jsltravels.com\/cs\/wp-content\/uploads\/2025\/07\/wifi-sit.png\" width=\"980\" height=\"980\" srcset=\"https:\/\/www.jsltravels.com\/cs\/wp-content\/uploads\/2025\/07\/wifi-sit.png 980w, https:\/\/www.jsltravels.com\/cs\/wp-content\/uploads\/2025\/07\/wifi-sit-480x480.png 480w\" sizes=\"(min-width: 0px) and (max-width: 480px) 480px, (min-width: 481px) 980px, 100vw\" class=\"wp-image-267029\" title=\"wifi-sit\" alt=\"Three curved blue lines form a Wi-Fi symbol above a yellow circle, on a white background. The design suggests connectivity and modern technology.\" \/><\/span><\/div><div class=\"et_pb_blurb_13 et_pb_blurb et_pb_bg_layout_light et_pb_blurb_position_top et_pb_module et_block_module\"><div class=\"et_pb_blurb_content\"><div class=\"et_pb_main_blurb_image\"><span class=\"et_pb_image_wrap et_pb_only_image_mode_wrap\"><img decoding=\"async\" src=\"http:\/\/jsltravels.com\/wp-content\/uploads\/2024\/10\/wifi-sit.png\" \/><\/span><\/div><div class=\"et_pb_blurb_container\"><div class=\"et_pb_blurb_description\"><p>Cestuj bezpe\u010dn\u011b, chra\u0148 sv\u00e1 data s VPN od <a href=\"https:\/\/get.surfshark.net\/aff_c?offer_id=1679&amp;aff_id=34459&amp;source=www.jsltravels.com\" target=\"_blank\" rel=\"noopener\">Surfshark.<\/a><\/p>\n<\/div><\/div><\/div><\/div><\/div><div class=\"et_pb_column_35 et_pb_column et_pb_column_1_5 et-last-child et_block_column et_pb_css_mix_blend_mode_passthrough\"><div class=\"et_pb_text_23 et_pb_text et_pb_bg_layout_light et_pb_module et_block_module preset--module--divi-text--6a37cb13-2b94-42a8-bab7-ee75b1380e65\"><div class=\"et_pb_text_inner\"><p style=\"text-align: center;\"><strong>Kup si l\u00edstek dop\u0159edu<\/strong><\/p>\n<\/div><\/div><div class=\"et_pb_image_17 et_pb_image et_pb_module et_block_module\"><span class=\"et_pb_image_wrap\"><img loading=\"lazy\" decoding=\"async\" src=\"https:\/\/www.jsltravels.com\/cs\/wp-content\/uploads\/2025\/07\/vstupenka-ticket.png\" width=\"980\" height=\"980\" srcset=\"https:\/\/www.jsltravels.com\/cs\/wp-content\/uploads\/2025\/07\/vstupenka-ticket.png 980w, https:\/\/www.jsltravels.com\/cs\/wp-content\/uploads\/2025\/07\/vstupenka-ticket-480x480.png 480w\" sizes=\"(min-width: 0px) and (max-width: 480px) 480px, (min-width: 481px) 980px, 100vw\" class=\"wp-image-267030\" title=\"vstupenka-ticket\" alt=\"A stylized blue ticket with a yellow top edge featuring numbers. It has the word &quot;TICKET&quot; written in bold blue letters and a yellow circle accent.\" \/><\/span><\/div><div class=\"et_pb_blurb_14 et_pb_blurb et_pb_bg_layout_light et_pb_text_align_center et_pb_blurb_position_top et_pb_module et_block_module\"><div class=\"et_pb_blurb_content\"><div class=\"et_pb_main_blurb_image\"><span class=\"et_pb_image_wrap et_pb_only_image_mode_wrap\"><img decoding=\"async\" src=\"http:\/\/jsltravels.com\/wp-content\/uploads\/2024\/10\/vstupenka-ticket.png\" \/><\/span><\/div><div class=\"et_pb_blurb_container\"><div class=\"et_pb_blurb_description\"><p>Kup vstupenky na <a href=\"https:\/\/getyourguide.tp.st\/zP4xD4xO\" target=\"_blank\" rel=\"noopener\">nejlep\u0161\u00ed prohl\u00eddky a atrakce<\/a> p\u0159edem.<br \/><a href=\"https:\/\/getyourguide.tp.st\/zP4xD4xO\" target=\"_blank\" rel=\"noopener\"><\/a>\u00a0<\/p>\n<\/div><\/div><\/div><\/div><\/div><\/div><\/div><div class=\"et_pb_section_3 et_pb_section et_section_regular et_block_section\"><div class=\"et_pb_row_22 et_pb_row et_block_row\"><div class=\"et_pb_column_36 et_pb_column et_pb_column_4_4 et-last-child et_block_column et_pb_css_mix_blend_mode_passthrough\"><div class=\"et_pb_post_nav_0 et_pb_posts_nav nav-single et_pb_module et_flex_module\"><span class=\"nav-next\"><a href=\"https:\/\/www.jsltravels.com\/cs\/co-videt-na-sri-lance\" rel=\"next\" class=\"\"><span class=\"nav-label\">Co vid\u011bt na Sr\u00ed Lance \u2013 5 m\u00edst, kter\u00e1 mus\u00edte nav\u0161t\u00edvit<\/span><span class=\"meta-nav\"> &rarr;<\/span><\/a><\/span><\/div><\/div><\/div><\/div><div class=\"et_pb_section_4 et_pb_section et_section_regular et_block_section\"><div class=\"et_pb_row_23 et_pb_row et_block_row\"><div class=\"et_pb_column_37 et_pb_column et_pb_column_4_4 et-last-child et_block_column et_pb_css_mix_blend_mode_passthrough\"><div class=\"et_pb_blog_0 et_pb_blog et_pb_bg_layout_light et_pb_posts et_pb_module\"><div class=\"et_pb_ajax_pagination_container\"><div class=\"et_pb_posts et_grid_module\"><article class=\"et_pb_post et_pb_post_id_268731 clearfix et_pb_blog_item_0_0 post-268731 post type-post status-publish format-standard has-post-thumbnail hentry category-destinace category-kalifornie category-severni-amerika category-uncategorized category-zivot-v-usa\"><div class=\"et_pb_image_container\"><a href=\"https:\/\/www.jsltravels.com\/cs\/meho-psa-ustknul-chrestys-v-los-angeles\" class=\"entry-featured-image-url\"><img loading=\"lazy\" decoding=\"async\" src=\"https:\/\/www.jsltravels.com\/cs\/wp-content\/uploads\/2026\/03\/rattlesnake-LA.png\" width=\"1536\" height=\"1024\" alt=\"Coiled rattlesnake at sunset\" class=\"\" \/><span data-icon=\"\ue050\" class=\"et_overlay et_pb_inline_icon\"><\/span><\/a><\/div><h2 class=\"entry-title\"><a href=\"https:\/\/www.jsltravels.com\/cs\/meho-psa-ustknul-chrestys-v-los-angeles\">M\u00e9ho psa u\u0161tknul ch\u0159est\u00fd\u0161 v Los Angeles<\/a><\/h2><p class=\"post-meta\"><span class=\"entry-categories\"><a href=\"https:\/\/www.jsltravels.com\/cs\/category\/destinace\" rel=\"tag\">Destinace<\/a>, <a href=\"https:\/\/www.jsltravels.com\/cs\/category\/destinace\/severni-amerika\/kalifornie\" rel=\"tag\">Kalifornie<\/a>, <a href=\"https:\/\/www.jsltravels.com\/cs\/category\/destinace\/severni-amerika\" rel=\"tag\">Severn\u00ed Amerika<\/a>, <a href=\"https:\/\/www.jsltravels.com\/cs\/category\/uncategorized\" rel=\"tag\">Uncategorized<\/a>, <a href=\"https:\/\/www.jsltravels.com\/cs\/category\/zivot-v-usa\" rel=\"tag\">\u017divot-v-usa<\/a><\/span><\/p><div class=\"post-content\"><div class=\"post-content-inner\"><\/div><\/div><\/article><article class=\"et_pb_post et_pb_post_id_268676 clearfix et_pb_blog_item_0_1 post-268676 post type-post status-publish format-standard has-post-thumbnail hentry category-chorvatsko category-destinace category-evropa\"><div class=\"et_pb_image_container\"><a href=\"https:\/\/www.jsltravels.com\/cs\/top-7-mist-v-chorvatsku-z-naseho-roadtripu\" class=\"entry-featured-image-url\"><img loading=\"lazy\" decoding=\"async\" src=\"https:\/\/www.jsltravels.com\/cs\/wp-content\/uploads\/2026\/02\/Split-dinner.jpg\" width=\"600\" height=\"800\" alt=\"Letn\u00ed ve\u010de\u0159e v historick\u00e9m centru Splitu s v\u00fdhledem na mo\u0159e, Chorvatsko\" class=\"\" \/><span data-icon=\"\ue050\" class=\"et_overlay et_pb_inline_icon\"><\/span><\/a><\/div><h2 class=\"entry-title\"><a href=\"https:\/\/www.jsltravels.com\/cs\/top-7-mist-v-chorvatsku-z-naseho-roadtripu\">TOP 7 m\u00edst v Chorvatsku z na\u0161eho roadtripu<\/a><\/h2><p class=\"post-meta\"><span class=\"entry-categories\"><a href=\"https:\/\/www.jsltravels.com\/cs\/category\/destinace\/evropa\/chorvatsko\" rel=\"tag\">Chorvatsko<\/a>, <a href=\"https:\/\/www.jsltravels.com\/cs\/category\/destinace\" rel=\"tag\">Destinace<\/a>, <a href=\"https:\/\/www.jsltravels.com\/cs\/category\/destinace\/evropa\" rel=\"tag\">Evropa<\/a><\/span><\/p><div class=\"post-content\"><div class=\"post-content-inner\"><\/div><\/div><\/article><article class=\"et_pb_post et_pb_post_id_268659 clearfix et_pb_blog_item_0_2 post-268659 post type-post status-publish format-standard has-post-thumbnail hentry category-destinace category-zivot-v-usa\"><div class=\"et_pb_image_container\"><a href=\"https:\/\/www.jsltravels.com\/cs\/jak-prezit-leden\" class=\"entry-featured-image-url\"><img loading=\"lazy\" decoding=\"async\" src=\"https:\/\/www.jsltravels.com\/cs\/wp-content\/uploads\/2026\/01\/Lets-explore-the-world-together.png\" width=\"1536\" height=\"1024\" alt=\"Jak p\u0159e\u017e\u00edt leden vision board\" class=\"\" \/><span data-icon=\"\ue050\" class=\"et_overlay et_pb_inline_icon\"><\/span><\/a><\/div><h2 class=\"entry-title\"><a href=\"https:\/\/www.jsltravels.com\/cs\/jak-prezit-leden\">Jak p\u0159e\u017e\u00edt leden<\/a><\/h2><p class=\"post-meta\"><span class=\"entry-categories\"><a href=\"https:\/\/www.jsltravels.com\/cs\/category\/destinace\" rel=\"tag\">Destinace<\/a>, <a href=\"https:\/\/www.jsltravels.com\/cs\/category\/zivot-v-usa\" rel=\"tag\">\u017divot-v-usa<\/a><\/span><\/p><div class=\"post-content\"><div class=\"post-content-inner\"><\/div><\/div><\/article><\/div><\/div><\/div><\/div><\/div><\/div>","protected":false},"excerpt":{"rendered":"<p>Karlovy Vary jsou malebn\u00e9 l\u00e1ze\u0148sk\u00e9 m\u011bsto v z\u00e1padn\u00ed \u010d\u00e1sti \u010cesk\u00e9 republiky. Jsou proslul\u00e9 sv\u00fdmi hork\u00fdmi prameny, \u00fachvatnou architekturou a \u017eivou kulturn\u00ed&#8230;<\/p>\n","protected":false},"author":1,"featured_media":266581,"comment_status":"open","ping_status":"open","sticky":false,"template":"","format":"standard","meta":{"footnotes":""},"categories":[39,41,42],"tags":[],"post_folder":[40],"class_list":["post-258985","post","type-post","status-publish","format-standard","has-post-thumbnail","hentry","category-ceska-republika","category-destinace","category-evropa"],"_links":{"self":[{"href":"https:\/\/www.jsltravels.com\/cs\/wp-json\/wp\/v2\/posts\/258985","targetHints":{"allow":["GET"]}}],"collection":[{"href":"https:\/\/www.jsltravels.com\/cs\/wp-json\/wp\/v2\/posts"}],"about":[{"href":"https:\/\/www.jsltravels.com\/cs\/wp-json\/wp\/v2\/types\/post"}],"author":[{"embeddable":true,"href":"https:\/\/www.jsltravels.com\/cs\/wp-json\/wp\/v2\/users\/1"}],"replies":[{"embeddable":true,"href":"https:\/\/www.jsltravels.com\/cs\/wp-json\/wp\/v2\/comments?post=258985"}],"version-history":[{"count":11,"href":"https:\/\/www.jsltravels.com\/cs\/wp-json\/wp\/v2\/posts\/258985\/revisions"}],"predecessor-version":[{"id":268763,"href":"https:\/\/www.jsltravels.com\/cs\/wp-json\/wp\/v2\/posts\/258985\/revisions\/268763"}],"wp:featuredmedia":[{"embeddable":true,"href":"https:\/\/www.jsltravels.com\/cs\/wp-json\/wp\/v2\/media\/266581"}],"wp:attachment":[{"href":"https:\/\/www.jsltravels.com\/cs\/wp-json\/wp\/v2\/media?parent=258985"}],"wp:term":[{"taxonomy":"category","embeddable":true,"href":"https:\/\/www.jsltravels.com\/cs\/wp-json\/wp\/v2\/categories?post=258985"},{"taxonomy":"post_tag","embeddable":true,"href":"https:\/\/www.jsltravels.com\/cs\/wp-json\/wp\/v2\/tags?post=258985"},{"taxonomy":"post_folder","embeddable":true,"href":"https:\/\/www.jsltravels.com\/cs\/wp-json\/wp\/v2\/post_folder?post=258985"}],"curies":[{"name":"wp","href":"https:\/\/api.w.org\/{rel}","templated":true}]}}