{"id":259047,"date":"2024-06-13T11:17:27","date_gmt":"2024-06-13T11:17:27","guid":{"rendered":"http:\/\/jsltravels.com\/?p=259047"},"modified":"2026-04-01T06:41:52","modified_gmt":"2026-04-01T06:41:52","slug":"jezero-lago-di-braies","status":"publish","type":"post","link":"https:\/\/www.jsltravels.com\/cs\/jezero-lago-di-braies","title":{"rendered":"Jezero Lago Di Braies &#8211; v\u0161e, co pot\u0159ebujete v\u011bd\u011bt"},"content":{"rendered":"<div class=\"et_pb_section_0 et_pb_section et_section_regular et_block_section\"><div class=\"et_pb_row_0 et_pb_row et_pb_gutters1 et_block_row\"><div class=\"et_pb_column_0 et_pb_column et_pb_column_1_2 et_block_column et_pb_css_mix_blend_mode_passthrough\"><div class=\"et_pb_text_0 et_pb_text et_pb_bg_layout_light et_pb_module et_block_module\"><div class=\"et_pb_text_inner\"><h1 class=\"entry-title\">Jezero Lago di Braies<\/h1>\n<\/div><\/div><\/div><div class=\"et_pb_column_1 et_pb_column et_pb_column_1_2 et-last-child et_block_column et_pb_column_empty et_pb_css_mix_blend_mode_passthrough\"><\/div><\/div><\/div><div class=\"et_pb_section_1 et_pb_section et_section_regular et_block_section\"><div class=\"et_pb_row_1 et_pb_row et_block_row\"><div class=\"et_pb_column_2 et_pb_column et_pb_column_4_4 et-last-child et_block_column et_pb_css_mix_blend_mode_passthrough\"><div class=\"et_pb_text_1 et_pb_text et_pb_bg_layout_light et_pb_module et_block_module\"><div class=\"et_pb_text_inner\"><p style=\"text-align: center;\">Lago di Braies, zn\u00e1m\u00e9 tak\u00e9 jako Pragser Wildsee, je n\u00e1dhern\u00e9 alpsk\u00e9 jezero nach\u00e1zej\u00edc\u00ed se v Dolomitech v Ji\u017en\u00edm Tyrolsku v It\u00e1lii. Proslul\u00e9 je sv\u00fdmi pr\u016fzra\u010dn\u011b tyrkysov\u00fdmi vodami obklopen\u00fdmi dramatick\u00fdmi horsk\u00fdmi \u0161t\u00edty, co\u017e ho \u010din\u00ed ide\u00e1ln\u00edm c\u00edlem pro milovn\u00edky p\u0159\u00edrody, fotografy a outdoorov\u00e9 nad\u0161ence.<\/p>\n<\/div><\/div><\/div><\/div><div class=\"et_pb_row_2 et_pb_row et_block_row\"><div class=\"et_pb_column_3 et_pb_column et_pb_column_4_4 et-last-child et_block_column et_pb_css_mix_blend_mode_passthrough\"><div class=\"et_pb_image_0 et_pb_image et_pb_module et_block_module\"><a href=\"https:\/\/www.jsltravels.com\/cs\/wp-content\/uploads\/2025\/08\/Jezero.jpg\" class=\"et_pb_lightbox_image\" alt=\"matka a syn sed\u00ed na kameni a sleduj\u00ed hladinu Lago di Braies, za jezerem se ty\u010d\u00ed hory\"><span class=\"et_pb_image_wrap\"><img loading=\"lazy\" decoding=\"async\" src=\"https:\/\/www.jsltravels.com\/cs\/wp-content\/uploads\/2025\/08\/Jezero.jpg\" width=\"600\" height=\"800\" srcset=\"https:\/\/www.jsltravels.com\/cs\/wp-content\/uploads\/2025\/08\/Jezero.jpg 600w, https:\/\/www.jsltravels.com\/cs\/wp-content\/uploads\/2025\/08\/Jezero-480x640.jpg 480w\" sizes=\"(min-width: 0px) and (max-width: 480px) 480px, (min-width: 481px) 600px, 100vw\" class=\"wp-image-267339\" title=\"Jezero\" alt=\"matka a syn sed\u00ed na kameni a sleduj\u00ed hladinu Lago di Braies, za jezerem se ty\u010d\u00ed hory\" \/><\/span><\/a><\/div><\/div><\/div><div class=\"et_pb_row_3 et_pb_row et_block_row\"><div class=\"et_pb_column_4 et_pb_column et_pb_column_4_4 et-last-child et_block_column et_pb_css_mix_blend_mode_passthrough\"><div class=\"et_pb_heading_0 et_pb_heading et_pb_module et_block_module\"><div class=\"et_pb_heading_container\"><h4 class=\"et_pb_module_header\">Co vid\u011bt a d\u011blat<\/h4><\/div><\/div><\/div><\/div><div class=\"et_pb_row_4 et_pb_row et_block_row\"><div class=\"et_pb_column_5 et_pb_column et_pb_column_4_4 et-last-child et_block_column et_pb_css_mix_blend_mode_passthrough\"><div class=\"et_pb_text_2 et_pb_text et_pb_bg_layout_light et_pb_module et_block_module\"><div class=\"et_pb_text_inner\"><h3>Proch\u00e1zka kolem jezera<\/h3>\n<p>Okolo jezera vede dob\u0159e udr\u017eovan\u00e1 stezka, kter\u00e1 nab\u00edz\u00ed \u00fachvatn\u00e9 v\u00fdhledy ze v\u0161ech \u00fahl\u016f. Tato t\u00fara je pom\u011brn\u011b snadn\u00e1 a trv\u00e1 p\u0159ibli\u017en\u011b 1-2 hodiny. \u010c\u00e1st trasy je vhodn\u00e1 pro ko\u010d\u00e1rky (nebudete moci proj\u00edt cel\u00e9 jezero), proto doporu\u010duji pro mal\u00e9 d\u011bti nos\u00edtko.<\/p>\n<p>&nbsp;<\/p>\n<h3>P\u016fj\u010dovna lod\u011bk<\/h3>\n<p>M\u016f\u017eete si pronajmout veslici k prozkoum\u00e1n\u00ed jezera zbl\u00edzka a pro\u017eit\u00ed jeho klidn\u00e9 kr\u00e1sy a pr\u016fzra\u010dn\u00fdch vod. Pron\u00e1jmy jsou poskytov\u00e1ny na principu \"kdo d\u0159\u00edv p\u0159ijde, ten d\u0159\u00edv mele\" a jsou dostupn\u00e9 od konce kv\u011btna do za\u010d\u00e1tku listopadu.<\/p>\n<p><strong>Kapacita:<\/strong> Maxim\u00e1ln\u011b 5 osob na lo\u010f. Psi jsou povoleni pouze na soukrom\u00fdch lod\u00edch.<\/p>\n<p><strong><\/strong><\/p>\n<p><strong>Ceny<\/strong>:<\/p>\n<p>45 minut (Soukrom\u00e1 plavba): 50 EUR<\/p>\n<p>45 minut (Sd\u00edlen\u00e1 plavba): 15 EUR za osobu<\/p>\n<p>&nbsp;<\/p>\n<h3>T\u016fra na Seekofel\/ Croda del Becco<\/h3>\n<p>Pro ty, kte\u0159\u00ed hledaj\u00ed v\u00edce dobrodru\u017estv\u00ed, je t\u00fara na Seekofel trefnou v\u00fdzvou. Stezka je strm\u00e1 a m\u016f\u017ee b\u00fdt n\u00e1ro\u010dn\u00e1, ale panoramatick\u00e9 v\u00fdhledy z vrcholu jsou spektakul\u00e1rn\u00ed.<\/p>\n<p><span style=\"font-size: 16px;\"><\/span><\/p>\n<h3>Fotografov\u00e1n\u00ed<\/h3>\n<p><strong style=\"font-size: 18px;\"><\/strong>Lago di Braies je nesm\u00edrn\u011b fotogenick\u00e9 m\u00edsto, zejm\u00e9na b\u011bhem \u010dasu v\u00fdchodu a z\u00e1padu slunce. Odrazy hor v klidn\u00e9 vod\u011b poskytuj\u00ed \u00fachvatn\u00e9 fotografie. Tyrkysov\u00e1 barva vody nejl\u00e9pe vynikne p\u0159i slune\u010dn\u00e9m svitu.<\/p>\n<p><strong style=\"font-size: 18px;\"><\/strong><\/p>\n<\/div><\/div><\/div><\/div><div class=\"et_pb_row_5 et_pb_row et_block_row\"><div class=\"et_pb_column_6 et_pb_column et_pb_column_1_3 et_block_column et_pb_css_mix_blend_mode_passthrough\"><div class=\"et_pb_image_1 et_pb_image et_pb_module et_block_module\"><a href=\"https:\/\/www.jsltravels.com\/cs\/wp-content\/uploads\/2025\/08\/chlapec.jpg\" class=\"et_pb_lightbox_image\" alt=\"mal\u00fd chlapec ukazuje prst\u00edkem a sm\u011bje se na pl\u00e1\u017ei u Lago di Braies\"><span class=\"et_pb_image_wrap\"><img loading=\"lazy\" decoding=\"async\" src=\"https:\/\/www.jsltravels.com\/cs\/wp-content\/uploads\/2025\/08\/chlapec.jpg\" width=\"600\" height=\"800\" srcset=\"https:\/\/www.jsltravels.com\/cs\/wp-content\/uploads\/2025\/08\/chlapec.jpg 600w, https:\/\/www.jsltravels.com\/cs\/wp-content\/uploads\/2025\/08\/chlapec-480x640.jpg 480w\" sizes=\"(min-width: 0px) and (max-width: 480px) 480px, (min-width: 481px) 600px, 100vw\" class=\"wp-image-267335\" title=\"chlapec\" alt=\"mal\u00fd chlapec ukazuje prst\u00edkem a sm\u011bje se na pl\u00e1\u017ei u Lago di Braies\" \/><\/span><\/a><\/div><\/div><div class=\"et_pb_column_7 et_pb_column et_pb_column_1_3 et_block_column et_pb_css_mix_blend_mode_passthrough\"><div class=\"et_pb_image_2 et_pb_image et_pb_module et_block_module\"><a href=\"https:\/\/www.jsltravels.com\/cs\/wp-content\/uploads\/2025\/08\/Mama-a-syn.jpg\" class=\"et_pb_lightbox_image\" alt=\"matka radostn\u011b zved\u00e1 syna na pl\u00e1\u017ei u Lago di Braies v It\u00e1lii\"><span class=\"et_pb_image_wrap\"><img loading=\"lazy\" decoding=\"async\" src=\"https:\/\/www.jsltravels.com\/cs\/wp-content\/uploads\/2025\/08\/Mama-a-syn.jpg\" width=\"600\" height=\"800\" srcset=\"https:\/\/www.jsltravels.com\/cs\/wp-content\/uploads\/2025\/08\/Mama-a-syn.jpg 600w, https:\/\/www.jsltravels.com\/cs\/wp-content\/uploads\/2025\/08\/Mama-a-syn-480x640.jpg 480w\" sizes=\"(min-width: 0px) and (max-width: 480px) 480px, (min-width: 481px) 600px, 100vw\" class=\"wp-image-267343\" title=\"Mama a syn\" alt=\"matka radostn\u011b zved\u00e1 syna na pl\u00e1\u017ei u Lago di Braies v It\u00e1lii\" \/><\/span><\/a><\/div><\/div><div class=\"et_pb_column_8 et_pb_column et_pb_column_1_3 et-last-child et_block_column et_pb_css_mix_blend_mode_passthrough\"><div class=\"et_pb_image_3 et_pb_image et_pb_module et_block_module\"><a href=\"https:\/\/www.jsltravels.com\/cs\/wp-content\/uploads\/2025\/08\/Strom.jpg\" class=\"et_pb_lightbox_image\" alt=\"pr\u016fzra\u010dn\u00e1 voda u Lago di Braies, kde je vid\u011bt dno, lodka v pozad\u00ed\"><span class=\"et_pb_image_wrap\"><img loading=\"lazy\" decoding=\"async\" src=\"https:\/\/www.jsltravels.com\/cs\/wp-content\/uploads\/2025\/08\/Strom.jpg\" width=\"600\" height=\"800\" srcset=\"https:\/\/www.jsltravels.com\/cs\/wp-content\/uploads\/2025\/08\/Strom.jpg 600w, https:\/\/www.jsltravels.com\/cs\/wp-content\/uploads\/2025\/08\/Strom-480x640.jpg 480w\" sizes=\"(min-width: 0px) and (max-width: 480px) 480px, (min-width: 481px) 600px, 100vw\" class=\"wp-image-267344\" title=\"Strom\" alt=\"pr\u016fzra\u010dn\u00e1 voda u Lago di Braies, kde je vid\u011bt dno, lodka v pozad\u00ed\" \/><\/span><\/a><\/div><\/div><\/div><div class=\"et_pb_row_6 et_pb_row et_block_row\"><div class=\"et_pb_column_9 et_pb_column et_pb_column_1_3 et_block_column et_pb_css_mix_blend_mode_passthrough\"><div class=\"et_pb_image_4 et_pb_image et_pb_module et_block_module\"><a href=\"https:\/\/www.jsltravels.com\/cs\/wp-content\/uploads\/2025\/08\/Big-Rock.jpg\" class=\"et_pb_lightbox_image\" alt=\"mu\u017e stoj\u00ed na velk\u00e9m kameni u Lago di Braies\"><span class=\"et_pb_image_wrap\"><img loading=\"lazy\" decoding=\"async\" src=\"https:\/\/www.jsltravels.com\/cs\/wp-content\/uploads\/2025\/08\/Big-Rock.jpg\" width=\"600\" height=\"800\" srcset=\"https:\/\/www.jsltravels.com\/cs\/wp-content\/uploads\/2025\/08\/Big-Rock.jpg 600w, https:\/\/www.jsltravels.com\/cs\/wp-content\/uploads\/2025\/08\/Big-Rock-480x640.jpg 480w\" sizes=\"(min-width: 0px) and (max-width: 480px) 480px, (min-width: 481px) 600px, 100vw\" class=\"wp-image-267334\" title=\"Big Rock\" alt=\"mu\u017e stoj\u00ed na velk\u00e9m kameni u Lago di Braies\" \/><\/span><\/a><\/div><\/div><div class=\"et_pb_column_10 et_pb_column et_pb_column_1_3 et_block_column et_pb_css_mix_blend_mode_passthrough\"><div class=\"et_pb_image_5 et_pb_image et_pb_module et_block_module\"><a href=\"https:\/\/www.jsltravels.com\/cs\/wp-content\/uploads\/2025\/08\/Clear-Water.jpg\" class=\"et_pb_lightbox_image\" alt=\"\u017eena se radostn\u011b op\u00edr\u00e1 o kulat\u00fd k\u00e1men u Lago di Braies\"><span class=\"et_pb_image_wrap\"><img loading=\"lazy\" decoding=\"async\" src=\"https:\/\/www.jsltravels.com\/cs\/wp-content\/uploads\/2025\/08\/Clear-Water.jpg\" width=\"600\" height=\"800\" srcset=\"https:\/\/www.jsltravels.com\/cs\/wp-content\/uploads\/2025\/08\/Clear-Water.jpg 600w, https:\/\/www.jsltravels.com\/cs\/wp-content\/uploads\/2025\/08\/Clear-Water-480x640.jpg 480w\" sizes=\"(min-width: 0px) and (max-width: 480px) 480px, (min-width: 481px) 600px, 100vw\" class=\"wp-image-267336\" title=\"Clear Water\" alt=\"\u017eena se radostn\u011b op\u00edr\u00e1 o kulat\u00fd k\u00e1men u Lago di Braies\" \/><\/span><\/a><\/div><\/div><div class=\"et_pb_column_11 et_pb_column et_pb_column_1_3 et-last-child et_block_column et_pb_css_mix_blend_mode_passthrough\"><div class=\"et_pb_image_6 et_pb_image et_pb_module et_block_module\"><a href=\"https:\/\/www.jsltravels.com\/cs\/wp-content\/uploads\/2025\/08\/Lago-Boy.jpg\" class=\"et_pb_lightbox_image\" alt=\"mal\u00e9 d\u00edt\u011b sed\u00ed na d\u0159ev\u011bn\u00e9 podlaze, za n\u00edm pr\u016fzra\u010dn\u00e9 jezero a hory\"><span class=\"et_pb_image_wrap\"><img loading=\"lazy\" decoding=\"async\" src=\"https:\/\/www.jsltravels.com\/cs\/wp-content\/uploads\/2025\/08\/Lago-Boy.jpg\" width=\"600\" height=\"800\" srcset=\"https:\/\/www.jsltravels.com\/cs\/wp-content\/uploads\/2025\/08\/Lago-Boy.jpg 600w, https:\/\/www.jsltravels.com\/cs\/wp-content\/uploads\/2025\/08\/Lago-Boy-480x640.jpg 480w\" sizes=\"(min-width: 0px) and (max-width: 480px) 480px, (min-width: 481px) 600px, 100vw\" class=\"wp-image-267340\" title=\"Lago Boy\" alt=\"mal\u00e9 d\u00edt\u011b sed\u00ed na d\u0159ev\u011bn\u00e9 podlaze, za n\u00edm pr\u016fzra\u010dn\u00e9 jezero a hory\" \/><\/span><\/a><\/div><\/div><\/div><div class=\"et_pb_row_7 et_pb_row et_block_row\"><div class=\"et_pb_column_12 et_pb_column et_pb_column_4_4 et-last-child et_block_column et_pb_css_mix_blend_mode_passthrough\"><div class=\"et_pb_text_3 et_pb_text et_pb_bg_layout_light et_pb_module et_block_module\"><div class=\"et_pb_text_inner\"><h3 class=\"wp-block-heading\" style=\"text-align: center;\">Kde se ubytovat<\/h3>\n<div dir=\"ltr\" style=\"text-align: center;\">\n<p>&nbsp;<\/p>\n<\/div>\n<\/div><\/div><div class=\"et_pb_text_4 et_pb_text et_pb_bg_layout_light et_pb_module et_block_module\"><div class=\"et_pb_text_inner\"><p>Lago di Braies je kr\u00e1sn\u00e1 destinace s n\u011bkolika mo\u017enostmi ubytov\u00e1n\u00ed, kter\u00e9 vyhovuj\u00ed r\u016fzn\u00fdm preferenc\u00edm a rozpo\u010dt\u016fm.<\/p>\n<p><a href=\"https:\/\/booking.lagodibraies.com\/?skd-checkin=2024-06-02&amp;skd-checkout=2024-06-03&amp;skd-checkin-usdf=06%2F02%2F2024&amp;skd-checkout-usdf=06%2F03%2F2024&amp;skd-los=1&amp;skd-property-code=S004466&amp;skd-total-rooms=1&amp;adult_room1=2&amp;skd-total-adults=2&amp;child_count_room_1=0&amp;skd-total-children=0&amp;skd-language-code=EN&amp;skd-language-code-lc=en&amp;skd-searchId=GoogleC&amp;skd-search-id=GoogleC&amp;skd-ratecode=1T_NR_UF-DZ_OB&amp;skd-roomcode=DZ_OB&amp;skd-advertisedprice=5237.01&amp;skd-verification=false&amp;skd-currency-code=CZK&amp;skd-show-price-display-switch=true&amp;skd-show-price-calc-switch=true&amp;rateFence=none&amp;skd-is-meta-redirect=true&amp;skd-auto-search=true\" target=\"_blank\" rel=\"noopener\"><strong>Hotel Lago di Braies (Hotel Pragser Wildsee)<\/strong>:<\/a><\/p>\n<p>Tento historick\u00fd hotel se nach\u00e1z\u00ed p\u0159\u00edmo na b\u0159ehu jezera, nab\u00edz\u00ed \u00fachvatn\u00e9 v\u00fdhledy a p\u0159\u00edm\u00fd p\u0159\u00edstup k vod\u011b. Je to ten sam\u00fd hotel, kde byli v\u011bzn\u011bni v\u00e1le\u010dn\u00ed zajatci za druh\u00e9 sv\u011btov\u00e9 v\u00e1lky.<\/p>\n<p><strong>Vybaven\u00ed:<\/strong> Tradi\u010dn\u00ed alpsk\u00e9 dekorace, restaurace, terasa s v\u00fdhledem na jezero, mo\u017enosti turistiky a plavby.<\/p>\n<p><strong><\/strong><\/p>\n<p><a href=\"https:\/\/booking.tp.st\/va2mYkRx\" target=\"_blank\" rel=\"noopener\"><strong>Hotel Trenker<\/strong><\/a>:<\/p>\n<p>Nach\u00e1zej\u00edc\u00ed se p\u00e1r kilometr\u016f od jezera, tento hotel nab\u00edz\u00ed pohodln\u00e9 ubytov\u00e1n\u00ed s snadn\u00fdm p\u0159\u00edstupem k Lago di Braies a okoln\u00edm atrakc\u00edm.<\/p>\n<p><strong>Vybaven\u00ed:<\/strong> Wellness a l\u00e1ze\u0148sk\u00e9 centrum, restaurace, p\u016fj\u010dovna kol, organizovan\u00e9 prohl\u00eddky.<\/p>\n<p><a href=\"https:\/\/booking.tp.st\/r2OXkPjz\" target=\"_blank\" rel=\"noopener\"><strong>Gasthof Huber<\/strong>:<\/a><\/p>\n<p>P\u016fvabn\u00fd penzion nach\u00e1zej\u00edc\u00ed se v Braies, nab\u00edzej\u00edc\u00ed \u00fatuln\u00fd a autentick\u00fd tyrolsk\u00fd z\u00e1\u017eitek.<\/p>\n<p><strong>Vybaven\u00ed:<\/strong> Restaurace pod\u00e1vaj\u00edc\u00ed m\u00edstn\u00ed kuchyni, zdarma parkov\u00e1n\u00ed, bl\u00edzkost turistick\u00fdch stezek.<\/p>\n<p><a href=\"https:\/\/www.booking.com\/searchresults.cs.html?aid=319857&amp;label=gstattlhof-KHR_E1ZBRNxjsx6%2AlHSr7AS438048200148%3Apl%3Ata%3Ap1%3Ap2%3Aac%3Aap%3Aneg%3Afi%3Atikwd-24393078084%3Alp1003839%3Ali%3Adec%3Adm%3Appccp%3DUmFuZG9tSVYkc2RlIyh9YeHkCqp9rpjz6uSz63bTeaw&amp;gclid=Cj0KCQiA_9u5BhCUARIsABbMSPss1f9UzTKY0VHPiSnHLskgEPkfvYSVpPdal4vyQTOCemDbzgtrp4caAl0PEALw_wcB&amp;highlighted_hotels=288333&amp;checkin=2025-01-27&amp;redirected=1&amp;city=900048517&amp;hlrd=without_av&amp;source=hotel&amp;checkout=2025-01-28&amp;keep_landing=1&amp;sid=8157ada333e0ff2abe84f5bf678c3f33\" target=\"_blank\" rel=\"noopener\"><strong>Gstattlhof<\/strong>:<\/a><\/p>\n<p>Mo\u017enost pobytu na farm\u011b, kter\u00e1 nab\u00edz\u00ed jedine\u010dn\u00fd a rustik\u00e1ln\u00ed z\u00e1\u017eitek, ide\u00e1ln\u00ed pro ty, kte\u0159\u00ed si u\u017e\u00edvaj\u00ed p\u0159\u00edrodu a klidnou atmosf\u00e9ru.<\/p>\n<p><strong>Vybaven\u00ed:<\/strong> Dom\u00e1c\u00ed v\u00fdrobky, d\u011btsk\u00e9 h\u0159i\u0161t\u011b, malebn\u00e9 v\u00fdhledy. Dom\u00e1c\u00ed mazl\u00ed\u010dci v\u00edt\u00e1ni.<\/p>\n<p><a href=\"https:\/\/www.camping-olympia.com\/en\/lago-di-braies-camping\/\" target=\"_blank\" rel=\"noopener\"><strong>Camping Olympia<\/strong>:<\/a><\/p>\n<p>Pokud d\u00e1v\u00e1te p\u0159ednost kempov\u00e1n\u00ed, Kemp Olympia nab\u00edz\u00ed skv\u011bl\u00e9 kempovac\u00ed m\u00edsto s modern\u00edmi za\u0159\u00edzen\u00edmi nedaleko Lago di Braies.<\/p>\n<p><strong>Vybaven\u00ed:<\/strong> Kempovac\u00ed plochy, mobiln\u00ed domy, baz\u00e9n, restaurace, d\u011btsk\u00e9 h\u0159i\u0161t\u011b a r\u016fzn\u00e9 venkovn\u00ed aktivity.<\/p>\n<p>Doporu\u010duji si ubytov\u00e1n\u00ed rezervovat p\u0159edem, zejm\u00e9na b\u011bhem turistick\u00e9 sez\u00f3ny.<\/p>\n<\/div><\/div><\/div><\/div><div class=\"et_pb_row_8 et_pb_row et_block_row\"><div class=\"et_pb_column_13 et_pb_column et_pb_column_4_4 et-last-child et_block_column et_pb_css_mix_blend_mode_passthrough\"><div class=\"et_pb_image_7 et_pb_image et_pb_module et_block_module\"><span class=\"et_pb_image_wrap\"><img loading=\"lazy\" decoding=\"async\" src=\"https:\/\/www.jsltravels.com\/cs\/wp-content\/uploads\/2025\/08\/Jezero-Braies.jpg\" width=\"700\" height=\"700\" srcset=\"https:\/\/www.jsltravels.com\/cs\/wp-content\/uploads\/2025\/08\/Jezero-Braies.jpg 700w, https:\/\/www.jsltravels.com\/cs\/wp-content\/uploads\/2025\/08\/Jezero-Braies-480x480.jpg 480w\" sizes=\"(min-width: 0px) and (max-width: 480px) 480px, (min-width: 481px) 700px, 100vw\" class=\"wp-image-267337\" title=\"Jezero Braies\" alt=\"chatka na k\u016flech, pr\u016fzra\u010dn\u00e1 voda a pl\u00e1\u017e\" \/><\/span><\/div><\/div><\/div><div class=\"et_pb_row_9 et_pb_row et_block_row\"><div class=\"et_pb_column_14 et_pb_column et_pb_column_4_4 et-last-child et_block_column et_pb_css_mix_blend_mode_passthrough\"><div class=\"et_pb_text_5 et_pb_text et_pb_bg_layout_light et_pb_module et_block_module\"><div class=\"et_pb_text_inner\"><div class=\"flex flex-grow flex-col max-w-full\">\n<div data-message-author-role=\"assistant\" data-message-id=\"583f91c9-7c57-4bc2-845f-20b95a71c734\" dir=\"auto\" class=\"min-h-[20px] text-message flex flex-col items-start whitespace-pre-wrap break-words [.text-message+&amp;]:mt-5 juice:w-full juice:items-end overflow-x-auto gap-2\">\n<div class=\"flex w-full flex-col gap-1 juice:empty:hidden juice:first:pt-[3px]\">\n<div class=\"markdown prose w-full break-words dark:prose-invert light\">\n<h3 style=\"text-align: center;\">Parkov\u00e1n\u00ed<\/h3>\n<\/div>\n<\/div>\n<\/div>\n<\/div>\n<h3 style=\"text-align: center;\"><\/h3>\n<\/div><\/div><div class=\"et_pb_text_6 et_pb_text et_pb_bg_layout_light et_pb_module et_block_module\"><div class=\"et_pb_text_inner\"><p><strong>Mimo sez\u00f3nu<\/strong><\/p>\n<p>(P\u0159ed 10. \u010dervencem a po 10. z\u00e1\u0159\u00ed)<\/p>\n<p>V tuto dobu \u00fadol\u00ed Pragser Tal nejsou \u017e\u00e1dn\u00e1 omezen\u00ed provozu, co\u017e v\u00e1m umo\u017e\u0148uje jet p\u0159\u00edmo na parkovi\u0161t\u011b pobl\u00ed\u017e Lago di Braies.<\/p>\n<p><strong>P\u0159es sez\u00f3nu<\/strong><\/p>\n<p>(10. \u010dervence - 10. z\u00e1\u0159\u00ed)<\/p>\n<p>Omezen\u00ed provozu je od 9:30 do 16:00, co\u017e znamen\u00e1, \u017ee m\u016f\u017eete k jezeru Lago di Braies p\u0159ijet bu\u010f p\u0159ed 9:30 r\u00e1no, nebo po 16:00 hodin\u011b, nebo vyu\u017e\u00edt ve\u0159ejnou dopravu, p\u011b\u0161\u00ed ch\u016fzi, j\u00edzdu na kole, online rezervaci nebo platn\u00fd pr\u016fkaz tranzitu.<\/p>\n<p><strong>Tip<\/strong>: Pokud pl\u00e1nujete n\u00e1v\u0161t\u011bvu mezi 9:30 a 16:00 hodinou b\u011bhem sez\u00f3ny, doporu\u010dujeme p\u0159edem zarezervovat parkov\u00e1n\u00ed.<\/p>\n<p>Dostupn\u00e1 parkovi\u0161t\u011b (ka\u017ed\u00e9 provozov\u00e1no jin\u00fdm provozovatelem):<\/p>\n<ul>\n<li><strong>Parkovi\u0161t\u011b P4<\/strong><\/li>\n<\/ul>\n<p>Vzd\u00e1lenost od jezera: 200 metr\u016f<\/p>\n<p>Poplatky: Prvn\u00edch 15 minut zdarma; 10 EUR za 3 hodiny (6:00 - 17:00); 0,80 EUR za dal\u0161\u00edch 30 minut; maxim\u00e1ln\u00ed denn\u00ed sazba 15 EUR<\/p>\n<p>Platba: Platba u automatu \"Kasse\/Cassa\" (hotovost\u00ed nebo debetn\u00ed kartou); platby kreditn\u00ed kartou uvnit\u0159 Hotelu Lago di Braies; poplatek za ztracen\u00fd l\u00edstek 50 EUR<\/p>\n<p>P\u0159edrezervace: Dostupn\u00e9 od \u010dervence na pragsparking.com. Poplatek - 38 EUR. Zahrnuje vstup na parkovi\u0161t\u011b (kdykoliv b\u011bhem dne), rezervovan\u00e9 parkovac\u00ed m\u00edsto a voucher v hodnot\u011b 15 EUR, kter\u00fd m\u016f\u017eete uplatnit v Emma\u2019s Bistro, nebo v Panorama Restaurant &amp; Chalet.<\/p>\n<ul>\n<li><strong>Parkovi\u0161t\u011b P3<\/strong><\/li>\n<\/ul>\n<p>Vzd\u00e1lenost od jezera: 500 metr\u016f<\/p>\n<p>Poplatky: 7 EUR za cel\u00fd den<\/p>\n<p>Platba: Pouze hotovost, vyb\u00edr\u00e1 obsluha<\/p>\n<p>P\u0159edrezervace: Dostupn\u00e9 na parking.speckstube-eggerhof.it. Poplatek - 7 EUR za cel\u00fd den.<\/p>\n<ul>\n<li><strong>Parkovi\u0161t\u011b P2<\/strong><\/li>\n<\/ul>\n<p>Vzd\u00e1lenost od jezera: 800 metr\u016f<\/p>\n<p>Poplatky: 6 EUR pro osobn\u00ed automobily, 2 EUR pro motorky, 12 EUR pro autobusy, 9 EUR pro karavany<\/p>\n<p>Platba: Platba na automatu vedle st\u00e1nku (mince nebo karta; p\u0159ineste mince, pokud karta nefunguje)<\/p>\n<p>P\u0159edrezervace: Dostupn\u00e9 na prags.bz<\/p>\n<ul>\n<li><strong>Parkovi\u0161t\u011b P1 (S\u00e4ge\/Segheria)<\/strong><\/li>\n<\/ul>\n<p>Vzd\u00e1lenost od jezera: 5,5 km<\/p>\n<p>Poplatky: Parkov\u00e1n\u00ed a poplatky za shuttle<\/p>\n<p>P\u0159edrezervace: Dostupn\u00e9 na prags.bz<\/p>\n<p>Pozn\u00e1mka: Vyu\u017e\u00edvejte pouze v p\u0159\u00edpad\u011b nedostupnosti jin\u00fdch mo\u017enost\u00ed b\u011bhem sez\u00f3ny.<\/p>\n<\/div><\/div><\/div><\/div><div class=\"et_pb_row_10 et_pb_row et_block_row\"><div class=\"et_pb_column_15 et_pb_column et_pb_column_1_2 et_block_column et_pb_css_mix_blend_mode_passthrough\"><div class=\"et_pb_image_8 et_pb_image et_pb_module et_block_module\"><a href=\"https:\/\/www.jsltravels.com\/cs\/wp-content\/uploads\/2025\/08\/Lago-Di-Braies.jpg\" class=\"et_pb_lightbox_image\" alt=\"d\u0159ev\u011bn\u00e1 chata u jezera Lago di Braies\"><span class=\"et_pb_image_wrap\"><img loading=\"lazy\" decoding=\"async\" src=\"https:\/\/www.jsltravels.com\/cs\/wp-content\/uploads\/2025\/08\/Lago-Di-Braies.jpg\" width=\"700\" height=\"700\" srcset=\"https:\/\/www.jsltravels.com\/cs\/wp-content\/uploads\/2025\/08\/Lago-Di-Braies.jpg 700w, https:\/\/www.jsltravels.com\/cs\/wp-content\/uploads\/2025\/08\/Lago-Di-Braies-480x480.jpg 480w\" sizes=\"(min-width: 0px) and (max-width: 480px) 480px, (min-width: 481px) 700px, 100vw\" class=\"wp-image-267342\" title=\"Lago Di Braies\" alt=\"d\u0159ev\u011bn\u00e1 chata u jezera Lago di Braies\" \/><\/span><\/a><\/div><\/div><div class=\"et_pb_column_16 et_pb_column et_pb_column_1_2 et-last-child et_block_column et_pb_css_mix_blend_mode_passthrough\"><div class=\"et_pb_image_9 et_pb_image et_pb_module et_block_module\"><span class=\"et_pb_image_wrap\"><img loading=\"lazy\" decoding=\"async\" src=\"https:\/\/www.jsltravels.com\/cs\/wp-content\/uploads\/2025\/08\/Jezero-Italie.jpg\" width=\"700\" height=\"700\" srcset=\"https:\/\/www.jsltravels.com\/cs\/wp-content\/uploads\/2025\/08\/Jezero-Italie.jpg 700w, https:\/\/www.jsltravels.com\/cs\/wp-content\/uploads\/2025\/08\/Jezero-Italie-480x480.jpg 480w\" sizes=\"(min-width: 0px) and (max-width: 480px) 480px, (min-width: 481px) 700px, 100vw\" class=\"wp-image-267338\" title=\"Jezero Italie\" alt=\"pr\u016fzra\u010dn\u00e1 voda italsk\u00e9ho jezera a hory za n\u00ed\" \/><\/span><\/div><\/div><\/div><div class=\"et_pb_row_11 et_pb_row et_block_row\"><div class=\"et_pb_column_17 et_pb_column et_pb_column_4_4 et-last-child et_block_column et_pb_css_mix_blend_mode_passthrough\"><div class=\"et_pb_code_0 et_pb_code et_pb_module\"><div class=\"et_pb_code_inner\"><script async src=\"https:\/\/c108.travelpayouts.com\/content?trs=336892&shmarker=560753&place=lago%20di%20braies&items=3&locale=en-US&powered_by=true&promo_id=4039\" charset=\"utf-8\"><\/script><\/div><\/div><\/div><\/div><\/div><div class=\"et_pb_section_2 et_pb_section et_section_regular et_block_section\"><div class=\"et_pb_row_12 et_pb_row et_block_row\"><div class=\"et_pb_column_18 et_pb_column et_pb_column_4_4 et-last-child et_block_column et_pb_css_mix_blend_mode_passthrough\"><div class=\"et_pb_text_7 et_pb_text et_pb_bg_layout_light et_pb_module et_block_module preset--module--divi-text--6a37cb13-2b94-42a8-bab7-ee75b1380e65\"><div class=\"et_pb_text_inner\"><p><strong>Upozorn\u011bn\u00ed<\/strong>: Tato \u010d\u00e1st obsahuje <strong>affiliate odkazy<\/strong>. To znamen\u00e1, \u017ee pokud kliknete a n\u011bco si koup\u00edte nebo zarezervujete, mohu z\u00edskat malou provizi \u2014 **<strong>bez jak\u00fdchkoli dodate\u010dn\u00fdch n\u00e1klad\u016f pro v\u00e1s<\/strong>**. Doporu\u010duji pouze slu\u017eby, kter\u00e9 sama pou\u017e\u00edv\u00e1m nebo kter\u00fdm opravdu v\u011b\u0159\u00edm. D\u011bkuji, \u017ee t\u00edmto zp\u016fsobem podporujete m\u016fj blog!<\/p>\n<p>&nbsp;<\/p>\n<\/div><\/div><\/div><\/div><div class=\"et_pb_row_13 et_pb_row et_pb_row_5col et_block_row et_block_row_5col\"><div class=\"et_pb_column_19 et_pb_column et_pb_column_1_5 et_block_column et_pb_css_mix_blend_mode_passthrough\"><div class=\"et_pb_text_8 et_pb_text et_pb_bg_layout_light et_pb_module et_block_module preset--module--divi-text--6a37cb13-2b94-42a8-bab7-ee75b1380e65\"><div class=\"et_pb_text_inner\"><p style=\"text-align: center;\"><strong>Cestuj chyt\u0159e a levn\u011bji<\/strong><\/p>\n<\/div><\/div><div class=\"et_pb_image_10 et_pb_image et_pb_module et_block_module\"><span class=\"et_pb_image_wrap\"><img loading=\"lazy\" decoding=\"async\" src=\"https:\/\/www.jsltravels.com\/cs\/wp-content\/uploads\/2025\/07\/letiste-airport.png\" width=\"980\" height=\"980\" srcset=\"https:\/\/www.jsltravels.com\/cs\/wp-content\/uploads\/2025\/07\/letiste-airport.png 980w, https:\/\/www.jsltravels.com\/cs\/wp-content\/uploads\/2025\/07\/letiste-airport-480x480.png 480w\" sizes=\"(min-width: 0px) and (max-width: 480px) 480px, (min-width: 481px) 980px, 100vw\" class=\"wp-image-267026\" title=\"letiste-airport\" alt=\"Blue suitcase with a yellow stripe, featuring a handle and wheels. Attached is a luggage tag with an airplane symbol, conveying travel.\" \/><\/span><\/div><div class=\"et_pb_blurb_0 et_pb_blurb et_pb_bg_layout_light et_pb_text_align_center et_pb_blurb_position_top et_pb_module et_block_module\"><div class=\"et_pb_blurb_content\"><div class=\"et_pb_main_blurb_image\"><span class=\"et_pb_image_wrap et_pb_only_image_mode_wrap\"><img decoding=\"async\" src=\"http:\/\/jsltravels.com\/wp-content\/uploads\/2024\/10\/letiste-airport.png\" \/><\/span><\/div><div class=\"et_pb_blurb_container\"><div class=\"et_pb_blurb_description\"><p>Ne\u010dekej a vyraz hned! Najdi nejlep\u0161\u00ed letenky za super ceny a za\u010dni sv\u00e9 dal\u0161\u00ed dobrodru\u017estv\u00ed je\u0161t\u011b dnes! \u21d3<\/p>\n<p><a href=\"https:\/\/cheapoair.tpx.lt\/L8xJmq7q\" target=\"_blank\" rel=\"noopener\"> flight deals<\/a>\u00a0<\/p>\n<\/div><\/div><\/div><\/div><\/div><div class=\"et_pb_column_20 et_pb_column et_pb_column_1_5 et_block_column et_pb_css_mix_blend_mode_passthrough\"><div class=\"et_pb_text_9 et_pb_text et_pb_bg_layout_light et_pb_module et_block_module preset--module--divi-text--6a37cb13-2b94-42a8-bab7-ee75b1380e65\"><div class=\"et_pb_text_inner\"><p style=\"text-align: center;\"><strong>Najdi ubytov\u00e1n\u00ed na m\u00edru<\/strong><\/p>\n<\/div><\/div><div class=\"et_pb_image_11 et_pb_image et_pb_module et_block_module\"><span class=\"et_pb_image_wrap\"><img loading=\"lazy\" decoding=\"async\" src=\"https:\/\/www.jsltravels.com\/cs\/wp-content\/uploads\/2025\/07\/hotel-zvonek.png\" width=\"980\" height=\"980\" srcset=\"https:\/\/www.jsltravels.com\/cs\/wp-content\/uploads\/2025\/07\/hotel-zvonek.png 980w, https:\/\/www.jsltravels.com\/cs\/wp-content\/uploads\/2025\/07\/hotel-zvonek-480x480.png 480w\" sizes=\"(min-width: 0px) and (max-width: 480px) 480px, (min-width: 481px) 980px, 100vw\" class=\"wp-image-267027\" title=\"hotel-zvonek\" alt=\"Illustration of a blue hotel door hanger with a yellow service bell on it. The bell has motion lines, suggesting ringing, conveying prompt service.\" \/><\/span><\/div><div class=\"et_pb_blurb_1 et_pb_blurb et_pb_bg_layout_light et_pb_text_align_center et_pb_blurb_position_top et_pb_module et_block_module\"><div class=\"et_pb_blurb_content\"><div class=\"et_pb_main_blurb_image\"><span class=\"et_pb_image_wrap et_pb_only_image_mode_wrap\"><img decoding=\"async\" src=\"http:\/\/jsltravels.com\/wp-content\/uploads\/2024\/10\/hotel-zvonek.png\" \/><\/span><\/div><div class=\"et_pb_blurb_container\"><div class=\"et_pb_blurb_description\"><p>Najdi ubytov\u00e1n\u00ed podle sv\u00fdch p\u0159edstav na <a href=\"https:\/\/booking.tp.st\/bU1dhdHU\" target=\"_blank\" rel=\"noopener\">Booking.com<\/a> nebo <a href=\"https:\/\/agoda.tp.st\/ybqLuoG3\" target=\"_blank\" rel=\"noopener\">Agoda.com<\/a><\/p>\n<\/div><\/div><\/div><\/div><\/div><div class=\"et_pb_column_21 et_pb_column et_pb_column_1_5 et_block_column et_pb_css_mix_blend_mode_passthrough\"><div class=\"et_pb_text_10 et_pb_text et_pb_bg_layout_light et_pb_module et_block_module preset--module--divi-text--6a37cb13-2b94-42a8-bab7-ee75b1380e65\"><div class=\"et_pb_text_inner\"><p style=\"text-align: center;\"><strong>Cestuj stylov\u011b<\/strong><\/p>\n<\/div><\/div><div class=\"et_pb_image_12 et_pb_image et_pb_module et_block_module\"><span class=\"et_pb_image_wrap\"><img loading=\"lazy\" decoding=\"async\" src=\"https:\/\/www.jsltravels.com\/cs\/wp-content\/uploads\/2025\/07\/pujcovna-rent-car.png\" width=\"980\" height=\"980\" srcset=\"https:\/\/www.jsltravels.com\/cs\/wp-content\/uploads\/2025\/07\/pujcovna-rent-car.png 980w, https:\/\/www.jsltravels.com\/cs\/wp-content\/uploads\/2025\/07\/pujcovna-rent-car-480x480.png 480w\" sizes=\"(min-width: 0px) and (max-width: 480px) 480px, (min-width: 481px) 980px, 100vw\" class=\"wp-image-267028\" title=\"pujcovna-rent-car\" alt=\"A pair of yellow keys attached to a blue key tag featuring a simple black car icon. The image conveys vehicle-related themes.\" \/><\/span><\/div><div class=\"et_pb_blurb_2 et_pb_blurb et_pb_bg_layout_light et_pb_blurb_position_top et_pb_module et_block_module\"><div class=\"et_pb_blurb_content\"><div class=\"et_pb_main_blurb_image\"><span class=\"et_pb_image_wrap et_pb_only_image_mode_wrap\"><img decoding=\"async\" src=\"http:\/\/jsltravels.com\/wp-content\/uploads\/2024\/10\/pujcovna-rent-car.png\" \/><\/span><\/div><div class=\"et_pb_blurb_container\"><div class=\"et_pb_blurb_description\"><p style=\"text-align: center;\">Rezervuj si auto podle sv\u00fdch p\u0159edstav s\u00a0<a href=\"https:\/\/rentalcars.tp.st\/2tvWugZd\" target=\"_blank\" rel=\"noopener\">Rentalcars.<\/a><\/p>\n<\/div><\/div><\/div><\/div><\/div><div class=\"et_pb_column_22 et_pb_column et_pb_column_1_5 et_block_column et_pb_css_mix_blend_mode_passthrough\"><div class=\"et_pb_text_11 et_pb_text et_pb_bg_layout_light et_pb_module et_block_module preset--module--divi-text--6a37cb13-2b94-42a8-bab7-ee75b1380e65\"><div class=\"et_pb_text_inner\"><p style=\"text-align: center;\"><strong>Bezpe\u010dn\u011b na internetu<\/strong><\/p>\n<\/div><\/div><div class=\"et_pb_image_13 et_pb_image et_pb_module et_block_module\"><span class=\"et_pb_image_wrap\"><img loading=\"lazy\" decoding=\"async\" src=\"https:\/\/www.jsltravels.com\/cs\/wp-content\/uploads\/2025\/07\/wifi-sit.png\" width=\"980\" height=\"980\" srcset=\"https:\/\/www.jsltravels.com\/cs\/wp-content\/uploads\/2025\/07\/wifi-sit.png 980w, https:\/\/www.jsltravels.com\/cs\/wp-content\/uploads\/2025\/07\/wifi-sit-480x480.png 480w\" sizes=\"(min-width: 0px) and (max-width: 480px) 480px, (min-width: 481px) 980px, 100vw\" class=\"wp-image-267029\" title=\"wifi-sit\" alt=\"Three curved blue lines form a Wi-Fi symbol above a yellow circle, on a white background. The design suggests connectivity and modern technology.\" \/><\/span><\/div><div class=\"et_pb_blurb_3 et_pb_blurb et_pb_bg_layout_light et_pb_blurb_position_top et_pb_module et_block_module\"><div class=\"et_pb_blurb_content\"><div class=\"et_pb_main_blurb_image\"><span class=\"et_pb_image_wrap et_pb_only_image_mode_wrap\"><img decoding=\"async\" src=\"http:\/\/jsltravels.com\/wp-content\/uploads\/2024\/10\/wifi-sit.png\" \/><\/span><\/div><div class=\"et_pb_blurb_container\"><div class=\"et_pb_blurb_description\"><p>Cestuj bezpe\u010dn\u011b, chra\u0148 sv\u00e1 data s VPN od <a href=\"https:\/\/get.surfshark.net\/aff_c?offer_id=1679&amp;aff_id=34459&amp;source=www.jsltravels.com\" target=\"_blank\" rel=\"noopener\">Surfshark.<\/a><\/p>\n<\/div><\/div><\/div><\/div><\/div><div class=\"et_pb_column_23 et_pb_column et_pb_column_1_5 et-last-child et_block_column et_pb_css_mix_blend_mode_passthrough\"><div class=\"et_pb_text_12 et_pb_text et_pb_bg_layout_light et_pb_module et_block_module preset--module--divi-text--6a37cb13-2b94-42a8-bab7-ee75b1380e65\"><div class=\"et_pb_text_inner\"><p style=\"text-align: center;\"><strong>Kup si l\u00edstek dop\u0159edu<\/strong><\/p>\n<\/div><\/div><div class=\"et_pb_image_14 et_pb_image et_pb_module et_block_module\"><span class=\"et_pb_image_wrap\"><img loading=\"lazy\" decoding=\"async\" src=\"https:\/\/www.jsltravels.com\/cs\/wp-content\/uploads\/2025\/07\/vstupenka-ticket.png\" width=\"980\" height=\"980\" srcset=\"https:\/\/www.jsltravels.com\/cs\/wp-content\/uploads\/2025\/07\/vstupenka-ticket.png 980w, https:\/\/www.jsltravels.com\/cs\/wp-content\/uploads\/2025\/07\/vstupenka-ticket-480x480.png 480w\" sizes=\"(min-width: 0px) and (max-width: 480px) 480px, (min-width: 481px) 980px, 100vw\" class=\"wp-image-267030\" title=\"vstupenka-ticket\" alt=\"A stylized blue ticket with a yellow top edge featuring numbers. It has the word &quot;TICKET&quot; written in bold blue letters and a yellow circle accent.\" \/><\/span><\/div><div class=\"et_pb_blurb_4 et_pb_blurb et_pb_bg_layout_light et_pb_text_align_center et_pb_blurb_position_top et_pb_module et_block_module\"><div class=\"et_pb_blurb_content\"><div class=\"et_pb_main_blurb_image\"><span class=\"et_pb_image_wrap et_pb_only_image_mode_wrap\"><img decoding=\"async\" src=\"http:\/\/jsltravels.com\/wp-content\/uploads\/2024\/10\/vstupenka-ticket.png\" \/><\/span><\/div><div class=\"et_pb_blurb_container\"><div class=\"et_pb_blurb_description\"><p>Kup vstupenky na <a href=\"https:\/\/getyourguide.tp.st\/zP4xD4xO\" target=\"_blank\" rel=\"noopener\">nejlep\u0161\u00ed prohl\u00eddky a atrakce<\/a> p\u0159edem.<br \/><a href=\"https:\/\/getyourguide.tp.st\/zP4xD4xO\" target=\"_blank\" rel=\"noopener\"><\/a>\u00a0<\/p>\n<\/div><\/div><\/div><\/div><\/div><\/div><\/div><div class=\"et_pb_section_3 et_pb_section et_section_regular et_block_section\"><div class=\"et_pb_row_14 et_pb_row et_block_row\"><div class=\"et_pb_column_24 et_pb_column et_pb_column_4_4 et-last-child et_block_column et_pb_css_mix_blend_mode_passthrough\"><div class=\"et_pb_post_nav_0 et_pb_posts_nav nav-single et_pb_module et_flex_module\"><span class=\"nav-previous\"><a href=\"https:\/\/www.jsltravels.com\/cs\/co-videt-na-sri-lance\" rel=\"prev\" class=\"\"><span class=\"meta-nav\">&larr; <\/span><span class=\"nav-label\">Co vid\u011bt na Sr\u00ed Lance \u2013 5 m\u00edst, kter\u00e1 mus\u00edte nav\u0161t\u00edvit<\/span><\/a><\/span><span class=\"nav-next\"><a href=\"https:\/\/www.jsltravels.com\/cs\/benatky-pruvodce-a-rady\" rel=\"next\" class=\"\"><span class=\"nav-label\">Ben\u00e1tky \u2013 Pr\u016fvodce a rady<\/span><span class=\"meta-nav\"> &rarr;<\/span><\/a><\/span><\/div><\/div><\/div><\/div><div class=\"et_pb_section_4 et_pb_section et_section_regular et_block_section\"><div class=\"et_pb_row_15 et_pb_row et_block_row\"><div class=\"et_pb_column_25 et_pb_column et_pb_column_4_4 et-last-child et_block_column et_pb_css_mix_blend_mode_passthrough\"><div class=\"et_pb_blog_0 et_pb_blog et_pb_bg_layout_light et_pb_posts et_pb_module\"><div class=\"et_pb_ajax_pagination_container\"><div class=\"et_pb_posts et_grid_module\"><article class=\"et_pb_post et_pb_post_id_268731 clearfix et_pb_blog_item_0_0 post-268731 post type-post status-publish format-standard has-post-thumbnail hentry category-destinace category-kalifornie category-severni-amerika category-uncategorized category-zivot-v-usa\"><div class=\"et_pb_image_container\"><a href=\"https:\/\/www.jsltravels.com\/cs\/meho-psa-ustknul-chrestys-v-los-angeles\" class=\"entry-featured-image-url\"><img loading=\"lazy\" decoding=\"async\" src=\"https:\/\/www.jsltravels.com\/cs\/wp-content\/uploads\/2026\/03\/rattlesnake-LA.png\" width=\"1536\" height=\"1024\" alt=\"Coiled rattlesnake at sunset\" class=\"\" \/><span data-icon=\"\ue050\" class=\"et_overlay et_pb_inline_icon\"><\/span><\/a><\/div><h2 class=\"entry-title\"><a href=\"https:\/\/www.jsltravels.com\/cs\/meho-psa-ustknul-chrestys-v-los-angeles\">M\u00e9ho psa u\u0161tknul ch\u0159est\u00fd\u0161 v Los Angeles<\/a><\/h2><p class=\"post-meta\"><span class=\"entry-categories\"><a href=\"https:\/\/www.jsltravels.com\/cs\/category\/destinace\" rel=\"tag\">Destinace<\/a>, <a href=\"https:\/\/www.jsltravels.com\/cs\/category\/destinace\/severni-amerika\/kalifornie\" rel=\"tag\">Kalifornie<\/a>, <a href=\"https:\/\/www.jsltravels.com\/cs\/category\/destinace\/severni-amerika\" rel=\"tag\">Severn\u00ed Amerika<\/a>, <a href=\"https:\/\/www.jsltravels.com\/cs\/category\/uncategorized\" rel=\"tag\">Uncategorized<\/a>, <a href=\"https:\/\/www.jsltravels.com\/cs\/category\/zivot-v-usa\" rel=\"tag\">\u017divot-v-usa<\/a><\/span><\/p><div class=\"post-content\"><div class=\"post-content-inner\"><\/div><\/div><\/article><article class=\"et_pb_post et_pb_post_id_268676 clearfix et_pb_blog_item_0_1 post-268676 post type-post status-publish format-standard has-post-thumbnail hentry category-chorvatsko category-destinace category-evropa\"><div class=\"et_pb_image_container\"><a href=\"https:\/\/www.jsltravels.com\/cs\/top-7-mist-v-chorvatsku-z-naseho-roadtripu\" class=\"entry-featured-image-url\"><img loading=\"lazy\" decoding=\"async\" src=\"https:\/\/www.jsltravels.com\/cs\/wp-content\/uploads\/2026\/02\/Split-dinner.jpg\" width=\"600\" height=\"800\" alt=\"Letn\u00ed ve\u010de\u0159e v historick\u00e9m centru Splitu s v\u00fdhledem na mo\u0159e, Chorvatsko\" class=\"\" \/><span data-icon=\"\ue050\" class=\"et_overlay et_pb_inline_icon\"><\/span><\/a><\/div><h2 class=\"entry-title\"><a href=\"https:\/\/www.jsltravels.com\/cs\/top-7-mist-v-chorvatsku-z-naseho-roadtripu\">TOP 7 m\u00edst v Chorvatsku z na\u0161eho roadtripu<\/a><\/h2><p class=\"post-meta\"><span class=\"entry-categories\"><a href=\"https:\/\/www.jsltravels.com\/cs\/category\/destinace\/evropa\/chorvatsko\" rel=\"tag\">Chorvatsko<\/a>, <a href=\"https:\/\/www.jsltravels.com\/cs\/category\/destinace\" rel=\"tag\">Destinace<\/a>, <a href=\"https:\/\/www.jsltravels.com\/cs\/category\/destinace\/evropa\" rel=\"tag\">Evropa<\/a><\/span><\/p><div class=\"post-content\"><div class=\"post-content-inner\"><\/div><\/div><\/article><article class=\"et_pb_post et_pb_post_id_268659 clearfix et_pb_blog_item_0_2 post-268659 post type-post status-publish format-standard has-post-thumbnail hentry category-destinace category-zivot-v-usa\"><div class=\"et_pb_image_container\"><a href=\"https:\/\/www.jsltravels.com\/cs\/jak-prezit-leden\" class=\"entry-featured-image-url\"><img loading=\"lazy\" decoding=\"async\" src=\"https:\/\/www.jsltravels.com\/cs\/wp-content\/uploads\/2026\/01\/Lets-explore-the-world-together.png\" width=\"1536\" height=\"1024\" alt=\"Jak p\u0159e\u017e\u00edt leden vision board\" class=\"\" \/><span data-icon=\"\ue050\" class=\"et_overlay et_pb_inline_icon\"><\/span><\/a><\/div><h2 class=\"entry-title\"><a href=\"https:\/\/www.jsltravels.com\/cs\/jak-prezit-leden\">Jak p\u0159e\u017e\u00edt leden<\/a><\/h2><p class=\"post-meta\"><span class=\"entry-categories\"><a href=\"https:\/\/www.jsltravels.com\/cs\/category\/destinace\" rel=\"tag\">Destinace<\/a>, <a href=\"https:\/\/www.jsltravels.com\/cs\/category\/zivot-v-usa\" rel=\"tag\">\u017divot-v-usa<\/a><\/span><\/p><div class=\"post-content\"><div class=\"post-content-inner\"><\/div><\/div><\/article><\/div><\/div><\/div><\/div><\/div><\/div>","protected":false},"excerpt":{"rendered":"<p>Lago di Braies, zn\u00e1m\u00e9 tak\u00e9 jako Pragser Wildsee, je n\u00e1dhern\u00e9 alpsk\u00e9 jezero nach\u00e1zej\u00edc\u00ed se v Dolomitech v Ji\u017en\u00edm Tyrolsku v It\u00e1lii. Proslul\u00e9 je sv\u00fdmi&#8230;<\/p>\n","protected":false},"author":1,"featured_media":264566,"comment_status":"open","ping_status":"open","sticky":false,"template":"","format":"standard","meta":{"footnotes":""},"categories":[41,42,45],"tags":[],"post_folder":[40],"class_list":["post-259047","post","type-post","status-publish","format-standard","has-post-thumbnail","hentry","category-destinace","category-evropa","category-italie"],"_links":{"self":[{"href":"https:\/\/www.jsltravels.com\/cs\/wp-json\/wp\/v2\/posts\/259047","targetHints":{"allow":["GET"]}}],"collection":[{"href":"https:\/\/www.jsltravels.com\/cs\/wp-json\/wp\/v2\/posts"}],"about":[{"href":"https:\/\/www.jsltravels.com\/cs\/wp-json\/wp\/v2\/types\/post"}],"author":[{"embeddable":true,"href":"https:\/\/www.jsltravels.com\/cs\/wp-json\/wp\/v2\/users\/1"}],"replies":[{"embeddable":true,"href":"https:\/\/www.jsltravels.com\/cs\/wp-json\/wp\/v2\/comments?post=259047"}],"version-history":[{"count":5,"href":"https:\/\/www.jsltravels.com\/cs\/wp-json\/wp\/v2\/posts\/259047\/revisions"}],"predecessor-version":[{"id":268765,"href":"https:\/\/www.jsltravels.com\/cs\/wp-json\/wp\/v2\/posts\/259047\/revisions\/268765"}],"wp:featuredmedia":[{"embeddable":true,"href":"https:\/\/www.jsltravels.com\/cs\/wp-json\/wp\/v2\/media\/264566"}],"wp:attachment":[{"href":"https:\/\/www.jsltravels.com\/cs\/wp-json\/wp\/v2\/media?parent=259047"}],"wp:term":[{"taxonomy":"category","embeddable":true,"href":"https:\/\/www.jsltravels.com\/cs\/wp-json\/wp\/v2\/categories?post=259047"},{"taxonomy":"post_tag","embeddable":true,"href":"https:\/\/www.jsltravels.com\/cs\/wp-json\/wp\/v2\/tags?post=259047"},{"taxonomy":"post_folder","embeddable":true,"href":"https:\/\/www.jsltravels.com\/cs\/wp-json\/wp\/v2\/post_folder?post=259047"}],"curies":[{"name":"wp","href":"https:\/\/api.w.org\/{rel}","templated":true}]}}