{"id":259070,"date":"2024-06-13T12:21:22","date_gmt":"2024-06-13T12:21:22","guid":{"rendered":"http:\/\/jsltravels.com\/?p=259070"},"modified":"2026-04-01T06:41:54","modified_gmt":"2026-04-01T06:41:54","slug":"benatky-pruvodce-a-rady","status":"publish","type":"post","link":"https:\/\/www.jsltravels.com\/cs\/benatky-pruvodce-a-rady","title":{"rendered":"Ben\u00e1tky &#8211; Pr\u016fvodce a rady"},"content":{"rendered":"<div class=\"et_pb_section_0 et_pb_section et_section_regular et_block_section\"><div class=\"et_pb_row_0 et_pb_row et_pb_gutters1 et_block_row\"><div class=\"et_pb_column_0 et_pb_column et_pb_column_1_2 et_block_column et_pb_css_mix_blend_mode_passthrough\"><div class=\"et_pb_text_0 et_pb_text et_pb_bg_layout_light et_pb_module et_block_module\"><div class=\"et_pb_text_inner\"><h1>Ben\u00e1tky \u2013 pr\u016fvodce a rady<\/h1>\n<\/div><\/div><\/div><div class=\"et_pb_column_1 et_pb_column et_pb_column_1_2 et-last-child et_block_column et_pb_column_empty et_pb_css_mix_blend_mode_passthrough\"><\/div><\/div><\/div><div class=\"et_pb_section_1 et_pb_section et_section_regular et_block_section\"><div class=\"et_pb_row_1 et_pb_row et_block_row\"><div class=\"et_pb_column_2 et_pb_column et_pb_column_4_4 et-last-child et_block_column et_pb_css_mix_blend_mode_passthrough\"><div class=\"et_pb_text_1 et_pb_text et_pb_bg_layout_light et_pb_module et_block_module\"><div class=\"et_pb_text_inner\"><h2 style=\"text-align: center;\">Ben\u00e1tky, It\u00e1lie, jsou unik\u00e1tn\u00edm a historick\u00fdm m\u011bstem zn\u00e1m\u00fdm sv\u00fdm slo\u017eit\u00fdm syst\u00e9mem kan\u00e1l\u016f, bohat\u00fdm kulturn\u00edm d\u011bdictv\u00edm a \u00fachvatnou architekturou.<\/h2>\n<\/div><\/div><\/div><\/div><div class=\"et_pb_row_2 et_pb_row et_block_row\"><div class=\"et_pb_column_3 et_pb_column et_pb_column_4_4 et-last-child et_block_column et_pb_css_mix_blend_mode_passthrough\"><div class=\"et_pb_image_0 et_pb_image et_pb_module et_block_module\"><a href=\"https:\/\/www.jsltravels.com\/cs\/wp-content\/uploads\/2025\/08\/Chlapec-a-Benatky.jpg\" class=\"et_pb_lightbox_image\" alt=\"\u017eena stoj\u00ed na most\u011b p\u0159es kan\u00e1l v Ben\u00e1tk\u00e1ch, dr\u017e\u00ed mal\u00e9 d\u00edt\u011b v n\u00e1ru\u010d\u00ed\"><span class=\"et_pb_image_wrap\"><img loading=\"lazy\" decoding=\"async\" src=\"https:\/\/www.jsltravels.com\/cs\/wp-content\/uploads\/2025\/08\/Chlapec-a-Benatky.jpg\" width=\"600\" height=\"800\" srcset=\"https:\/\/www.jsltravels.com\/cs\/wp-content\/uploads\/2025\/08\/Chlapec-a-Benatky.jpg 600w, https:\/\/www.jsltravels.com\/cs\/wp-content\/uploads\/2025\/08\/Chlapec-a-Benatky-480x640.jpg 480w\" sizes=\"(min-width: 0px) and (max-width: 480px) 480px, (min-width: 481px) 600px, 100vw\" class=\"wp-image-267350\" title=\"Chlapec a Benatky\" alt=\"\u017eena stoj\u00ed na most\u011b p\u0159es kan\u00e1l v Ben\u00e1tk\u00e1ch, dr\u017e\u00ed mal\u00e9 d\u00edt\u011b v n\u00e1ru\u010d\u00ed\" \/><\/span><\/a><\/div><\/div><\/div><div class=\"et_pb_row_3 et_pb_row et_block_row\"><div class=\"et_pb_column_4 et_pb_column et_pb_column_4_4 et-last-child et_block_column et_pb_css_mix_blend_mode_passthrough\"><div class=\"et_pb_text_2 et_pb_text et_pb_bg_layout_light et_pb_module et_block_module\"><div class=\"et_pb_text_inner\"><h2>Jak do Ben\u00e1tek autem<\/h2>\n<p data-start=\"17\" data-end=\"36\"><strong data-start=\"17\" data-end=\"36\">Je\u010fte do Mestre<\/strong><\/p>\n<p data-start=\"38\" data-end=\"172\">Mestre je nejbli\u017e\u0161\u00ed m\u011bsto na pevninsk\u00e9 \u010d\u00e1sti k Ben\u00e1tk\u00e1m a je dob\u0159e napojen\u00e9 silnicemi. Hlavn\u00ed d\u00e1lnice, jako A4 a A27, vedou do Mestre.<\/p>\n<p data-start=\"182\" data-end=\"210\"><strong data-start=\"182\" data-end=\"210\">P\u0159eje\u010fte most do Ben\u00e1tek<\/strong><\/p>\n<p data-start=\"212\" data-end=\"388\">Z Mestre p\u0159ejedete p\u0159es Ponte della Libert\u00e0 (Most svobody), kter\u00fd je jedin\u00fdm silni\u010dn\u00edm mostem spojuj\u00edc\u00edm pevninskou \u010d\u00e1st s Ben\u00e1tkami. Most je dlouh\u00fd asi 4 kilometry (2,5 m\u00edle).<\/p>\n<p data-start=\"390\" data-end=\"415\"><strong data-start=\"390\" data-end=\"415\">Parkov\u00e1n\u00ed v Ben\u00e1tk\u00e1ch<\/strong><\/p>\n<p data-start=\"417\" data-end=\"546\">Vzhledem k tomu, \u017ee Ben\u00e1tky jsou bez aut, budete muset zaparkovat na jednom z vyhrazen\u00fdch parkovi\u0161\u0165 na konci Ponte della Libert\u00e0.<\/p>\n<p data-start=\"548\" data-end=\"575\">Obl\u00edben\u00e9 mo\u017enosti zahrnuj\u00ed:<\/p>\n<ul data-start=\"577\" data-end=\"1176\">\n<li data-start=\"577\" data-end=\"892\">\n<p data-start=\"579\" data-end=\"892\"><strong data-start=\"579\" data-end=\"597\">Piazzale Roma:<\/strong> Toto je hlavn\u00ed parkovi\u0161t\u011b a nejbli\u017e\u0161\u00ed m\u00edsto k historick\u00e9mu centru, kam m\u016f\u017eete autem dojet. Parkov\u00e1n\u00ed stoj\u00ed p\u0159ibli\u017en\u011b 45 EUR za den a je ur\u010deno v\u00fdhradn\u011b pro osobn\u00ed automobily, ne pro autobusy nebo kamiony. Odtud se do centra dostanete p\u011b\u0161ky za m\u00e9n\u011b ne\u017e 30 minut nebo m\u016f\u017eete jet vodn\u00edm autobusem.<\/p>\n<\/li>\n<li data-start=\"896\" data-end=\"1176\">\n<p data-start=\"898\" data-end=\"1176\"><strong data-start=\"898\" data-end=\"924\">Parkovi\u0161t\u011b Tronchetto:<\/strong> Nach\u00e1z\u00ed se na um\u011bl\u00e9m ostrov\u011b na z\u00e1pad od Piazzale Roma. Je to velk\u00e9 parkovi\u0161t\u011b s v\u00edcepatrov\u00fdm za\u0159\u00edzen\u00edm. N\u00e1klady jsou ni\u017e\u0161\u00ed ne\u017e v Piazzale Roma a m\u016f\u017eete zde parkovat dod\u00e1vky, kamiony nebo autobusy. Do centra se dostanete vodn\u00edm autobusem z Tronchetto.<\/p>\n<\/li>\n<\/ul>\n<p data-start=\"1178\" data-end=\"1209\"><strong data-start=\"1178\" data-end=\"1209\">P\u0159esun do samotn\u00fdch Ben\u00e1tek<\/strong><\/p>\n<p data-start=\"1211\" data-end=\"1287\">Z Piazzale Roma nebo Tronchetto se do historick\u00e9ho centra Ben\u00e1tek dostanete:<\/p>\n<ul data-start=\"1289\" data-end=\"1577\">\n<li data-start=\"1289\" data-end=\"1341\"><strong data-start=\"1291\" data-end=\"1301\">P\u011b\u0161ky:<\/strong> Z Piazzale Roma je to kr\u00e1tk\u00e1 proch\u00e1zka.<\/li>\n<li data-start=\"1342\" data-end=\"1462\"><strong data-start=\"1344\" data-end=\"1374\">Vaporetto (vodn\u00ed autobus):<\/strong> Pravideln\u00e9 spoje jezd\u00ed jak z Piazzale Roma, tak z Tronchetto na r\u016fzn\u00e9 body v Ben\u00e1tk\u00e1ch.<\/li>\n<li data-start=\"1463\" data-end=\"1577\"><strong data-start=\"1465\" data-end=\"1482\">People Mover:<\/strong> Kr\u00e1tk\u00e1 visut\u00e1 dr\u00e1ha, kter\u00e1 spojuje Tronchetto s Piazzale Roma a p\u0159\u00edstavi\u0161t\u011bm pro v\u00fdletn\u00ed lod\u011b.<\/li>\n<\/ul>\n<p data-start=\"1579\" data-end=\"1587\"><strong data-start=\"1579\" data-end=\"1587\">NEBO<\/strong><\/p>\n<p data-start=\"1589\" data-end=\"1617\"><strong data-start=\"1589\" data-end=\"1617\">Nechte sv\u00e9 auto v Mestre<\/strong><\/p>\n<p data-start=\"1619\" data-end=\"1853\">Jako levn\u011bj\u0161\u00ed alternativu (v\u011bt\u0161ina parkovi\u0161\u0165 stoj\u00ed m\u00e9n\u011b ne\u017e 10 EUR) m\u016f\u017eete nechat auto v Mestre a jet autobusem, vlakem nebo tramvaj\u00ed na Piazzale Roma (10 minut j\u00edzdy). Z Piazzale Roma pokra\u010dujte do centra p\u011b\u0161ky nebo vodn\u00edm autobusem.<\/p>\n<\/div><\/div><\/div><\/div><div class=\"et_pb_row_4 et_pb_row et_block_row\"><div class=\"et_pb_column_5 et_pb_column et_pb_column_1_3 et_block_column et_pb_css_mix_blend_mode_passthrough\"><div class=\"et_pb_image_1 et_pb_image et_pb_module et_block_module\"><a href=\"https:\/\/www.jsltravels.com\/cs\/wp-content\/uploads\/2025\/08\/Kanal-v-Benatkach.jpg\" class=\"et_pb_lightbox_image\" alt=\"lo\u010fky v kan\u00e1lu v Ben\u00e1tk\u00e1ch, modr\u00e1 obloha\"><span class=\"et_pb_image_wrap\"><img loading=\"lazy\" decoding=\"async\" src=\"https:\/\/www.jsltravels.com\/cs\/wp-content\/uploads\/2025\/08\/Kanal-v-Benatkach.jpg\" width=\"600\" height=\"800\" srcset=\"https:\/\/www.jsltravels.com\/cs\/wp-content\/uploads\/2025\/08\/Kanal-v-Benatkach.jpg 600w, https:\/\/www.jsltravels.com\/cs\/wp-content\/uploads\/2025\/08\/Kanal-v-Benatkach-480x640.jpg 480w\" sizes=\"(min-width: 0px) and (max-width: 480px) 480px, (min-width: 481px) 600px, 100vw\" class=\"wp-image-267351\" title=\"Kan\u00e1l v Ben\u00e1tk\u00e1ch\" alt=\"lo\u010fky v kan\u00e1lu v Ben\u00e1tk\u00e1ch, modr\u00e1 obloha\" \/><\/span><\/a><\/div><\/div><div class=\"et_pb_column_6 et_pb_column et_pb_column_1_3 et_block_column et_pb_css_mix_blend_mode_passthrough\"><div class=\"et_pb_image_2 et_pb_image et_pb_module et_block_module\"><a href=\"https:\/\/www.jsltravels.com\/cs\/wp-content\/uploads\/2025\/08\/Radost-v-Benatkach.jpg\" class=\"et_pb_lightbox_image\" alt=\"\u017eena radostn\u011b dr\u017e\u00ed mal\u00e9ho chlapce sed\u00edc\u00edho na d\u0159ev\u011bn\u00fdch schodech v Ben\u00e1tk\u00e1ch\"><span class=\"et_pb_image_wrap\"><img loading=\"lazy\" decoding=\"async\" src=\"https:\/\/www.jsltravels.com\/cs\/wp-content\/uploads\/2025\/08\/Radost-v-Benatkach.jpg\" width=\"600\" height=\"800\" srcset=\"https:\/\/www.jsltravels.com\/cs\/wp-content\/uploads\/2025\/08\/Radost-v-Benatkach.jpg 600w, https:\/\/www.jsltravels.com\/cs\/wp-content\/uploads\/2025\/08\/Radost-v-Benatkach-480x640.jpg 480w\" sizes=\"(min-width: 0px) and (max-width: 480px) 480px, (min-width: 481px) 600px, 100vw\" class=\"wp-image-267356\" title=\"Radost v Ben\u00e1tk\u00e1ch\" alt=\"\u017eena radostn\u011b dr\u017e\u00ed mal\u00e9ho chlapce sed\u00edc\u00edho na d\u0159ev\u011bn\u00fdch schodech v Ben\u00e1tk\u00e1ch\" \/><\/span><\/a><\/div><\/div><div class=\"et_pb_column_7 et_pb_column et_pb_column_1_3 et-last-child et_block_column et_pb_css_mix_blend_mode_passthrough\"><div class=\"et_pb_image_3 et_pb_image et_pb_module et_block_module\"><a href=\"https:\/\/www.jsltravels.com\/cs\/wp-content\/uploads\/2025\/08\/Otec-a-syn.jpg\" class=\"et_pb_lightbox_image\" alt=\"otec vyzdvihuje syna nad hlavu, za nimi je \u0159eka s lod\u011bmi a italsk\u00e9 m\u011bsto Ben\u00e1tky\"><span class=\"et_pb_image_wrap\"><img loading=\"lazy\" decoding=\"async\" src=\"https:\/\/www.jsltravels.com\/cs\/wp-content\/uploads\/2025\/08\/Otec-a-syn.jpg\" width=\"600\" height=\"800\" srcset=\"https:\/\/www.jsltravels.com\/cs\/wp-content\/uploads\/2025\/08\/Otec-a-syn.jpg 600w, https:\/\/www.jsltravels.com\/cs\/wp-content\/uploads\/2025\/08\/Otec-a-syn-480x640.jpg 480w\" sizes=\"(min-width: 0px) and (max-width: 480px) 480px, (min-width: 481px) 600px, 100vw\" class=\"wp-image-267354\" title=\"Otec a syn\" alt=\"otec vyzdvihuje syna nad hlavu, za nimi je \u0159eka s lod\u011bmi a italsk\u00e9 m\u011bsto Ben\u00e1tky\" \/><\/span><\/a><\/div><\/div><\/div><div class=\"et_pb_row_5 et_pb_row et_block_row\"><div class=\"et_pb_column_8 et_pb_column et_pb_column_4_4 et-last-child et_block_column et_pb_css_mix_blend_mode_passthrough\"><div class=\"et_pb_text_3 et_pb_text et_pb_bg_layout_light et_pb_module et_block_module\"><div class=\"et_pb_text_inner\"><h3 class=\"wp-block-heading\" style=\"text-align: center;\">Zaj\u00edmavosti o Ben\u00e1tk\u00e1ch<\/h3>\n<p data-start=\"0\" data-end=\"165\"><strong data-start=\"0\" data-end=\"37\">\u017d\u00e1dn\u00e9 silnice, jen mosty a kan\u00e1ly<\/strong> \u2013 Ben\u00e1tky se skl\u00e1daj\u00ed z 118 ostrov\u016f propojen\u00fdch 177 kan\u00e1ly a 417 mosty, bez aut nebo autobus\u016f! Z t\u011bchto most\u016f je 72 soukrom\u00fdch.<\/p>\n<p data-start=\"167\" data-end=\"265\"><strong data-start=\"167\" data-end=\"185\">Tradice gondol<\/strong> \u2013 Gondoly se pou\u017e\u00edvaj\u00ed u\u017e v\u00edce ne\u017e 1 000 let a dnes je ve m\u011bst\u011b asi 400 gondol.<\/p>\n<p data-start=\"267\" data-end=\"398\"><strong data-start=\"267\" data-end=\"285\">Prvn\u00ed karneval<\/strong> \u2013 Slavn\u00fdm ben\u00e1tsk\u00fdm karnevalem se m\u011bsto py\u0161n\u00ed u\u017e od 11. stolet\u00ed, zn\u00e1m\u00fdm sv\u00fdmi propracovan\u00fdmi maskami a oslavami.<\/p>\n<p data-start=\"400\" data-end=\"503\"><strong data-start=\"400\" data-end=\"415\">Slavn\u00e9 sklo<\/strong> \u2013 Nedalek\u00fd ostrov Murano je zn\u00e1m\u00fd svou v\u00fdrobou skla, kterou se zab\u00fdv\u00e1 v\u00edce ne\u017e 700 let.<\/p>\n<p data-start=\"505\" data-end=\"650\"><strong data-start=\"505\" data-end=\"523\">Plovouc\u00ed m\u011bsto<\/strong> \u2013 Ben\u00e1tky jsou postaveny na d\u0159ev\u011bn\u00fdch z\u00e1kladech a pomalu klesaj\u00ed kv\u016fli rostouc\u00ed hladin\u011b vody a usazuj\u00edc\u00edm se d\u0159ev\u011bn\u00fdm pilot\u016fm.<\/p>\n<p data-start=\"652\" data-end=\"763\"><strong data-start=\"652\" data-end=\"671\">Jedine\u010dn\u00e9 mosty<\/strong> \u2013 Rialtsk\u00fd most je jedn\u00edm z nejstar\u0161\u00edch a nejikoni\u010dt\u011bj\u0161\u00edch ve m\u011bst\u011b, poch\u00e1z\u00ed z 16. stolet\u00ed.<\/p>\n<p data-start=\"765\" data-end=\"902\"><strong data-start=\"765\" data-end=\"786\">N\u00e1m\u011bst\u00ed sv. Marka<\/strong> \u2013 N\u00e1m\u011bst\u00ed bylo kdysi tr\u017ei\u0161t\u011bm m\u011bsta a p\u0159i vysok\u00fdch p\u0159\u00edlivech se m\u016f\u017ee zaplavit, \u010d\u00edm\u017e se do\u010dasn\u011b prom\u011bn\u00ed ve \u201evodn\u00ed n\u00e1m\u011bst\u00ed\u201c.<\/p>\n<p data-start=\"904\" data-end=\"1116\"><strong data-start=\"904\" data-end=\"926\">Klesaj\u00edc\u00ed populace<\/strong> \u2013 Po\u010det obyvatel Ben\u00e1tek se za posledn\u00edch 50 let sn\u00ed\u017eil z 120 000 na 60 000. Odborn\u00edci p\u0159edpov\u00eddaj\u00ed, \u017ee do roku 2030 by se Ben\u00e1tky mohly st\u00e1t m\u011bstem duch\u016f, kam by denn\u011b chodili jen turist\u00e9.<\/p>\n<p data-start=\"1118\" data-end=\"1181\" data-is-last-node=\"\" data-is-only-node=\"\">Pokud jste je\u0161t\u011b Ben\u00e1tky neprozkoumali, te\u010f je ten spr\u00e1vn\u00fd \u010das!<\/p>\n<div dir=\"ltr\" style=\"text-align: center;\">\n<p>&nbsp;<\/p>\n<\/div>\n<\/div><\/div><\/div><\/div><div class=\"et_pb_row_6 et_pb_row et_block_row\"><div class=\"et_pb_column_9 et_pb_column et_pb_column_4_4 et-last-child et_block_column et_pb_css_mix_blend_mode_passthrough\"><div class=\"et_pb_text_4 et_pb_text et_pb_bg_layout_light et_pb_module et_block_module\"><div class=\"et_pb_text_inner\"><h3>Kolik \u010dasu pot\u0159ebujete na Ben\u00e1tky<\/h3>\n<h3 style=\"text-align: center;\"><\/h3>\n<\/div><\/div><div class=\"et_pb_text_5 et_pb_text et_pb_bg_layout_light et_pb_module et_block_module\"><div class=\"et_pb_text_inner\"><p>Pokud m\u00e1te m\u00e1lo \u010dasu, nemus\u00edte si d\u011blat starosti \u2013 i b\u011bhem jednoho dne si m\u016f\u017eete u\u017e\u00edt kouzlo Ben\u00e1tek. Zam\u011b\u0159te se na hlavn\u00ed pam\u00e1tky, jako je n\u00e1m\u011bst\u00ed svat\u00e9ho Marka, D\u00f3\u017eec\u00ed pal\u00e1c nebo most Rialto. Proch\u00e1zejte se poklidn\u011b \u00fazk\u00fdmi uli\u010dkami a malebn\u00fdmi kan\u00e1ly. Nezapome\u0148te si u\u017e\u00edt plavbu gondolou nebo vaporettem, abyste za\u017eili Ben\u00e1tky z vody. A rozhodn\u011b ochutnejte n\u011bjak\u00e9 m\u00edstn\u00ed dobroty v kav\u00e1rn\u00e1ch a restaurac\u00edch.<\/p>\n<\/div><\/div><\/div><\/div><div class=\"et_pb_row_7 et_pb_row et_block_row\"><div class=\"et_pb_column_10 et_pb_column et_pb_column_4_4 et-last-child et_block_column et_pb_css_mix_blend_mode_passthrough\"><div class=\"et_pb_code_0 et_pb_code et_pb_module\"><div class=\"et_pb_code_inner\"><script async src=\"https:\/\/tpwidg.com\/content?trs=336892&shmarker=560753&powered_by=true&campaign_id=108&promo_id=8412\" charset=\"utf-8\"><\/script><\/div><\/div><\/div><\/div><div class=\"et_pb_row_8 et_pb_row et_block_row\"><div class=\"et_pb_column_11 et_pb_column et_pb_column_4_4 et-last-child et_block_column et_pb_css_mix_blend_mode_passthrough\"><div class=\"et_pb_text_6 et_pb_text et_pb_bg_layout_light et_pb_module et_block_module\"><div class=\"et_pb_text_inner\"><h3 class=\"wp-block-heading\" style=\"text-align: center;\">Hlavn\u00ed atrakce v Ben\u00e1tk\u00e1ch<\/h3>\n<h3 style=\"text-align: center;\"><\/h3>\n<\/div><\/div><div class=\"et_pb_text_7 et_pb_text et_pb_bg_layout_light et_pb_module et_block_module\"><div class=\"et_pb_text_inner\"><div class=\"mt-1 flex gap-3 empty:hidden juice:-ml-3\">\n<div class=\"items-center justify-start rounded-xl p-1 flex\">\n<div class=\"flex items-center\">\n<h4 class=\"flex items-center pb-0.5 juice:pb-0\">Piazza San Marco<\/h4>\n<p><strong>Bazilika svat\u00e9ho Marka:<\/strong> Ohromuj\u00edc\u00ed p\u0159\u00edklad byzantsk\u00e9 architektury zdoben\u00fd slo\u017eit\u00fdmi mozaikami a um\u011bleck\u00fdmi d\u00edly.<\/p>\n<p><strong>D\u00f3\u017eec\u00ed pal\u00e1c (Palazzo Ducale):<\/strong> Tento velkolep\u00fd pal\u00e1c kdysi slou\u017eil jako rezidence d\u00f3\u017eete Ben\u00e1tek a je mistrovsk\u00fdm d\u00edlem ben\u00e1tsk\u00e9 gotick\u00e9 architektury.<\/p>\n<p><strong>Campanile di San Marco:<\/strong> Zvonice baziliky svat\u00e9ho Marka nab\u00edz\u00ed panoramatick\u00e9 v\u00fdhledy na Ben\u00e1tky a jejich lagunu.<\/p>\n<h4 style=\"text-align: center;\">Velk\u00fd kan\u00e1l (Grand Canal)<\/h4>\n<p><strong>Most Rialto:<\/strong> Jeden z nejslavn\u011bj\u0161\u00edch most\u016f v Ben\u00e1tk\u00e1ch, nab\u00edzej\u00edc\u00ed malebn\u00e9 v\u00fdhledy na Velk\u00fd kan\u00e1l a ru\u0161nou aktivitu.<\/p>\n<p><strong>J\u00edzda vaporettem:<\/strong> Proj\u00ed\u017e\u010fka vodn\u00edm autobusem po Velk\u00e9m kan\u00e1lu, abyste mohli obdivovat elegantn\u00ed pal\u00e1ce a historick\u00e9 budovy pod\u00e9l jeho b\u0159eh\u016f.<\/p>\n<h4 style=\"text-align: center;\">Ben\u00e1tsk\u00e9 ostrovy<\/h4>\n<p><strong>Murano:<\/strong> Zn\u00e1m\u00e9 svou staletou tradic\u00ed v\u00fdroby skla, Murano je domovem skl\u00e1ren a ateli\u00e9r\u016f, kde m\u016f\u017eete sledovat zru\u010dn\u00e9 \u0159emesln\u00edky p\u0159i pr\u00e1ci.<\/p>\n<p><strong>Burano:<\/strong> Proslul\u00e9 sv\u00fdmi barevn\u00fdmi ryb\u00e1\u0159sk\u00fdmi domky a slo\u017eitou tradic\u00ed v\u00fdroby krajky, Burano je r\u00e1jem pro fotografy.<\/p>\n<p><strong>Torcello:<\/strong> Nejstar\u0161\u00ed obydlen\u00fd ostrov v Ben\u00e1tsk\u00e9 lagun\u011b, Torcello je domovem historick\u00fdch kostel\u016f a klidn\u00fdch p\u0159\u00edrodn\u00edch scen\u00e9ri\u00ed.<\/p>\n<p><strong>Kupte si l\u00edstky na hlavn\u00ed <a href=\"https:\/\/www.tiqets.com\/en\/st-mark-s-bell-tower-tickets-l197648\/?currency=CZK&amp;partner=smilingway&amp;widget_vf=DiscoveryWidget_kiZVDc1Mf63aw-yEH1-JT&amp;utm_campaign=smilingway&amp;utm_source=smilingway&amp;utm_content=discovery_widget&amp;utm_medium=affiliate\" target=\"_blank\" rel=\"noopener\">atrakce zde<\/a><\/strong>.<\/p>\n<\/div>\n<\/div>\n<\/div>\n<\/div><\/div><\/div><\/div><div class=\"et_pb_row_9 et_pb_row et_block_row\"><div class=\"et_pb_column_12 et_pb_column et_pb_column_1_2 et_block_column et_pb_css_mix_blend_mode_passthrough\"><div class=\"et_pb_image_4 et_pb_image et_pb_module et_block_module\"><a href=\"https:\/\/www.jsltravels.com\/cs\/wp-content\/uploads\/2025\/08\/Piazza-San-Marco.jpg\" class=\"et_pb_lightbox_image\" alt=\"rodina p\u00f3zuje pro fotku na n\u00e1m\u011bst\u00ed svat\u00e9ho Marka v Ben\u00e1tk\u00e1ch\"><span class=\"et_pb_image_wrap\"><img loading=\"lazy\" decoding=\"async\" src=\"https:\/\/www.jsltravels.com\/cs\/wp-content\/uploads\/2025\/08\/Piazza-San-Marco.jpg\" width=\"700\" height=\"700\" srcset=\"https:\/\/www.jsltravels.com\/cs\/wp-content\/uploads\/2025\/08\/Piazza-San-Marco.jpg 700w, https:\/\/www.jsltravels.com\/cs\/wp-content\/uploads\/2025\/08\/Piazza-San-Marco-480x480.jpg 480w\" sizes=\"(min-width: 0px) and (max-width: 480px) 480px, (min-width: 481px) 700px, 100vw\" class=\"wp-image-267355\" title=\"Piazza San Marco\" alt=\"rodina p\u00f3zuje pro fotku na n\u00e1m\u011bst\u00ed svat\u00e9ho Marka v Ben\u00e1tk\u00e1ch\" \/><\/span><\/a><\/div><\/div><div class=\"et_pb_column_13 et_pb_column et_pb_column_1_2 et-last-child et_block_column et_pb_css_mix_blend_mode_passthrough\"><div class=\"et_pb_image_5 et_pb_image et_pb_module et_block_module\"><span class=\"et_pb_image_wrap\"><img loading=\"lazy\" decoding=\"async\" src=\"https:\/\/www.jsltravels.com\/cs\/wp-content\/uploads\/2025\/08\/namesti-svateho-Marka.jpg\" width=\"700\" height=\"700\" srcset=\"https:\/\/www.jsltravels.com\/cs\/wp-content\/uploads\/2025\/08\/namesti-svateho-Marka.jpg 700w, https:\/\/www.jsltravels.com\/cs\/wp-content\/uploads\/2025\/08\/namesti-svateho-Marka-480x480.jpg 480w\" sizes=\"(min-width: 0px) and (max-width: 480px) 480px, (min-width: 481px) 700px, 100vw\" class=\"wp-image-267353\" title=\"n\u00e1m\u011bst\u00ed svat\u00e9ho Marka\" alt=\"\u017eena dr\u017e\u00ed mal\u00e9ho chlapce v turistick\u00e9m davu na n\u00e1m\u011bst\u00ed svat\u00e9ho Marka v Ben\u00e1tk\u00e1ch\" \/><\/span><\/div><\/div><\/div><div class=\"et_pb_row_10 et_pb_row et_block_row\"><div class=\"et_pb_column_14 et_pb_column et_pb_column_1_3 et_block_column et_pb_css_mix_blend_mode_passthrough\"><div class=\"et_pb_image_6 et_pb_image et_pb_module et_block_module\"><span class=\"et_pb_image_wrap\"><img loading=\"lazy\" decoding=\"async\" src=\"https:\/\/www.jsltravels.com\/cs\/wp-content\/uploads\/2025\/08\/Matka-a-syn.jpg\" width=\"600\" height=\"800\" srcset=\"https:\/\/www.jsltravels.com\/cs\/wp-content\/uploads\/2025\/08\/Matka-a-syn.jpg 600w, https:\/\/www.jsltravels.com\/cs\/wp-content\/uploads\/2025\/08\/Matka-a-syn-480x640.jpg 480w\" sizes=\"(min-width: 0px) and (max-width: 480px) 480px, (min-width: 481px) 600px, 100vw\" class=\"wp-image-267352\" title=\"Matka a syn\" alt=\"\u017eena a syn sed\u00ed na molu u \u0159eky v Ben\u00e1tk\u00e1ch\" \/><\/span><\/div><\/div><div class=\"et_pb_column_15 et_pb_column et_pb_column_1_3 et_block_column et_pb_css_mix_blend_mode_passthrough\"><div class=\"et_pb_image_7 et_pb_image et_pb_module et_block_module\"><span class=\"et_pb_image_wrap\"><img loading=\"lazy\" decoding=\"async\" src=\"https:\/\/www.jsltravels.com\/cs\/wp-content\/uploads\/2025\/08\/Vyhled-na-Benatky.jpg\" width=\"600\" height=\"800\" srcset=\"https:\/\/www.jsltravels.com\/cs\/wp-content\/uploads\/2025\/08\/Vyhled-na-Benatky.jpg 600w, https:\/\/www.jsltravels.com\/cs\/wp-content\/uploads\/2025\/08\/Vyhled-na-Benatky-480x640.jpg 480w\" sizes=\"(min-width: 0px) and (max-width: 480px) 480px, (min-width: 481px) 600px, 100vw\" class=\"wp-image-267357\" title=\"V\u00fdhled na Ben\u00e1tky\" alt=\"mal\u00fd chlapec obklopen\u00fd lo\u010fmi, v d\u00e1li jsou Ben\u00e1tky\" \/><\/span><\/div><\/div><div class=\"et_pb_column_16 et_pb_column et_pb_column_1_3 et-last-child et_block_column et_pb_css_mix_blend_mode_passthrough\"><div class=\"et_pb_image_8 et_pb_image et_pb_module et_block_module\"><span class=\"et_pb_image_wrap\"><img loading=\"lazy\" decoding=\"async\" src=\"https:\/\/www.jsltravels.com\/cs\/wp-content\/uploads\/2025\/08\/Campanile-di-San-Marco.jpg\" width=\"600\" height=\"800\" srcset=\"https:\/\/www.jsltravels.com\/cs\/wp-content\/uploads\/2025\/08\/Campanile-di-San-Marco.jpg 600w, https:\/\/www.jsltravels.com\/cs\/wp-content\/uploads\/2025\/08\/Campanile-di-San-Marco-480x640.jpg 480w\" sizes=\"(min-width: 0px) and (max-width: 480px) 480px, (min-width: 481px) 600px, 100vw\" class=\"wp-image-267349\" title=\"Campanile di San Marco\" alt=\"v\u011b\u017e svat\u00e9ho Marka v Ben\u00e1tk\u00e1ch\" \/><\/span><\/div><\/div><\/div><div class=\"et_pb_row_11 et_pb_row et_block_row\"><div class=\"et_pb_column_17 et_pb_column et_pb_column_4_4 et-last-child et_block_column et_pb_css_mix_blend_mode_passthrough\"><div class=\"et_pb_text_8 et_pb_text et_pb_bg_layout_light et_pb_module et_block_module\"><div class=\"et_pb_text_inner\"><h2 data-start=\"0\" data-end=\"36\">Vstupn\u00ed poplatek do Ben\u00e1tek 2025<\/h2>\n<p data-start=\"38\" data-end=\"209\">Ben\u00e1tky zavedly turistick\u00fd vstupn\u00ed poplatek, kter\u00fd m\u00e1 pomoci \u0159\u00eddit po\u010det n\u00e1v\u0161t\u011bvn\u00edk\u016f a chr\u00e1nit k\u0159ehkou infrastrukturu m\u011bsta. Tady je to, co pot\u0159ebujete v\u011bd\u011bt pro rok 2025:<\/p>\n<p data-start=\"211\" data-end=\"232\"><strong data-start=\"211\" data-end=\"232\">Detaily poplatku:<\/strong><\/p>\n<ul data-start=\"234\" data-end=\"419\">\n<li data-start=\"234\" data-end=\"326\"><strong data-start=\"236\" data-end=\"247\">\u010c\u00e1stka:<\/strong> 5 \u20ac na osobu na den, pokud je zaplaceno alespo\u0148 \u010dty\u0159i dny p\u0159ed va\u0161\u00ed n\u00e1v\u0161t\u011bvou.<\/li>\n<li data-start=\"327\" data-end=\"419\"><strong data-start=\"329\" data-end=\"347\">Pozdn\u00ed platba:<\/strong> Pokud rezervujete m\u00e9n\u011b ne\u017e \u010dty\u0159i dny p\u0159edem, poplatek se zv\u00fd\u0161\u00ed na 10 \u20ac.<\/li>\n<\/ul>\n<p data-start=\"421\" data-end=\"440\"><strong data-start=\"421\" data-end=\"440\">Doba platnosti:<\/strong><\/p>\n<ul data-start=\"442\" data-end=\"593\">\n<li data-start=\"442\" data-end=\"526\"><strong data-start=\"444\" data-end=\"455\">Obdob\u00ed:<\/strong> Poplatek bude platit od 18. dubna do 27. \u010dervence 2025, celkem 54 dn\u00ed.<\/li>\n<li data-start=\"527\" data-end=\"593\"><strong data-start=\"529\" data-end=\"540\">Hodiny:<\/strong> Plat\u00ed mezi 8:30 a 16:00 hodinou ve vymezen\u00fdch dnech.<\/li>\n<\/ul>\n<p data-start=\"595\" data-end=\"607\"><strong data-start=\"595\" data-end=\"607\">V\u00fdjimky:<\/strong><\/p>\n<ul data-start=\"609\" data-end=\"834\">\n<li data-start=\"609\" data-end=\"710\"><strong data-start=\"611\" data-end=\"635\">Rezervace ubytov\u00e1n\u00ed:<\/strong> N\u00e1v\u0161t\u011bvn\u00edci s rezervac\u00ed ubytov\u00e1n\u00ed v Ben\u00e1tk\u00e1ch jsou od poplatku osvobozeni.<\/li>\n<li data-start=\"711\" data-end=\"834\"><strong data-start=\"713\" data-end=\"744\">Obyvatel\u00e9 a ur\u010dit\u00e9 skupiny:<\/strong> Osvobozeni jsou i obyvatel\u00e9, studenti, pracovn\u00edci, majitel\u00e9 nemovitost\u00ed a d\u011bti do 14 let.<\/li>\n<\/ul>\n<p data-start=\"836\" data-end=\"854\"><strong data-start=\"836\" data-end=\"854\">Proces platby:<\/strong><\/p>\n<ul data-start=\"856\" data-end=\"1063\">\n<li data-start=\"856\" data-end=\"977\"><strong data-start=\"858\" data-end=\"875\">Jak zaplatit:<\/strong> Platbu provedete prost\u0159ednictv\u00edm ofici\u00e1ln\u00edch str\u00e1nek: <a rel=\"noopener\" target=\"_new\" data-start=\"930\" data-end=\"976\" href=\"https:\/\/cda.ve.it\/en\/\">https:\/\/cda.ve.it\/en\/<\/a>.<\/li>\n<li data-start=\"978\" data-end=\"1063\"><strong data-start=\"980\" data-end=\"994\">Potvrzen\u00ed:<\/strong> Po zaplacen\u00ed obdr\u017e\u00edte QR k\u00f3d, kter\u00fd je nutn\u00e9 p\u0159edlo\u017eit p\u0159i p\u0159\u00edjezdu.<\/li>\n<\/ul>\n<p data-start=\"1065\" data-end=\"1074\"><strong data-start=\"1065\" data-end=\"1074\">\u00da\u010del:<\/strong><\/p>\n<p data-start=\"1076\" data-end=\"1164\" data-is-last-node=\"\" data-is-only-node=\"\">Tento krok m\u00e1 za c\u00edl sn\u00ed\u017eit p\u0159elidn\u011bn\u00ed a chr\u00e1nit kulturn\u00ed a historick\u00e9 d\u011bdictv\u00ed Ben\u00e1tek.<\/p>\n<\/div><\/div><div class=\"et_pb_text_9 et_pb_text et_pb_bg_layout_light et_pb_module et_block_module\"><div class=\"et_pb_text_inner\"><p data-start=\"0\" data-end=\"31\"><strong data-start=\"0\" data-end=\"31\">Kde se ubytovat v Ben\u00e1tk\u00e1ch<\/strong><\/p>\n<p data-start=\"33\" data-end=\"327\"><strong data-start=\"33\" data-end=\"57\">Hotel Antiche Figure<\/strong><br data-start=\"57\" data-end=\"60\" \/>Tento kouzeln\u00fd hotel se nach\u00e1z\u00ed pod\u00e9l Velk\u00e9ho kan\u00e1lu a nab\u00edz\u00ed klasickou ben\u00e1tskou v\u00fdzdobu a skv\u011bl\u00e9 v\u00fdhledy. Je ide\u00e1ln\u00ed pro cestovatele, kte\u0159\u00ed cht\u011bj\u00ed z\u016fstat bl\u00edzko vlakov\u00e9ho n\u00e1dra\u017e\u00ed Santa Lucia a u\u017e\u00edt si tradi\u010dn\u00ed ben\u00e1tskou atmosf\u00e9ru bez vysok\u00e9 ceny. <a href=\"https:\/\/booking.tp.st\/eB8MTFYQ\" target=\"_blank\" rel=\"noopener\"><strong data-start=\"309\" data-end=\"327\">REZERVUJTE ZDE<\/strong><\/a><\/p>\n<p data-start=\"329\" data-end=\"573\"><strong data-start=\"329\" data-end=\"350\">Ca\u2019 Sagredo Hotel<\/strong><br data-start=\"350\" data-end=\"353\" \/>Pro luxusn\u011bj\u0161\u00ed pobyt je Ca\u2019 Sagredo historick\u00fd pal\u00e1c p\u0159\u00edmo na Velk\u00e9m kan\u00e1lu. Je to \u010d\u00e1ste\u010dn\u011b muzeum, s um\u011bn\u00edm a sochami na ka\u017ed\u00e9m kroku. Pokud hled\u00e1te kombinaci historie a elegance, je to m\u00edsto pro v\u00e1s. <a href=\"https:\/\/booking.tp.st\/9YCII2qk\" target=\"_blank\" rel=\"noopener\"><strong data-start=\"555\" data-end=\"573\">REZERVUJTE ZDE<\/strong><\/a><\/p>\n<p data-start=\"575\" data-end=\"840\" data-is-last-node=\"\" data-is-only-node=\"\"><strong data-start=\"575\" data-end=\"592\">Hotel Moresco<\/strong><br data-start=\"592\" data-end=\"595\" \/>Butikov\u00fd hotel s modern\u00edm n\u00e1dechem, Hotel Moresco nab\u00edz\u00ed stylov\u00e9 pokoje a \u00fatulnou atmosf\u00e9ru. Nach\u00e1z\u00ed se v klidn\u011bj\u0161\u00ed \u010d\u00e1sti m\u011bsta, co\u017e ho \u010din\u00ed ide\u00e1ln\u00edm pro poklidn\u00fd odpo\u010dinek, ale st\u00e1le je v p\u011b\u0161\u00ed vzd\u00e1lenosti od hlavn\u00edch atrakc\u00ed. <a href=\"https:\/\/booking.tp.st\/Amig9C3y\" target=\"_blank\" rel=\"noopener\"><strong data-start=\"822\" data-end=\"840\" data-is-last-node=\"\">REZERVUJTE ZDE<\/strong><\/a><\/p>\n<\/div><\/div><\/div><\/div><\/div><div class=\"et_pb_section_2 et_pb_section et_section_regular et_block_section\"><div class=\"et_pb_row_12 et_pb_row et_block_row\"><div class=\"et_pb_column_18 et_pb_column et_pb_column_4_4 et-last-child et_block_column et_pb_css_mix_blend_mode_passthrough\"><div class=\"et_pb_text_10 et_pb_text et_pb_bg_layout_light et_pb_module et_block_module preset--module--divi-text--6a37cb13-2b94-42a8-bab7-ee75b1380e65\"><div class=\"et_pb_text_inner\"><p><strong>Upozorn\u011bn\u00ed<\/strong>: Tato \u010d\u00e1st obsahuje <strong>affiliate odkazy<\/strong>. To znamen\u00e1, \u017ee pokud kliknete a n\u011bco si koup\u00edte nebo zarezervujete, mohu z\u00edskat malou provizi \u2014 **<strong>bez jak\u00fdchkoli dodate\u010dn\u00fdch n\u00e1klad\u016f pro v\u00e1s<\/strong>**. Doporu\u010duji pouze slu\u017eby, kter\u00e9 sama pou\u017e\u00edv\u00e1m nebo kter\u00fdm opravdu v\u011b\u0159\u00edm. D\u011bkuji, \u017ee t\u00edmto zp\u016fsobem podporujete m\u016fj blog!<\/p>\n<p>&nbsp;<\/p>\n<\/div><\/div><\/div><\/div><div class=\"et_pb_row_13 et_pb_row et_pb_row_5col et_block_row et_block_row_5col\"><div class=\"et_pb_column_19 et_pb_column et_pb_column_1_5 et_block_column et_pb_css_mix_blend_mode_passthrough\"><div class=\"et_pb_text_11 et_pb_text et_pb_bg_layout_light et_pb_module et_block_module preset--module--divi-text--6a37cb13-2b94-42a8-bab7-ee75b1380e65\"><div class=\"et_pb_text_inner\"><p style=\"text-align: center;\"><strong>Cestuj chyt\u0159e a levn\u011bji<\/strong><\/p>\n<\/div><\/div><div class=\"et_pb_image_9 et_pb_image et_pb_module et_block_module\"><span class=\"et_pb_image_wrap\"><img loading=\"lazy\" decoding=\"async\" src=\"https:\/\/www.jsltravels.com\/cs\/wp-content\/uploads\/2025\/07\/letiste-airport.png\" width=\"980\" height=\"980\" srcset=\"https:\/\/www.jsltravels.com\/cs\/wp-content\/uploads\/2025\/07\/letiste-airport.png 980w, https:\/\/www.jsltravels.com\/cs\/wp-content\/uploads\/2025\/07\/letiste-airport-480x480.png 480w\" sizes=\"(min-width: 0px) and (max-width: 480px) 480px, (min-width: 481px) 980px, 100vw\" class=\"wp-image-267026\" title=\"letiste-airport\" alt=\"Blue suitcase with a yellow stripe, featuring a handle and wheels. Attached is a luggage tag with an airplane symbol, conveying travel.\" \/><\/span><\/div><div class=\"et_pb_blurb_0 et_pb_blurb et_pb_bg_layout_light et_pb_text_align_center et_pb_blurb_position_top et_pb_module et_block_module\"><div class=\"et_pb_blurb_content\"><div class=\"et_pb_main_blurb_image\"><span class=\"et_pb_image_wrap et_pb_only_image_mode_wrap\"><img decoding=\"async\" src=\"http:\/\/jsltravels.com\/wp-content\/uploads\/2024\/10\/letiste-airport.png\" \/><\/span><\/div><div class=\"et_pb_blurb_container\"><div class=\"et_pb_blurb_description\"><p>Ne\u010dekej a vyraz hned! Najdi nejlep\u0161\u00ed letenky za super ceny a za\u010dni sv\u00e9 dal\u0161\u00ed dobrodru\u017estv\u00ed je\u0161t\u011b dnes! \u21d3<\/p>\n<p><a href=\"https:\/\/cheapoair.tpx.lt\/L8xJmq7q\" target=\"_blank\" rel=\"noopener\"> flight deals<\/a>\u00a0<\/p>\n<\/div><\/div><\/div><\/div><\/div><div class=\"et_pb_column_20 et_pb_column et_pb_column_1_5 et_block_column et_pb_css_mix_blend_mode_passthrough\"><div class=\"et_pb_text_12 et_pb_text et_pb_bg_layout_light et_pb_module et_block_module preset--module--divi-text--6a37cb13-2b94-42a8-bab7-ee75b1380e65\"><div class=\"et_pb_text_inner\"><p style=\"text-align: center;\"><strong>Najdi ubytov\u00e1n\u00ed na m\u00edru<\/strong><\/p>\n<\/div><\/div><div class=\"et_pb_image_10 et_pb_image et_pb_module et_block_module\"><span class=\"et_pb_image_wrap\"><img loading=\"lazy\" decoding=\"async\" src=\"https:\/\/www.jsltravels.com\/cs\/wp-content\/uploads\/2025\/07\/hotel-zvonek.png\" width=\"980\" height=\"980\" srcset=\"https:\/\/www.jsltravels.com\/cs\/wp-content\/uploads\/2025\/07\/hotel-zvonek.png 980w, https:\/\/www.jsltravels.com\/cs\/wp-content\/uploads\/2025\/07\/hotel-zvonek-480x480.png 480w\" sizes=\"(min-width: 0px) and (max-width: 480px) 480px, (min-width: 481px) 980px, 100vw\" class=\"wp-image-267027\" title=\"hotel-zvonek\" alt=\"Illustration of a blue hotel door hanger with a yellow service bell on it. The bell has motion lines, suggesting ringing, conveying prompt service.\" \/><\/span><\/div><div class=\"et_pb_blurb_1 et_pb_blurb et_pb_bg_layout_light et_pb_text_align_center et_pb_blurb_position_top et_pb_module et_block_module\"><div class=\"et_pb_blurb_content\"><div class=\"et_pb_main_blurb_image\"><span class=\"et_pb_image_wrap et_pb_only_image_mode_wrap\"><img decoding=\"async\" src=\"http:\/\/jsltravels.com\/wp-content\/uploads\/2024\/10\/hotel-zvonek.png\" \/><\/span><\/div><div class=\"et_pb_blurb_container\"><div class=\"et_pb_blurb_description\"><p>Najdi ubytov\u00e1n\u00ed podle sv\u00fdch p\u0159edstav na <a href=\"https:\/\/booking.tp.st\/bU1dhdHU\" target=\"_blank\" rel=\"noopener\">Booking.com<\/a> nebo <a href=\"https:\/\/agoda.tp.st\/ybqLuoG3\" target=\"_blank\" rel=\"noopener\">Agoda.com<\/a><\/p>\n<\/div><\/div><\/div><\/div><\/div><div class=\"et_pb_column_21 et_pb_column et_pb_column_1_5 et_block_column et_pb_css_mix_blend_mode_passthrough\"><div class=\"et_pb_text_13 et_pb_text et_pb_bg_layout_light et_pb_module et_block_module preset--module--divi-text--6a37cb13-2b94-42a8-bab7-ee75b1380e65\"><div class=\"et_pb_text_inner\"><p style=\"text-align: center;\"><strong>Cestuj stylov\u011b<\/strong><\/p>\n<\/div><\/div><div class=\"et_pb_image_11 et_pb_image et_pb_module et_block_module\"><span class=\"et_pb_image_wrap\"><img loading=\"lazy\" decoding=\"async\" src=\"https:\/\/www.jsltravels.com\/cs\/wp-content\/uploads\/2025\/07\/pujcovna-rent-car.png\" width=\"980\" height=\"980\" srcset=\"https:\/\/www.jsltravels.com\/cs\/wp-content\/uploads\/2025\/07\/pujcovna-rent-car.png 980w, https:\/\/www.jsltravels.com\/cs\/wp-content\/uploads\/2025\/07\/pujcovna-rent-car-480x480.png 480w\" sizes=\"(min-width: 0px) and (max-width: 480px) 480px, (min-width: 481px) 980px, 100vw\" class=\"wp-image-267028\" title=\"pujcovna-rent-car\" alt=\"A pair of yellow keys attached to a blue key tag featuring a simple black car icon. The image conveys vehicle-related themes.\" \/><\/span><\/div><div class=\"et_pb_blurb_2 et_pb_blurb et_pb_bg_layout_light et_pb_blurb_position_top et_pb_module et_block_module\"><div class=\"et_pb_blurb_content\"><div class=\"et_pb_main_blurb_image\"><span class=\"et_pb_image_wrap et_pb_only_image_mode_wrap\"><img decoding=\"async\" src=\"http:\/\/jsltravels.com\/wp-content\/uploads\/2024\/10\/pujcovna-rent-car.png\" \/><\/span><\/div><div class=\"et_pb_blurb_container\"><div class=\"et_pb_blurb_description\"><p style=\"text-align: center;\">Rezervuj si auto podle sv\u00fdch p\u0159edstav s\u00a0<a href=\"https:\/\/rentalcars.tp.st\/2tvWugZd\" target=\"_blank\" rel=\"noopener\">Rentalcars.<\/a><\/p>\n<\/div><\/div><\/div><\/div><\/div><div class=\"et_pb_column_22 et_pb_column et_pb_column_1_5 et_block_column et_pb_css_mix_blend_mode_passthrough\"><div class=\"et_pb_text_14 et_pb_text et_pb_bg_layout_light et_pb_module et_block_module preset--module--divi-text--6a37cb13-2b94-42a8-bab7-ee75b1380e65\"><div class=\"et_pb_text_inner\"><p style=\"text-align: center;\"><strong>Bezpe\u010dn\u011b na internetu<\/strong><\/p>\n<\/div><\/div><div class=\"et_pb_image_12 et_pb_image et_pb_module et_block_module\"><span class=\"et_pb_image_wrap\"><img loading=\"lazy\" decoding=\"async\" src=\"https:\/\/www.jsltravels.com\/cs\/wp-content\/uploads\/2025\/07\/wifi-sit.png\" width=\"980\" height=\"980\" srcset=\"https:\/\/www.jsltravels.com\/cs\/wp-content\/uploads\/2025\/07\/wifi-sit.png 980w, https:\/\/www.jsltravels.com\/cs\/wp-content\/uploads\/2025\/07\/wifi-sit-480x480.png 480w\" sizes=\"(min-width: 0px) and (max-width: 480px) 480px, (min-width: 481px) 980px, 100vw\" class=\"wp-image-267029\" title=\"wifi-sit\" alt=\"Three curved blue lines form a Wi-Fi symbol above a yellow circle, on a white background. The design suggests connectivity and modern technology.\" \/><\/span><\/div><div class=\"et_pb_blurb_3 et_pb_blurb et_pb_bg_layout_light et_pb_blurb_position_top et_pb_module et_block_module\"><div class=\"et_pb_blurb_content\"><div class=\"et_pb_main_blurb_image\"><span class=\"et_pb_image_wrap et_pb_only_image_mode_wrap\"><img decoding=\"async\" src=\"http:\/\/jsltravels.com\/wp-content\/uploads\/2024\/10\/wifi-sit.png\" \/><\/span><\/div><div class=\"et_pb_blurb_container\"><div class=\"et_pb_blurb_description\"><p>Cestuj bezpe\u010dn\u011b, chra\u0148 sv\u00e1 data s VPN od <a href=\"https:\/\/get.surfshark.net\/aff_c?offer_id=1679&amp;aff_id=34459&amp;source=www.jsltravels.com\" target=\"_blank\" rel=\"noopener\">Surfshark.<\/a><\/p>\n<\/div><\/div><\/div><\/div><\/div><div class=\"et_pb_column_23 et_pb_column et_pb_column_1_5 et-last-child et_block_column et_pb_css_mix_blend_mode_passthrough\"><div class=\"et_pb_text_15 et_pb_text et_pb_bg_layout_light et_pb_module et_block_module preset--module--divi-text--6a37cb13-2b94-42a8-bab7-ee75b1380e65\"><div class=\"et_pb_text_inner\"><p style=\"text-align: center;\"><strong>Kup si l\u00edstek dop\u0159edu<\/strong><\/p>\n<\/div><\/div><div class=\"et_pb_image_13 et_pb_image et_pb_module et_block_module\"><span class=\"et_pb_image_wrap\"><img loading=\"lazy\" decoding=\"async\" src=\"https:\/\/www.jsltravels.com\/cs\/wp-content\/uploads\/2025\/07\/vstupenka-ticket.png\" width=\"980\" height=\"980\" srcset=\"https:\/\/www.jsltravels.com\/cs\/wp-content\/uploads\/2025\/07\/vstupenka-ticket.png 980w, https:\/\/www.jsltravels.com\/cs\/wp-content\/uploads\/2025\/07\/vstupenka-ticket-480x480.png 480w\" sizes=\"(min-width: 0px) and (max-width: 480px) 480px, (min-width: 481px) 980px, 100vw\" class=\"wp-image-267030\" title=\"vstupenka-ticket\" alt=\"A stylized blue ticket with a yellow top edge featuring numbers. It has the word &quot;TICKET&quot; written in bold blue letters and a yellow circle accent.\" \/><\/span><\/div><div class=\"et_pb_blurb_4 et_pb_blurb et_pb_bg_layout_light et_pb_text_align_center et_pb_blurb_position_top et_pb_module et_block_module\"><div class=\"et_pb_blurb_content\"><div class=\"et_pb_main_blurb_image\"><span class=\"et_pb_image_wrap et_pb_only_image_mode_wrap\"><img decoding=\"async\" src=\"http:\/\/jsltravels.com\/wp-content\/uploads\/2024\/10\/vstupenka-ticket.png\" \/><\/span><\/div><div class=\"et_pb_blurb_container\"><div class=\"et_pb_blurb_description\"><p>Kup vstupenky na <a href=\"https:\/\/getyourguide.tp.st\/zP4xD4xO\" target=\"_blank\" rel=\"noopener\">nejlep\u0161\u00ed prohl\u00eddky a atrakce<\/a> p\u0159edem.<br \/><a href=\"https:\/\/getyourguide.tp.st\/zP4xD4xO\" target=\"_blank\" rel=\"noopener\"><\/a>\u00a0<\/p>\n<\/div><\/div><\/div><\/div><\/div><\/div><\/div><div class=\"et_pb_section_3 et_pb_section et_section_regular et_block_section\"><div class=\"et_pb_row_14 et_pb_row et_block_row\"><div class=\"et_pb_column_24 et_pb_column et_pb_column_4_4 et-last-child et_block_column et_pb_css_mix_blend_mode_passthrough\"><div class=\"et_pb_post_nav_0 et_pb_posts_nav nav-single et_pb_module et_flex_module\"><span class=\"nav-previous\"><a href=\"https:\/\/www.jsltravels.com\/cs\/jezero-lago-di-braies\" rel=\"prev\" class=\"\"><span class=\"meta-nav\">&larr; <\/span><span class=\"nav-label\">Jezero Lago Di Braies \u2013 v\u0161e, co pot\u0159ebujete v\u011bd\u011bt<\/span><\/a><\/span><span class=\"nav-next\"><a href=\"https:\/\/www.jsltravels.com\/cs\/lago-di-garda-kempy\" rel=\"next\" class=\"\"><span class=\"nav-label\">Lago Di Garda kempy<\/span><span class=\"meta-nav\"> &rarr;<\/span><\/a><\/span><\/div><\/div><\/div><\/div><div class=\"et_pb_section_4 et_pb_section et_section_regular et_block_section\"><div class=\"et_pb_row_15 et_pb_row et_block_row\"><div class=\"et_pb_column_25 et_pb_column et_pb_column_4_4 et-last-child et_block_column et_pb_css_mix_blend_mode_passthrough\"><div class=\"et_pb_blog_0 et_pb_blog et_pb_bg_layout_light et_pb_posts et_pb_module\"><div class=\"et_pb_ajax_pagination_container\"><div class=\"et_pb_posts et_grid_module\"><article class=\"et_pb_post et_pb_post_id_268731 clearfix et_pb_blog_item_0_0 post-268731 post type-post status-publish format-standard has-post-thumbnail hentry category-destinace category-kalifornie category-severni-amerika category-uncategorized category-zivot-v-usa\"><div class=\"et_pb_image_container\"><a href=\"https:\/\/www.jsltravels.com\/cs\/meho-psa-ustknul-chrestys-v-los-angeles\" class=\"entry-featured-image-url\"><img loading=\"lazy\" decoding=\"async\" src=\"https:\/\/www.jsltravels.com\/cs\/wp-content\/uploads\/2026\/03\/rattlesnake-LA.png\" width=\"1536\" height=\"1024\" alt=\"Coiled rattlesnake at sunset\" class=\"\" \/><span data-icon=\"\ue050\" class=\"et_overlay et_pb_inline_icon\"><\/span><\/a><\/div><h2 class=\"entry-title\"><a href=\"https:\/\/www.jsltravels.com\/cs\/meho-psa-ustknul-chrestys-v-los-angeles\">M\u00e9ho psa u\u0161tknul ch\u0159est\u00fd\u0161 v Los Angeles<\/a><\/h2><p class=\"post-meta\"><span class=\"entry-categories\"><a href=\"https:\/\/www.jsltravels.com\/cs\/category\/destinace\" rel=\"tag\">Destinace<\/a>, <a href=\"https:\/\/www.jsltravels.com\/cs\/category\/destinace\/severni-amerika\/kalifornie\" rel=\"tag\">Kalifornie<\/a>, <a href=\"https:\/\/www.jsltravels.com\/cs\/category\/destinace\/severni-amerika\" rel=\"tag\">Severn\u00ed Amerika<\/a>, <a href=\"https:\/\/www.jsltravels.com\/cs\/category\/uncategorized\" rel=\"tag\">Uncategorized<\/a>, <a href=\"https:\/\/www.jsltravels.com\/cs\/category\/zivot-v-usa\" rel=\"tag\">\u017divot-v-usa<\/a><\/span><\/p><div class=\"post-content\"><div class=\"post-content-inner\"><\/div><\/div><\/article><article class=\"et_pb_post et_pb_post_id_268676 clearfix et_pb_blog_item_0_1 post-268676 post type-post status-publish format-standard has-post-thumbnail hentry category-chorvatsko category-destinace category-evropa\"><div class=\"et_pb_image_container\"><a href=\"https:\/\/www.jsltravels.com\/cs\/top-7-mist-v-chorvatsku-z-naseho-roadtripu\" class=\"entry-featured-image-url\"><img loading=\"lazy\" decoding=\"async\" src=\"https:\/\/www.jsltravels.com\/cs\/wp-content\/uploads\/2026\/02\/Split-dinner.jpg\" width=\"600\" height=\"800\" alt=\"Letn\u00ed ve\u010de\u0159e v historick\u00e9m centru Splitu s v\u00fdhledem na mo\u0159e, Chorvatsko\" class=\"\" \/><span data-icon=\"\ue050\" class=\"et_overlay et_pb_inline_icon\"><\/span><\/a><\/div><h2 class=\"entry-title\"><a href=\"https:\/\/www.jsltravels.com\/cs\/top-7-mist-v-chorvatsku-z-naseho-roadtripu\">TOP 7 m\u00edst v Chorvatsku z na\u0161eho roadtripu<\/a><\/h2><p class=\"post-meta\"><span class=\"entry-categories\"><a href=\"https:\/\/www.jsltravels.com\/cs\/category\/destinace\/evropa\/chorvatsko\" rel=\"tag\">Chorvatsko<\/a>, <a href=\"https:\/\/www.jsltravels.com\/cs\/category\/destinace\" rel=\"tag\">Destinace<\/a>, <a href=\"https:\/\/www.jsltravels.com\/cs\/category\/destinace\/evropa\" rel=\"tag\">Evropa<\/a><\/span><\/p><div class=\"post-content\"><div class=\"post-content-inner\"><\/div><\/div><\/article><article class=\"et_pb_post et_pb_post_id_268659 clearfix et_pb_blog_item_0_2 post-268659 post type-post status-publish format-standard has-post-thumbnail hentry category-destinace category-zivot-v-usa\"><div class=\"et_pb_image_container\"><a href=\"https:\/\/www.jsltravels.com\/cs\/jak-prezit-leden\" class=\"entry-featured-image-url\"><img loading=\"lazy\" decoding=\"async\" src=\"https:\/\/www.jsltravels.com\/cs\/wp-content\/uploads\/2026\/01\/Lets-explore-the-world-together.png\" width=\"1536\" height=\"1024\" alt=\"Jak p\u0159e\u017e\u00edt leden vision board\" class=\"\" \/><span data-icon=\"\ue050\" class=\"et_overlay et_pb_inline_icon\"><\/span><\/a><\/div><h2 class=\"entry-title\"><a href=\"https:\/\/www.jsltravels.com\/cs\/jak-prezit-leden\">Jak p\u0159e\u017e\u00edt leden<\/a><\/h2><p class=\"post-meta\"><span class=\"entry-categories\"><a href=\"https:\/\/www.jsltravels.com\/cs\/category\/destinace\" rel=\"tag\">Destinace<\/a>, <a href=\"https:\/\/www.jsltravels.com\/cs\/category\/zivot-v-usa\" rel=\"tag\">\u017divot-v-usa<\/a><\/span><\/p><div class=\"post-content\"><div class=\"post-content-inner\"><\/div><\/div><\/article><\/div><\/div><\/div><\/div><\/div><\/div>","protected":false},"excerpt":{"rendered":"<p>Ben\u00e1tky &#8211; m\u011bsto kan\u00e1l\u016f a dechberouc\u00ed architektury. Jak se tam dostat, kam se za den pod\u00edvat a kdy se plat\u00ed vstupn\u00ed poplatek.<\/p>\n","protected":false},"author":1,"featured_media":266577,"comment_status":"open","ping_status":"open","sticky":false,"template":"","format":"standard","meta":{"footnotes":""},"categories":[41,42,45],"tags":[],"post_folder":[40],"class_list":["post-259070","post","type-post","status-publish","format-standard","has-post-thumbnail","hentry","category-destinace","category-evropa","category-italie"],"_links":{"self":[{"href":"https:\/\/www.jsltravels.com\/cs\/wp-json\/wp\/v2\/posts\/259070","targetHints":{"allow":["GET"]}}],"collection":[{"href":"https:\/\/www.jsltravels.com\/cs\/wp-json\/wp\/v2\/posts"}],"about":[{"href":"https:\/\/www.jsltravels.com\/cs\/wp-json\/wp\/v2\/types\/post"}],"author":[{"embeddable":true,"href":"https:\/\/www.jsltravels.com\/cs\/wp-json\/wp\/v2\/users\/1"}],"replies":[{"embeddable":true,"href":"https:\/\/www.jsltravels.com\/cs\/wp-json\/wp\/v2\/comments?post=259070"}],"version-history":[{"count":5,"href":"https:\/\/www.jsltravels.com\/cs\/wp-json\/wp\/v2\/posts\/259070\/revisions"}],"predecessor-version":[{"id":268766,"href":"https:\/\/www.jsltravels.com\/cs\/wp-json\/wp\/v2\/posts\/259070\/revisions\/268766"}],"wp:featuredmedia":[{"embeddable":true,"href":"https:\/\/www.jsltravels.com\/cs\/wp-json\/wp\/v2\/media\/266577"}],"wp:attachment":[{"href":"https:\/\/www.jsltravels.com\/cs\/wp-json\/wp\/v2\/media?parent=259070"}],"wp:term":[{"taxonomy":"category","embeddable":true,"href":"https:\/\/www.jsltravels.com\/cs\/wp-json\/wp\/v2\/categories?post=259070"},{"taxonomy":"post_tag","embeddable":true,"href":"https:\/\/www.jsltravels.com\/cs\/wp-json\/wp\/v2\/tags?post=259070"},{"taxonomy":"post_folder","embeddable":true,"href":"https:\/\/www.jsltravels.com\/cs\/wp-json\/wp\/v2\/post_folder?post=259070"}],"curies":[{"name":"wp","href":"https:\/\/api.w.org\/{rel}","templated":true}]}}