{"id":259089,"date":"2024-06-13T13:06:02","date_gmt":"2024-06-13T13:06:02","guid":{"rendered":"http:\/\/jsltravels.com\/?p=259089"},"modified":"2026-04-01T06:41:57","modified_gmt":"2026-04-01T06:41:57","slug":"lago-di-garda-kempy","status":"publish","type":"post","link":"https:\/\/www.jsltravels.com\/cs\/lago-di-garda-kempy","title":{"rendered":"Lago Di Garda kempy"},"content":{"rendered":"<div class=\"et_pb_section_0 et_pb_section et_section_regular et_block_section\"><div class=\"et_pb_row_0 et_pb_row et_pb_gutters1 et_block_row\"><div class=\"et_pb_column_0 et_pb_column et_pb_column_1_2 et_block_column et_pb_css_mix_blend_mode_passthrough\"><div class=\"et_pb_text_0 et_pb_text et_pb_bg_layout_light et_pb_module et_block_module\"><div class=\"et_pb_text_inner\"><h1>Lago Di Garda Kempy<\/h1>\n<\/div><\/div><\/div><div class=\"et_pb_column_1 et_pb_column et_pb_column_1_2 et-last-child et_block_column et_pb_column_empty et_pb_css_mix_blend_mode_passthrough\"><\/div><\/div><\/div><div class=\"et_pb_section_1 et_pb_section et_pb_fullwidth_section et_section_regular et_block_section\"><\/div><div class=\"et_pb_section_2 et_pb_section et_section_regular et_block_section\"><div class=\"et_pb_row_1 et_pb_row et_block_row\"><div class=\"et_pb_column_2 et_pb_column et_pb_column_4_4 et-last-child et_block_column et_pb_css_mix_blend_mode_passthrough\"><div class=\"et_pb_text_1 et_pb_text et_pb_bg_layout_light et_pb_module et_block_module\"><div class=\"et_pb_text_inner\"><div class=\"flex flex-grow flex-col max-w-full\">\n<div data-message-author-role=\"assistant\" data-message-id=\"c4ff174e-1725-4ef4-8c09-d076294f912d\" dir=\"auto\" class=\"min-h-[20px] text-message flex flex-col items-start whitespace-pre-wrap break-words [.text-message+&amp;]:mt-5 juice:w-full juice:items-end overflow-x-auto gap-2\">\n<div class=\"flex w-full flex-col gap-1 juice:empty:hidden juice:first:pt-[3px]\">\n<div class=\"markdown prose w-full break-words dark:prose-invert light\">\n<p data-start=\"91\" data-end=\"517\">N\u00e1\u0161 v\u00fdlet k Lago di Garda byl skv\u011bl\u00fdm dobrodru\u017estv\u00edm pro dv\u011b rodiny, a hlavn\u011b pro d\u011bti. Vyrazili jsme ve slo\u017een\u00ed \u010dty\u0159i dosp\u011bl\u00ed a t\u0159i d\u011bti, ka\u017ed\u00fd ve sv\u00e9m kemperu, a rozhodli jsme se jet na pohodu \u2013 bez p\u0159edchoz\u00edch rezervac\u00ed. Cht\u011bli jsme si kempy nejd\u0159\u00edv prohl\u00e9dnout na\u017eivo a vybrat ten prav\u00fd. Po t\u00e9to zku\u0161enosti bych ale p\u0159\u00ed\u0161t\u011b rad\u011bji rezervaci ud\u011blala p\u0159edem. V sez\u00f3n\u011b se toti\u017e snadno m\u016f\u017ee st\u00e1t, \u017ee u\u017e nebude z \u010deho vyb\u00edrat.<\/p>\n<p data-start=\"519\" data-end=\"776\">Jeli jsme p\u0159es N\u011bmecko a k Lago di Garda dorazili ze severu, p\u0159i\u010dem\u017e jsme se zam\u011b\u0159ili hlavn\u011b na v\u00fdchodn\u00ed pob\u0159e\u017e\u00ed. Hledali jsme kempy p\u0159es aplikaci, ale byli jsme docela vyb\u00edrav\u00ed \u2013 n\u011bkter\u00e9 nem\u011bly baz\u00e9n, \u0161patn\u00fd p\u0159\u00edstup k vod\u011b nebo byly prost\u011b moc p\u0159epln\u011bn\u00e9.<\/p>\n<p data-start=\"778\" data-end=\"1118\">Nakonec jsme si vybrali dva kempy, kter\u00e9 n\u00e1s nadchly. Prvn\u00ed byl La Rocca Camping Village mezi m\u011bsty Garda a Bardolino \u2013 skv\u011bl\u00e1 poloha na objevov\u00e1n\u00ed obou m\u011bste\u010dek. Pot\u00e9 jsme se p\u0159esunuli do San Francesco Camping Village pobl\u00ed\u017e Sirmione, odkud to bylo ide\u00e1ln\u00ed na v\u00fdlety do ji\u017en\u00ed \u010d\u00e1sti jezera a k atrakc\u00edm, jako jsou Gardaland nebo Legoland.<\/p>\n<p data-start=\"1120\" data-end=\"1347\" data-is-last-node=\"\" data-is-only-node=\"\">Ne\u017e jsme ale v\u016fbec vybrali prvn\u00ed kemp, na\u0161e prvn\u00ed zast\u00e1vka byla Malcesine \u2013 n\u00e1dhern\u00e9 m\u011bste\u010dko p\u0159\u00edmo u vody, kter\u00e9 n\u00e1s hned vt\u00e1hlo do t\u00e9 prav\u00e9 italsk\u00e9 atmosf\u00e9ry. Lep\u0161\u00ed za\u010d\u00e1tek na\u0161eho gardsk\u00e9ho dobrodru\u017estv\u00ed jsme si nemohli p\u0159\u00e1t!<\/p>\n<\/div>\n<\/div>\n<\/div>\n<\/div>\n<\/div><\/div><\/div><\/div><div class=\"et_pb_row_2 et_pb_row et_block_row\"><div class=\"et_pb_column_3 et_pb_column et_pb_column_4_4 et-last-child et_block_column et_pb_css_mix_blend_mode_passthrough\"><div class=\"et_pb_text_2 et_pb_text et_pb_bg_layout_light et_pb_module et_block_module\"><div class=\"et_pb_text_inner\"><h2 data-start=\"0\" data-end=\"419\">Malcesine<\/h2>\n<p data-start=\"0\" data-end=\"419\">Poh\u00e1dkov\u00e9 m\u011bste\u010dko s dl\u00e1\u017ed\u011bn\u00fdmi uli\u010dkami, \u00fachvatn\u00fdm st\u0159edov\u011bk\u00fdm hradem (Castello Scaligero) a dechberouc\u00edmi v\u00fdhledy na jezero i hory. Odpoledne jsme str\u00e1vili proch\u00e1zkou po m\u011bst\u011b a hradu, vychutn\u00e1vali si gelato a kochali se n\u00e1dhern\u00fdmi scen\u00e9riemi. Pokud m\u00e1te v Malcesine v\u00edce \u010dasu, m\u016f\u017eete se trajektem vydat do Limone nebo lanovkou vyjet na Monte Baldo. V\u00fdhledy z vrcholu nab\u00edzej\u00ed \u00fapln\u011b jinou perspektivu Lago di Garda.<\/p>\n<p data-start=\"421\" data-end=\"565\">Parkov\u00e1n\u00ed v Malcesine bylo trochu o\u0159\u00ed\u0161ek, tak\u017ee jsme nakonec nechali auto je\u0161t\u011b p\u0159ed vjezdem do m\u011bsta a vzali si s sebou elektrick\u00e9 kolob\u011b\u017eky.<\/p>\n<h3 data-start=\"567\" data-end=\"599\">Co v Malcesine nevynechat?<\/h3>\n<p data-start=\"600\" data-end=\"1123\"><strong data-start=\"602\" data-end=\"619\">Hrad Scaliger<\/strong> \u2013 Vy\u0161plhejte na v\u011b\u017e a u\u017eijte si \u00fa\u017easn\u00e9 v\u00fdhledy na jezero.<br data-start=\"677\" data-end=\"680\" \/><strong data-start=\"682\" data-end=\"708\">Lanovka na Monte Baldo<\/strong> \u2013 Vydejte se nahoru za dechberouc\u00edmi panoramaty a skv\u011bl\u00fdmi turistick\u00fdmi trasami.<br data-start=\"789\" data-end=\"792\" data-is-only-node=\"\" \/><strong data-start=\"794\" data-end=\"812\">Vodn\u00ed aktivity<\/strong> \u2013 Koupa\u010dka na pl\u00e1\u017ei Paina, p\u016fj\u010den\u00ed lodi nebo windsurfing.<br data-start=\"870\" data-end=\"873\" \/><strong data-start=\"875\" data-end=\"908\">Proch\u00e1zka historick\u00fdm centrem<\/strong> \u2013 Toulejte se dl\u00e1\u017ed\u011bn\u00fdmi uli\u010dkami, nav\u0161tivte Palazzo dei Capitani a nakoukn\u011bte do m\u00edstn\u00edch butik\u016f.<br data-start=\"1007\" data-end=\"1010\" \/><strong data-start=\"1012\" data-end=\"1028\">J\u00eddlo &amp; pit\u00ed<\/strong> \u2013 Dop\u0159ejte si ob\u011bd s v\u00fdhledem na jezero a nezapome\u0148te na gelato z Gelateria Cento Per Cento.<\/p>\n<p data-start=\"1125\" data-end=\"1188\" data-is-last-node=\"\" data-is-only-node=\"\">Malcesine je perfektn\u00ed mix historie, dobrodru\u017estv\u00ed a odpo\u010dinku!<\/p>\n<\/div><\/div><\/div><\/div><div class=\"et_pb_row_3 et_pb_row et_block_row\"><div class=\"et_pb_column_4 et_pb_column et_pb_column_1_2 et_block_column et_pb_css_mix_blend_mode_passthrough\"><div class=\"et_pb_image_0 et_pb_image et_pb_module et_block_module\"><a href=\"https:\/\/www.jsltravels.com\/cs\/wp-content\/uploads\/2025\/08\/Malcesine-Hrad.jpg\" class=\"et_pb_lightbox_image\" alt=\"**\u017dena na kolob\u011b\u017ece na pl\u00e1\u017ei pln\u00e9 lid\u00ed, v pozad\u00ed hrad Malcesine.**\"><span class=\"et_pb_image_wrap\"><img loading=\"lazy\" decoding=\"async\" src=\"https:\/\/www.jsltravels.com\/cs\/wp-content\/uploads\/2025\/08\/Malcesine-Hrad.jpg\" width=\"800\" height=\"600\" srcset=\"https:\/\/www.jsltravels.com\/cs\/wp-content\/uploads\/2025\/08\/Malcesine-Hrad.jpg 800w, https:\/\/www.jsltravels.com\/cs\/wp-content\/uploads\/2025\/08\/Malcesine-Hrad-480x360.jpg 480w\" sizes=\"(min-width: 0px) and (max-width: 480px) 480px, (min-width: 481px) 800px, 100vw\" class=\"wp-image-267387\" title=\"Malcesine Hrad\" alt=\"**\u017dena na kolob\u011b\u017ece na pl\u00e1\u017ei pln\u00e9 lid\u00ed, v pozad\u00ed hrad Malcesine.**\" \/><\/span><\/a><\/div><\/div><div class=\"et_pb_column_5 et_pb_column et_pb_column_1_2 et-last-child et_block_column et_pb_css_mix_blend_mode_passthrough\"><div class=\"et_pb_image_1 et_pb_image et_pb_module et_block_module\"><a href=\"https:\/\/www.jsltravels.com\/cs\/wp-content\/uploads\/2025\/08\/Rodina.jpg\" class=\"et_pb_lightbox_image\" alt=\"**Rodina s mal\u00fdm chlapcem p\u00f3zuje u italsk\u00e9ho jezera.**\"><span class=\"et_pb_image_wrap\"><img loading=\"lazy\" decoding=\"async\" src=\"https:\/\/www.jsltravels.com\/cs\/wp-content\/uploads\/2025\/08\/Rodina.jpg\" width=\"800\" height=\"600\" srcset=\"https:\/\/www.jsltravels.com\/cs\/wp-content\/uploads\/2025\/08\/Rodina.jpg 800w, https:\/\/www.jsltravels.com\/cs\/wp-content\/uploads\/2025\/08\/Rodina-480x360.jpg 480w\" sizes=\"(min-width: 0px) and (max-width: 480px) 480px, (min-width: 481px) 800px, 100vw\" class=\"wp-image-267392\" title=\"Rodina\" alt=\"**Rodina s mal\u00fdm chlapcem p\u00f3zuje u italsk\u00e9ho jezera.**\" \/><\/span><\/a><\/div><\/div><\/div><div class=\"et_pb_row_4 et_pb_row et_block_row\"><div class=\"et_pb_column_6 et_pb_column et_pb_column_1_3 et_block_column et_pb_css_mix_blend_mode_passthrough\"><div class=\"et_pb_image_2 et_pb_image et_pb_module et_block_module\"><span class=\"et_pb_image_wrap\"><img loading=\"lazy\" decoding=\"async\" src=\"https:\/\/www.jsltravels.com\/cs\/wp-content\/uploads\/2025\/08\/Il-Punto-Cafe.jpg\" width=\"600\" height=\"800\" srcset=\"https:\/\/www.jsltravels.com\/cs\/wp-content\/uploads\/2025\/08\/Il-Punto-Cafe.jpg 600w, https:\/\/www.jsltravels.com\/cs\/wp-content\/uploads\/2025\/08\/Il-Punto-Cafe-480x640.jpg 480w\" sizes=\"(min-width: 0px) and (max-width: 480px) 480px, (min-width: 481px) 600px, 100vw\" class=\"wp-image-267378\" title=\"Il Punto Cafe\" alt=\"**\u00dazk\u00e1 italsk\u00e1 uli\u010dka v Malcesine, p\u00e1r lid\u00ed sed\u00ed u kav\u00e1rny In Punto Cafe.**\" \/><\/span><\/div><\/div><div class=\"et_pb_column_7 et_pb_column et_pb_column_1_3 et_block_column et_pb_css_mix_blend_mode_passthrough\"><div class=\"et_pb_image_3 et_pb_image et_pb_module et_block_module\"><span class=\"et_pb_image_wrap\"><img loading=\"lazy\" decoding=\"async\" src=\"https:\/\/www.jsltravels.com\/cs\/wp-content\/uploads\/2025\/08\/Jezero-1.jpg\" width=\"600\" height=\"800\" srcset=\"https:\/\/www.jsltravels.com\/cs\/wp-content\/uploads\/2025\/08\/Jezero-1.jpg 600w, https:\/\/www.jsltravels.com\/cs\/wp-content\/uploads\/2025\/08\/Jezero-1-480x640.jpg 480w\" sizes=\"(min-width: 0px) and (max-width: 480px) 480px, (min-width: 481px) 600px, 100vw\" class=\"wp-image-267380\" title=\"Jezero\" alt=\"**Otec dr\u017e\u00ed mal\u00e9ho chlapce sed\u00edc\u00edho na z\u00e1bradl\u00ed, oba se d\u00edvaj\u00ed do d\u00e1lky na jezero a chlapec ukazuje.**\" \/><\/span><\/div><\/div><div class=\"et_pb_column_8 et_pb_column et_pb_column_1_3 et-last-child et_block_column et_pb_css_mix_blend_mode_passthrough\"><div class=\"et_pb_image_4 et_pb_image et_pb_module et_block_module\"><span class=\"et_pb_image_wrap\"><img loading=\"lazy\" decoding=\"async\" src=\"https:\/\/www.jsltravels.com\/cs\/wp-content\/uploads\/2025\/08\/kolem-Malcesine.jpg\" width=\"600\" height=\"800\" srcset=\"https:\/\/www.jsltravels.com\/cs\/wp-content\/uploads\/2025\/08\/kolem-Malcesine.jpg 600w, https:\/\/www.jsltravels.com\/cs\/wp-content\/uploads\/2025\/08\/kolem-Malcesine-480x640.jpg 480w\" sizes=\"(min-width: 0px) and (max-width: 480px) 480px, (min-width: 481px) 600px, 100vw\" class=\"wp-image-267381\" title=\"kolem Malcesine\" alt=\"**\u017dena stoj\u00ed na stezce k hradu v Malcesine, vid\u011bt jsou kamenn\u00e9 zdi a zelen\u00e1 p\u016fda.**\" \/><\/span><\/div><\/div><\/div><div class=\"et_pb_row_5 et_pb_row et_block_row\"><div class=\"et_pb_column_9 et_pb_column et_pb_column_4_4 et-last-child et_block_column et_pb_css_mix_blend_mode_passthrough\"><div class=\"et_pb_text_3 et_pb_text et_pb_bg_layout_light et_pb_module et_block_module\"><div class=\"et_pb_text_inner\"><div data-cp=\"1\" data-ddp=\"true\" data-drd=\"1700\" data-drt=\"10000\" data-is-rde=\"false\" data-is-ver=\"false\" data-nnttsvi=\"1\" data-sletp=\"false\" data-sm=\"1\" data-ssbp=\"false\" data-sugg-time=\"500\" data-sugg-url=\"https:\/\/clients1.google.com\/complete\/search\" data-tcp=\"geluk met jou verjaarsdag,gelukkige verjaarsdag,awoda pa,\u1218\u120d\u12ab\u121d \u120d\u12f0\u1275,\u0639\u064a\u062f \u0645\u064a\u0644\u0627\u062f \u0633\u0639\u064a\u062f,\u099c\u09a8\u09cd\u09ae\u09a6\u09bf\u09a8\u09f0 \u0993\u09b2\u0997 \u099c\u09a8\u09be\u09b2\u09cb\u0981,aski mara phuqhawi,do\u011fum g\u00fcn\u00fcn m\u00fcbar\u0259k,ad g\u00fcn\u00fcn m\u00fcbar\u0259k,\u0437 \u0434\u043d\u0451\u043c \u043d\u0430\u0440\u0430\u0434\u0436\u044d\u043d\u043d\u044f,\u0447\u0435\u0441\u0442\u0438\u0442 \u0440\u043e\u0436\u0434\u0435\u043d \u0434\u0435\u043d,\u091c\u0928\u094d\u092e \u0926\u093f\u0928 \u0915\u0947 \u0936\u0941\u092d \u0915\u093e\u092e\u0928\u093e,sanb\u03b5 sanb\u03b5,\u09b6\u09c1\u09ad \u099c\u09a8\u09cd\u09ae\u09a6\u09bf\u09a8,sretan ro\u0111endan,per molts anys,feli\u00e7 aniversari,malipayong adlawng natawhan,\u06cc\u0627\u062f\u06cc \u0644\u06d5\u062f\u0627\u06cc\u06a9 \u0628\u0648\u0648\u0646\u062a \u067e\u06cc\u0631\u06c6\u0632 \u0628\u06ce\u062a,felice anniversariu,v\u0161echno nejlep\u0161\u00ed k narozenin\u00e1m,pen-blwydd hapus,penblwydd hapus,tillykke med f\u00f8dselsdagen,alles gute zum geburtstag,\u0938\u093e\u0932\u0917\u093f\u0930\u0939\u094d \u092e\u092c\u093e\u0930\u0915,\u0787\u07aa\u078a\u07a7\u0788\u07ac\u0783\u07a8 \u0787\u07aa\u078a\u07a6\u0782\u07b0\u078b\u07aa\u0788\u07a6\u0780\u07ac\u0787\u07b0,dzigbe z\u00e3 nyuie na w\u00f2,\u03c7\u03b1\u03c1\u03bf\u03cd\u03bc\u03b5\u03bd\u03b1 \u03b3\u03b5\u03bd\u03ad\u03b8\u03bb\u03b9\u03b1,happy birthday,feli\u0109an naski\u011dtagon,feliz cumplea\u00f1os,palju \u00f5nne s\u00fcnnip\u00e4evaks,zorionak,\u062a\u0648\u0644\u062f\u062a \u0645\u0628\u0627\u0631\u06a9,hyv\u00e4\u00e4 syntym\u00e4p\u00e4iv\u00e4\u00e4,joyeux anniversaire,lokkige jierdei,l\u00e1 breithe sona,l\u00e1 breithe shona duit,co-l\u00e0-breith math,feliz aniversario,vy'apav\u1ebd,\u091c\u0932\u094d\u092e\u0926\u093f\u0938\u093e\u091a\u0940 \u092a\u0930\u092c\u0940,\u0a9c\u0aa8\u0acd\u0aae\u0aa6\u0abf\u0ab5\u0ab8\u0aa8\u0ac0 \u0ab6\u0ac1\u0aad\u0ac7\u0a9a\u0acd\u0a9b\u0abe,\u0a9c\u0aa8\u0acd\u0aae\u0aa6\u0abf\u0ab5\u0ab8 \u0aa8\u0ac0 \u0ab6\u0ac1\u0aad\u0a95\u0abe\u0aae\u0aa8\u0abe,barka da ranar haihuwa,hau\u02bboli l\u0101 h\u0101nau,\u091c\u0928\u094d\u092e\u0926\u093f\u0928 \u0915\u0940 \u0936\u0941\u092d\u0915\u093e\u092e\u0928\u093e\u090f\u0902,\u091c\u0928\u094d\u092e\u0926\u093f\u0928 \u0915\u0940 \u0936\u0941\u092d\u0915\u093e\u092e\u0928\u093e\u090f\u0901,sretan ro\u0111endan,b\u00f2n f\u00e8t,boldog sz\u00fclet\u00e9snapot,\u056e\u0576\u0578\u0582\u0576\u0564\u0564 \u0577\u0576\u0578\u0580\u0570\u0561\u057e\u0578\u0580,selamat ulang tahun,ezi ncheta \u1ee5b\u1ecdch\u1ecb \u1ecdm\u1ee5m\u1ee5,ezi ncheta \u1ecdm\u1ee5m\u1ee5,naragsak a panagkasangay,til hamingju me\u00f0 afm\u00e6li\u00f0,buon compleanno,\u05d9\u05d5\u05dd \u05d4\u05d5\u05dc\u05d3\u05ea \u05e9\u05de\u05d7,\u8a95\u751f\u65e5\u304a\u3081\u3067\u3068\u3046,\u304a\u8a95\u751f\u65e5\u304a\u3081\u3067\u3068\u3046,sugeng ambal warsa,sugeng tanggap warsa,\u10d2\u10d8\u10da\u10dd\u10ea\u10d0\u10d5\u10d7 \u10d3\u10d0\u10d1\u10d0\u10d3\u10d4\u10d1\u10d8\u10e1 \u10d3\u10e6\u10d4\u10e1,\u10d2\u10d8\u10da\u10dd\u10ea\u10d0\u10d5 \u10d3\u10d0\u10d1\u10d0\u10d3\u10d4\u10d1\u10d8\u10e1 \u10d3\u10e6\u10d4\u10e1,\u0442\u0443\u0493\u0430\u043d \u043a\u04af\u043d \u049b\u04b1\u0442\u0442\u044b \u0431\u043e\u043b\u0441\u044b\u043d,\u0442\u0443\u044b\u043b\u0493\u0430\u043d \u043a\u04af\u043d\u0456\u04a3\u043c\u0435\u043d,\u179a\u17b8\u1780\u179a\u17b6\u1799\u1790\u17d2\u1784\u17c3\u1781\u17bd\u1794\u1780\u17c6\u178e\u17be\u178f,\u179a\u17b8\u1780\u179a\u17b6\u1799\u200b\u1790\u17d2\u1784\u17c3\u200b\u1780\u17c6\u178e\u17be\u178f,\u0cb9\u0cc1\u0c9f\u0ccd\u0c9f\u0cc1\u0cb9\u0cac\u0ccd\u0cac\u0ca6 \u0cb6\u0cc1\u0cad\u0cbe\u0cb6\u0caf\u0c97\u0cb3\u0cc1,\u0c9c\u0ca8\u0ccd\u0cae\u0ca6\u0cbf\u0ca8\u0ca6 \u0cb6\u0cc1\u0cad\u0cbe\u0cb6\u0caf\u0c97\u0cb3\u0cc1,\uc0dd\uc77c \ucd95\ud558\ud569\ub2c8\ub2e4,\uc0dd\uc77c \ucd95\ud558\ud574\uc694,api batde,rojb\u00fbna te p\u00eeroz be,\u0442\u0443\u0443\u043b\u0433\u0430\u043d \u043a\u04af\u043d\u04af\u04a3\u04af\u0437 \u043c\u0435\u043d\u0435\u043d,\u0442\u0443\u0443\u043b\u0433\u0430\u043d \u043a\u0443\u043d\u0443\u04a3\u0443\u0437 \u043c\u0435\u043d\u0435\u043d \u043a\u0443\u0442\u0442\u0443\u043a\u0442\u0430\u0439\u043c,felix natalis,alles guddes fir de gebuertsdag,amazaalibwa amalungi,mbotama elamu,\u0eaa\u0eb8\u0e81\u0eaa\u0eb1\u0e99\u0ea7\u0eb1\u0e99\u0ec0\u0e81\u0eb5\u0e94,\u0eaa\u0eb8\u0e81\u200b\u0eaa\u0eb1\u0e99\u200b\u0ea7\u0eb1\u0e99\u200b\u0ec0\u0e81\u0eb5\u0e94,su gimtadieniu,piancham chibai,daudz laimes dzim\u0161anas dien\u0101,\u091c\u0928\u094d\u092e\u0926\u093f\u0928\u0915 \u0936\u0941\u092d\u0915\u093e\u092e\u0928\u093e,tratry ny tsingerin-taona,tratry ny tsingerintaona nahaterahana,\u0441\u0440\u0435\u045c\u0435\u043d \u0440\u043e\u0434\u0435\u043d\u0434\u0435\u043d,\u0d1c\u0d28\u0d4d\u0d2e\u0d26\u0d3f\u0d28\u0d3e\u0d36\u0d02\u0d38\u0d15\u0d7e,\u0442\u04e9\u0440\u0441\u04e9\u043d \u04e9\u0434\u0440\u0438\u0439\u043d \u043c\u044d\u043d\u0434 \u0445\u04af\u0440\u0433\u044d\u0435,\u0442\u04e9\u0440\u0441\u04e9\u043d \u04e9\u0434\u0440\u0438\u0439\u043d \u043c\u044d\u043d\u0434,\uabc5\uabe8\uabe1\uabc9\uabe5\uabcf\uabd4\uabd5 \uabc4\uabe3\uabdb\uabc4 \uabc5\uabe8\uabc3\uabe4\uabe0,\u0935\u093e\u0922\u0926\u093f\u0935\u0938\u093e\u091a\u094d\u092f\u093e \u0936\u0941\u092d\u0947\u091a\u094d\u091b\u093e,\u0935\u093e\u0922\u0926\u093f\u0935\u0938\u093e\u091a\u094d\u092f\u093e \u0939\u093e\u0930\u094d\u0926\u093f\u0915 \u0936\u0941\u092d\u0947\u091a\u094d\u091b\u093e,selamat hari lahir,xewqat sbie\u0127 f'g\u0127eluq sninek,\u1015\u103b\u1031\u102c\u103a\u101b\u103d\u103e\u1004\u103a\u1016\u103d\u101a\u103a \u1019\u103d\u1031\u1038\u1014\u1031\u1037\u1016\u103c\u1005\u103a\u1015\u102b\u1005\u1031,\u1015\u103b\u1031\u102c\u103a\u101b\u103d\u103e\u1004\u103a\u1005\u101b\u102c\u1019\u103d\u1031\u1038\u1014\u1031\u1037\u1016\u103c\u1005\u103a\u1015\u102b\u1005\u1031,\u091c\u0928\u094d\u092e \u0926\u093f\u0928\u0915\u094b \u0936\u0941\u092d\u0915\u093e\u092e\u0928\u093e,gefeliciteerd met je verjaardag,gefeliciteerd,gratulerer med dagen,matswalo a mabotse,tsiku labwino lobadwa,baga guyyaa dhaloota kee geesse,\u0b1c\u0b28\u0b4d\u0b2e\u0b26\u0b3f\u0b28\u0b30 \u0b36\u0b41\u0b2d\u0b47\u0b1a\u0b4d\u0b1b\u0b3e,\u0b1c\u0b28\u0b4d\u0b2e\u0b26\u0b3f\u0b28\u0b30 \u0b05\u0b2d\u0b3f\u0b28\u0b28\u0b4d\u0b26\u0b28,\u0a1c\u0a28\u0a2e\u0a26\u0a3f\u0a28 \u0a26\u0a40\u0a06\u0a02 \u0a35\u0a27\u0a3e\u0a08\u0a06\u0a02,\u0a1c\u0a28\u0a2e\u0a26\u0a3f\u0a28 \u0a2e\u0a41\u0a2c\u0a3e\u0a30\u0a15,wszystkiego najlepszego z okazji urodzin,\u06a9\u0644\u06cc\u0632\u0647 \u062f\u06cc \u0646\u06cc\u06a9\u0645\u0631\u063a\u0647,feliz anivers\u00e1rio,punchawniykipi kusikuni,la mul\u021bi ani,\u0441 \u0434\u043d\u0435\u043c \u0440\u043e\u0436\u0434\u0435\u043d\u0438\u044f,isabukuru nziza,\u0936\u0941\u092d\u0902 \u091c\u0928\u094d\u092e\u0926\u093f\u0928\u092e\u094d\u200c,\u062c\u0646\u0645 \u068f\u064a\u0646\u0647\u0646 \u0645\u0628\u0627\u0631\u06aa,\u0dc3\u0dd4\u0db6 \u0d8b\u0db4\u0db1\u0dca \u0daf\u0dd2\u0db1\u0dba\u0d9a\u0dca,v\u0161etko najlep\u0161ie k narodenin\u00e1m,\u0161\u0165astn\u00e9 narodeniny,vse najbolj\u0161e,manuia asofanau,bhavhadhe rinofadza,maalin dhalasheed farxad leh,dhalasho wacan,g\u00ebzuar dit\u00eblindjen,\u0441\u0440\u0435\u045b\u0430\u043d \u0440\u043e\u0452\u0435\u043d\u0434\u0430\u043d,letsatsi le monate la tsoalo,wilujeung milangkala,wilujeung tepang taun,grattis p\u00e5 f\u00f6delsedagen,heri ya siku ya kuzaliwa,\u0baa\u0bbf\u0bb1\u0ba8\u0bcd\u0ba4\u0ba8\u0bbe\u0bb3\u0bcd \u0bb5\u0bbe\u0bb4\u0bcd\u0ba4\u0bcd\u0ba4\u0bc1\u0b95\u0bb3\u0bcd,\u0baa\u0bbf\u0bb1\u0ba8\u0bcd\u0ba4\u0ba8\u0bbe\u0bb3\u0bcd \u0bb5\u0bbe\u0bb4\u0bcd\u0ba4\u0bcd\u0ba4\u0bc1\u0b95\u0bcd\u0b95\u0bb3\u0bcd,\u0c2a\u0c41\u0c1f\u0c4d\u0c1f\u0c3f\u0c28\u0c30\u0c4b\u0c1c\u0c41 \u0c36\u0c41\u0c2d\u0c3e\u0c15\u0c3e\u0c02\u0c15\u0c4d\u0c37\u0c32\u0c41,\u0437\u043e\u0434\u0440\u04ef\u0437 \u043c\u0443\u0431\u043e\u0440\u0430\u043a,\u0e2a\u0e38\u0e02\u0e2a\u0e31\u0e19\u0e15\u0e4c\u0e27\u0e31\u0e19\u0e40\u0e01\u0e34\u0e14,\u12a5\u1295\u12b3\u12d5 \u1270\u12c8\u1208\u12f5\u12ab,doglan g\u00fcn\u00fc\u0148 bilen,maligayang kaarawan,do\u011fum g\u00fcn\u00fcn\u00fcz kutlu olsun,do\u011fum g\u00fcn\u00fcn kutlu olsun,siku lerinene ro velekiwa,\u0442\u0443\u0433\u0430\u043d \u043a\u04e9\u043d \u0431\u0435\u043b\u04d9\u043d,\u0437 \u0434\u043d\u0435\u043c \u043d\u0430\u0440\u043e\u0434\u0436\u0435\u043d\u043d\u044f,\u0633\u0627\u0644\u06af\u0631\u06c1 \u0645\u0628\u0627\u0631\u06a9,\u0633\u0627\u0644\u06af\u0631\u06c1 \u0645\u0628\u0627\u0631\u06a9 \u06c1\u0648,tug\u02bbilgan kuningiz bilan,tug'ilgan kun muborak bo'lsin,ch\u00fac m\u1eebng sinh nh\u1eadt,mini emnandi,nwabela usuku lwakho owaqala ngalo,o ku\u0301 a\u0300ya\u0301j\u1ecd\u0301 \u1ecdj\u1ecd\u0301 i\u0300bi\u0301,o ku ojo ibi,\u751f\u65e5\u5feb\u4e50,\u751f\u65e5\u5feb\u6a02,sikufisela usuku lokuzalwa oluhle,usuku olumnandi lokuzalwa\" data-uilc=\"en\" data-vil=\",af,af-ZA,am,am-ET,ar-EG,ar-AE,ar-KW,ar-QA,ar,ar-IL,ar-JO,ar-LB,ar-PS,az,az-AZ,bg,bg-BG,bn,bn-BD,bn-IN,ca,ca-es,cs,cs-CZ,de,de-DE,de-CH,de-AT,de-LI,en,en-US,en-CA,en-AU,en-NZ,en-GB,en-IN,en-KE,en-TZ,en-NG,en-GH,en-PH,en-ZA,es,es-ES,es-AR,es-UY,es-419,es-BO,es-CL,es-CR,es-CO,es-DO,es-EC,es-GT,es-HN,es-NI,es-PA,es-PE,es-PR,es-PY,es-SV,es-VE,es-MX,es-US,eu,eu-ES,fi,fi-FI,fr,fr-FR,fr-CH,fr-BE,gl,gl-ES,gu,gu-IN,he,he-IL,iw,iw-IL,hu,hu-HU,hy,hy-AM,id,id-ID,is,is-IS,it,it-IT,it-CH,ja,ja-JP,jv,jv-ID,ka,ka-GE,km,km-KH,kn,kn-IN,ko,ko-KR,la,lo,lo-LA,lv,lv-LV,ml,ml-IN,mr,mr-IN,ms,ms-MY,nl,nl-NL,nb,nb-NO,ne,ne-NP,pl,pl-PL,pt,pt-BR,pt-PT,ro,ro-RO,ru,ru-RU,si-LK,sk,sk-SK,sr,sr-RS,su,su-ID,sv,sv-SE,sw,sw-TZ,sw-KE,ta,ta-IN,ta-SG,ta-LK,ta-MY,te,te-IN,tr,tr-TR,ur,ur-PK,ur-IN,yue,yue-HK,yue-Hant-HK,zh-HK,zh,zh-CN,zh-cmn,zh-cmn-CN,zh-Hans,zh-Hans-CN,zh-cmn-Hans,zh-cmn-Hans-CN,cmn-CN,cmn-Hans,cmn-Hans-CN,zh-TW,zh-Hant-TW,cmn-TW,cmn-Hant-TW,zh-cmn-TW,zh-cmn-Hant-TW,zu,zu-ZA,hi,hi-IN,tl,tl-PH,pa,pa-IN\" id=\"tw-container\" class=\"\">\n<h2><g-expandable-container jscontroller=\"QE1bwd\" data-npd=\"1\" data-slct=\"mnr-c\" jsshadow=\"\" jsaction=\"C7xow:Z6bwpe;xNpQtd:Nh5q2c;U6VCqe:GsRPff;Ep2Mgc:AgioGc;BDs6B:fW2qAb;ep03Ne:AvkpRc;gvA4Rc:yELBLe\"><\/g-expandable-container>Garda<\/h2>\n<div jsname=\"gI9xcc\" jsslot=\"1\">\n<div jscontroller=\"tZEiM\" jsdata=\"SANFE;_;CIyCaY\" jsaction=\"uQxhTd:d4hecb;lWUBqb:TO5MWb;IcWBXe:hLaFAe;KFlBO:UuREqb;M2HAEc:eNrnOd;EA1gQ:OQvruc;KyPa0e:Gz3GTb;rcuQ6b:npT2md;FzBHae:jqXFie;al5F3e:CgtGRb;eS1ZFf:CgtGRb\">\n<div class=\"tw-src-ltr\" id=\"tw-ob\">\n<div class=\"oSioSc\">\n<div id=\"tw-target\">\n<div id=\"kAz1tf\" class=\"g9WsWb PZPZlf\" data-attrid=\"tw-targetArea\" data-entityname=\"Google Translate\">\n<p data-start=\"0\" data-end=\"233\">Uprost\u0159ed v\u00fdchodn\u00edho pob\u0159e\u017e\u00ed jezera n\u00e1s Garda okouzlila svou \u017eivou promen\u00e1dou, barevn\u00fdmi budovami a ru\u0161nou atmosf\u00e9rou. Proto\u017ee to bylo jen 10 minut ch\u016fze od na\u0161eho kempu, \u010dasto jsme sem chodili na ve\u010de\u0159e a pozdn\u00ed odpoledn\u00ed proch\u00e1zky.<\/p>\n<h3 class=\"tw-ta-container F0azHf tw-nfl\" tabindex=\"0\">Co v Garde vyzkou\u0161et:<\/h3>\n<p data-start=\"263\" data-end=\"754\" data-is-last-node=\"\" data-is-only-node=\"\"><strong data-start=\"263\" data-end=\"276\">Turistika<\/strong>: Vyzkou\u0161ejte Sentiero del Ponale pro \u00fachvatn\u00e9 v\u00fdhledy na jezero nebo si vyjd\u011bte na Monte Baldo pro panoramatick\u00fd z\u00e1\u017eitek.<br data-start=\"398\" data-end=\"401\" \/><strong data-start=\"401\" data-end=\"415\" data-is-only-node=\"\">Cyklistika<\/strong>: Trasa Garda by Bike je jednou z nejmalebn\u011bj\u0161\u00edch cyklistick\u00fdch stezek v Evrop\u011b.<br data-start=\"495\" data-end=\"498\" \/><strong data-start=\"498\" data-end=\"514\">Vodn\u00ed sporty<\/strong>: Windsurfing v Riva del Garda, kajak, stand-up paddleboarding nebo placht\u011bn\u00ed.<br data-start=\"592\" data-end=\"595\" \/><strong data-start=\"595\" data-end=\"608\">Canyoning<\/strong>: Objevujte vodop\u00e1dy a sout\u011bsky v Tignale nebo Torrente Vione.<br data-start=\"670\" data-end=\"673\" \/><strong data-start=\"673\" data-end=\"688\">Paragliding<\/strong>: Vzl\u00e9tn\u011bte z Monte Baldo a u\u017eijte si dechberouc\u00ed v\u00fdhledy z v\u00fd\u0161ky.<\/p>\n<\/div>\n<\/div>\n<\/div>\n<\/div>\n<\/div>\n<\/div>\n<p>&nbsp;<\/p>\n<\/div>\n<\/div><\/div><\/div><\/div><div class=\"et_pb_row_6 et_pb_row et_block_row\"><div class=\"et_pb_column_10 et_pb_column et_pb_column_1_3 et_block_column et_pb_css_mix_blend_mode_passthrough\"><div class=\"et_pb_image_5 et_pb_image et_pb_module et_block_module\"><a href=\"https:\/\/www.jsltravels.com\/cs\/wp-content\/uploads\/2025\/08\/kolo-lago-di-garda.jpg\" class=\"et_pb_lightbox_image\" alt=\"**\u017dena v d\u017e\u00ednov\u00e9m overalu se op\u00edr\u00e1 o \u017elut\u00e9 kolo u vinn\u00e9ho obchodu.**\"><span class=\"et_pb_image_wrap\"><img loading=\"lazy\" decoding=\"async\" src=\"https:\/\/www.jsltravels.com\/cs\/wp-content\/uploads\/2025\/08\/kolo-lago-di-garda.jpg\" width=\"600\" height=\"800\" srcset=\"https:\/\/www.jsltravels.com\/cs\/wp-content\/uploads\/2025\/08\/kolo-lago-di-garda.jpg 600w, https:\/\/www.jsltravels.com\/cs\/wp-content\/uploads\/2025\/08\/kolo-lago-di-garda-480x640.jpg 480w\" sizes=\"(min-width: 0px) and (max-width: 480px) 480px, (min-width: 481px) 600px, 100vw\" class=\"wp-image-267382\" title=\"kolo lago di garda\" alt=\"**\u017dena v d\u017e\u00ednov\u00e9m overalu se op\u00edr\u00e1 o \u017elut\u00e9 kolo u vinn\u00e9ho obchodu.**\" \/><\/span><\/a><\/div><\/div><div class=\"et_pb_column_11 et_pb_column et_pb_column_1_3 et_block_column et_pb_css_mix_blend_mode_passthrough\"><div class=\"et_pb_image_6 et_pb_image et_pb_module et_block_module\"><a href=\"https:\/\/www.jsltravels.com\/cs\/wp-content\/uploads\/2025\/08\/Garda.jpg\" class=\"et_pb_lightbox_image\" alt=\"Restaurace v Gard\u011b, kamenn\u00e9 stavby s pr\u016fchoz\u00edm obloukem a venkovn\u00ed obch\u016fdky.\"><span class=\"et_pb_image_wrap\"><img loading=\"lazy\" decoding=\"async\" src=\"https:\/\/www.jsltravels.com\/cs\/wp-content\/uploads\/2025\/08\/Garda.jpg\" width=\"600\" height=\"800\" srcset=\"https:\/\/www.jsltravels.com\/cs\/wp-content\/uploads\/2025\/08\/Garda.jpg 600w, https:\/\/www.jsltravels.com\/cs\/wp-content\/uploads\/2025\/08\/Garda-480x640.jpg 480w\" sizes=\"(min-width: 0px) and (max-width: 480px) 480px, (min-width: 481px) 600px, 100vw\" class=\"wp-image-267376\" title=\"Garda\" alt=\"Restaurace v Gard\u011b, kamenn\u00e9 stavby s pr\u016fchoz\u00edm obloukem a venkovn\u00ed obch\u016fdky.\" \/><\/span><\/a><\/div><\/div><div class=\"et_pb_column_12 et_pb_column et_pb_column_1_3 et-last-child et_block_column et_pb_css_mix_blend_mode_passthrough\"><div class=\"et_pb_image_7 et_pb_image et_pb_module et_block_module\"><a href=\"https:\/\/www.jsltravels.com\/cs\/wp-content\/uploads\/2025\/08\/Chlapec-1.jpg\" class=\"et_pb_lightbox_image\" alt=\"**Mal\u00fd chlapec sed\u00ed v italsk\u00e9 restauraci, p\u0159ed sebou m\u00e1 na tal\u00ed\u0159i raj\u010datovou bruschettu.**\"><span class=\"et_pb_image_wrap\"><img loading=\"lazy\" decoding=\"async\" src=\"https:\/\/www.jsltravels.com\/cs\/wp-content\/uploads\/2025\/08\/Chlapec-1.jpg\" width=\"600\" height=\"800\" srcset=\"https:\/\/www.jsltravels.com\/cs\/wp-content\/uploads\/2025\/08\/Chlapec-1.jpg 600w, https:\/\/www.jsltravels.com\/cs\/wp-content\/uploads\/2025\/08\/Chlapec-1-480x640.jpg 480w\" sizes=\"(min-width: 0px) and (max-width: 480px) 480px, (min-width: 481px) 600px, 100vw\" class=\"wp-image-267372\" title=\"Chlapec\" alt=\"**Mal\u00fd chlapec sed\u00ed v italsk\u00e9 restauraci, p\u0159ed sebou m\u00e1 na tal\u00ed\u0159i raj\u010datovou bruschettu.**\" \/><\/span><\/a><\/div><\/div><\/div><div class=\"et_pb_row_7 et_pb_row et_block_row\"><div class=\"et_pb_column_13 et_pb_column et_pb_column_4_4 et-last-child et_block_column et_pb_css_mix_blend_mode_passthrough\"><div class=\"et_pb_text_4 et_pb_text et_pb_bg_layout_light et_pb_module et_block_module\"><div class=\"et_pb_text_inner\"><div class=\"flex max-w-full flex-col flex-grow\">\n<div data-message-author-role=\"assistant\" data-message-id=\"c813b1ef-640f-42b1-9d08-81186dfd78cc\" dir=\"auto\" class=\"min-h-8 text-message relative flex w-full flex-col items-end gap-2 whitespace-normal break-words text-start [.text-message+&amp;]:mt-5\" data-message-model-slug=\"gpt-4o-mini\">\n<div class=\"flex w-full flex-col gap-1 empty:hidden first:pt-[3px]\">\n<div class=\"markdown prose w-full break-words dark:prose-invert light\">\n<h2 data-start=\"0\" data-end=\"336\">Bardolino<\/h2>\n<p data-start=\"0\" data-end=\"336\">Bardolino n\u00e1s okouzlilo svou rustik\u00e1ln\u00ed atmosf\u00e9rou, v\u0159elou pohostinnost\u00ed a uvoln\u011bnou n\u00e1ladou. P\u0159edstavte si olivov\u00e9 h\u00e1je, barevn\u00e9 kv\u011btiny a promen\u00e1du u jezera lemovanou l\u00e1kav\u00fdmi kav\u00e1rnami a gelateriemi, kter\u00e9 nab\u00edzej\u00ed l\u00e1kav\u00e9 dobroty. Ve srovn\u00e1n\u00ed s Gardou se Bardolino zd\u00e1lo v\u011bt\u0161\u00ed, s \u0161ir\u0161\u00ed promen\u00e1dou, kter\u00e1 je\u0161t\u011b zv\u00fdraznila jeho kouzlo.<\/p>\n<h3>Co v Bardolinu vyzkou\u0161et:<\/h3>\n<p data-start=\"370\" data-end=\"887\" data-is-only-node=\"\" data-is-last-node=\"\"><strong data-start=\"370\" data-end=\"388\">Degustace v\u00edna<\/strong> \u2013 Nav\u0161tivte m\u00edstn\u00ed vinice a ochutnejte slavn\u00e9 \u010derven\u00e9 v\u00edno Bardolino a r\u016f\u017eov\u00e9 Chiaretto.<br data-start=\"477\" data-end=\"480\" \/><strong data-start=\"480\" data-end=\"502\" data-is-only-node=\"\">Promen\u00e1da u jezera<\/strong> \u2013 Projd\u011bte se nebo si zajezd\u011bte na kole po malebn\u00e9 stezce pod\u00e9l jezera do Lazise nebo Gardy.<br data-start=\"595\" data-end=\"598\" \/><strong data-start=\"598\" data-end=\"624\">Muzeum olivov\u00e9ho oleje<\/strong> \u2013 Poznejte v\u00fdrobu olivov\u00e9ho oleje v Garde a ochutnejte \u010derstv\u00fd olivov\u00fd olej.<br data-start=\"701\" data-end=\"704\" \/><strong data-start=\"704\" data-end=\"723\">Kostel sv. Zeno<\/strong> \u2013 Obdivujte kr\u00e1sn\u00fd rom\u00e1nsk\u00fd kostel se st\u0159edov\u011bk\u00fdmi freskami.<br data-start=\"784\" data-end=\"787\" \/><strong data-start=\"787\" data-end=\"802\">Plavba lod\u00ed<\/strong> \u2013 Vydajte se trajektem nebo soukromou lod\u00ed, abyste prozkoumali dal\u0161\u00ed m\u011bsta u jezera.<\/p>\n<\/div>\n<\/div>\n<\/div>\n<\/div>\n<div class=\"mb-2 flex gap-3 -ml-2\" tabindex=\"0\">\n<div class=\"items-center justify-start rounded-xl p-1 flex\">\n<div class=\"flex items-center\">\n<div class=\"flex items-center pb-0\"><\/div>\n<\/div>\n<\/div>\n<\/div>\n<\/div><\/div><\/div><\/div><div class=\"et_pb_row_8 et_pb_row et_block_row\"><div class=\"et_pb_column_14 et_pb_column et_pb_column_1_3 et_block_column et_pb_css_mix_blend_mode_passthrough\"><div class=\"et_pb_image_8 et_pb_image et_pb_module et_block_module\"><a href=\"https:\/\/www.jsltravels.com\/cs\/wp-content\/uploads\/2025\/08\/Aperol-Spritz.jpg\" class=\"et_pb_lightbox_image\" alt=\"**Sklenice Aperolu p\u0159i z\u00e1padu slunce v Bardolinu.**\"><span class=\"et_pb_image_wrap\"><img loading=\"lazy\" decoding=\"async\" src=\"https:\/\/www.jsltravels.com\/cs\/wp-content\/uploads\/2025\/08\/Aperol-Spritz.jpg\" width=\"600\" height=\"800\" srcset=\"https:\/\/www.jsltravels.com\/cs\/wp-content\/uploads\/2025\/08\/Aperol-Spritz.jpg 600w, https:\/\/www.jsltravels.com\/cs\/wp-content\/uploads\/2025\/08\/Aperol-Spritz-480x640.jpg 480w\" sizes=\"(min-width: 0px) and (max-width: 480px) 480px, (min-width: 481px) 600px, 100vw\" class=\"wp-image-267367\" title=\"Aperol Spritz\" alt=\"**Sklenice Aperolu p\u0159i z\u00e1padu slunce v Bardolinu.**\" \/><\/span><\/a><\/div><\/div><div class=\"et_pb_column_15 et_pb_column et_pb_column_1_3 et_block_column et_pb_css_mix_blend_mode_passthrough\"><div class=\"et_pb_image_9 et_pb_image et_pb_module et_block_module\"><a href=\"https:\/\/www.jsltravels.com\/cs\/wp-content\/uploads\/2025\/08\/Bardolino.jpg\" class=\"et_pb_lightbox_image\" alt=\"**D\u0159ev\u011bn\u00e1 promen\u00e1da v Bardolinu s lavi\u010dkami a z\u00e1hony kv\u011btin.**\"><span class=\"et_pb_image_wrap\"><img loading=\"lazy\" decoding=\"async\" src=\"https:\/\/www.jsltravels.com\/cs\/wp-content\/uploads\/2025\/08\/Bardolino.jpg\" width=\"600\" height=\"800\" srcset=\"https:\/\/www.jsltravels.com\/cs\/wp-content\/uploads\/2025\/08\/Bardolino.jpg 600w, https:\/\/www.jsltravels.com\/cs\/wp-content\/uploads\/2025\/08\/Bardolino-480x640.jpg 480w\" sizes=\"(min-width: 0px) and (max-width: 480px) 480px, (min-width: 481px) 600px, 100vw\" class=\"wp-image-267369\" title=\"Bardolino\" alt=\"**D\u0159ev\u011bn\u00e1 promen\u00e1da v Bardolinu s lavi\u010dkami a z\u00e1hony kv\u011btin.**\" \/><\/span><\/a><\/div><\/div><div class=\"et_pb_column_16 et_pb_column et_pb_column_1_3 et-last-child et_block_column et_pb_css_mix_blend_mode_passthrough\"><div class=\"et_pb_image_10 et_pb_image et_pb_module et_block_module\"><a href=\"https:\/\/www.jsltravels.com\/cs\/wp-content\/uploads\/2025\/08\/Bardolino-Slunce.jpg\" class=\"et_pb_lightbox_image\" alt=\"**Z\u00e1pad slunce nad jezerem Garda, d\u0159ev\u011bn\u00e9 molo a ke\u0159 s fialov\u00fdmi kv\u011bty.**\"><span class=\"et_pb_image_wrap\"><img loading=\"lazy\" decoding=\"async\" src=\"https:\/\/www.jsltravels.com\/cs\/wp-content\/uploads\/2025\/08\/Bardolino-Slunce.jpg\" width=\"600\" height=\"800\" srcset=\"https:\/\/www.jsltravels.com\/cs\/wp-content\/uploads\/2025\/08\/Bardolino-Slunce.jpg 600w, https:\/\/www.jsltravels.com\/cs\/wp-content\/uploads\/2025\/08\/Bardolino-Slunce-480x640.jpg 480w\" sizes=\"(min-width: 0px) and (max-width: 480px) 480px, (min-width: 481px) 600px, 100vw\" class=\"wp-image-267368\" title=\"Bardolino Slunce\" alt=\"**Z\u00e1pad slunce nad jezerem Garda, d\u0159ev\u011bn\u00e9 molo a ke\u0159 s fialov\u00fdmi kv\u011bty.**\" \/><\/span><\/a><\/div><\/div><\/div><div class=\"et_pb_row_9 et_pb_row et_block_row\"><div class=\"et_pb_column_17 et_pb_column et_pb_column_4_4 et-last-child et_block_column et_pb_css_mix_blend_mode_passthrough\"><div class=\"et_pb_text_5 et_pb_text et_pb_bg_layout_light et_pb_module et_block_module\"><div class=\"et_pb_text_inner\"><h2 data-start=\"0\" data-end=\"77\">Lago di Garda Kempy<\/h2>\n<h3><br data-start=\"25\" data-end=\"28\" \/>La Rocca Camping Village<\/h3>\n<h3 data-start=\"0\" data-end=\"77\"><span style=\"color: #00ccff;\"><a href=\"https:\/\/www.booking.com\/hotel\/it\/la-rocca-camping-village.en-us.html?aid=818288&amp;label=affnetcj-11916287_pub-5108952_site-101231622_pname-Go%20Travel%20Un%20Limited_clkid-a491ca07d26949ad85c798ce1-560753_cjevent-90230327fb5711ef8308009b0a18b8f9&amp;sid=c1ec9d86d37be1a659450e2cb170af16&amp;age=0&amp;checkin=2025-01-27&amp;checkout=2025-01-28&amp;dest_id=-111241&amp;dest_type=city&amp;group_adults=2&amp;group_children=0&amp;hapos=1&amp;hpos=1&amp;keep_landing=1&amp;lang=en-us&amp;lang_changed=1&amp;no_rooms=1&amp;req_adults=2&amp;req_children=0&amp;room1=A%2CA&amp;sb_price_type=total&amp;soh=1&amp;sr_order=popularity&amp;srepoch=1731497757&amp;srpvid=0998518acf730aa3&amp;type=total&amp;ucfs=1&amp;utm_campaign=xx&amp;utm_medium=bannerindex&amp;utm_source=affnetcj&amp;utm_term=index-11916287&amp;#no_availability_msg\" target=\"_blank\" rel=\"noopener\" style=\"color: #00ccff;\">REZERVUJTE ZDE<\/a><\/span><\/h3>\n<p data-start=\"79\" data-end=\"324\">La Rocca Camp nebyl jen na skv\u011bl\u00e9m m\u00edst\u011b u jezera \u2013 byl to tak\u00e9 \u00fa\u017easn\u00fd m\u00edsto k pobytu! S d\u011btsk\u00fdmi h\u0159i\u0161ti, velk\u00fdm baz\u00e9nem, vnit\u0159n\u00edm prostorem pro d\u011bti, restaurac\u00ed a denn\u00edmi programy pro d\u011bti m\u011bl v\u0161echno, co jsme pot\u0159ebovali pro fantastick\u00fd v\u00fdlet.<\/p>\n<p data-start=\"326\" data-end=\"581\">Doprava byla velmi jednoduch\u00e1. Malcesine je jen 30 minut j\u00edzdy autem, nebo m\u016f\u017eete jet autobusem za 3\u20134 eura, co\u017e trv\u00e1 asi 40 minut. Nav\u00edc Garda a Bardolino jsou vzd\u00e1len\u00e9 m\u00e9n\u011b ne\u017e 15 minut ch\u016fze, tak\u017ee La Rocca Camp je ide\u00e1ln\u00edm m\u00edstem pro objevov\u00e1n\u00ed okol\u00ed.<\/p>\n<p data-start=\"583\" data-end=\"619\"><strong data-start=\"583\" data-end=\"617\">Hlavn\u00ed p\u0159ednosti La Rocca Camp<\/strong><\/p>\n<p data-start=\"621\" data-end=\"1003\" data-is-last-node=\"\" data-is-only-node=\"\"><strong data-start=\"621\" data-end=\"642\">Lokalita u jezera<\/strong> \u2013 P\u0159\u00edmo u vody, ide\u00e1ln\u00ed pro relaxa\u010dn\u00ed pobyt.<br data-start=\"687\" data-end=\"690\" \/><strong data-start=\"690\" data-end=\"711\">Rodinn\u00e9 p\u0159\u00e1telsk\u00e9<\/strong> \u2013 H\u0159i\u0161t\u011b, velk\u00fd baz\u00e9n a vnit\u0159n\u00ed d\u011btsk\u00e1 herna.<br data-start=\"757\" data-end=\"760\" \/><strong data-start=\"760\" data-end=\"781\" data-is-only-node=\"\">Vybaven\u00ed na m\u00edst\u011b<\/strong> \u2013 Restaurace, denn\u00ed programy pro d\u011bti a spousta aktivit.<br data-start=\"838\" data-end=\"841\" \/><strong data-start=\"841\" data-end=\"873\">Skv\u011bl\u00fd z\u00e1klad pro objevov\u00e1n\u00ed<\/strong> \u2013 Kr\u00e1tk\u00e1 proch\u00e1zka do Gardy a Bardolina.<br data-start=\"914\" data-end=\"917\" \/><strong data-start=\"917\" data-end=\"948\">Snadn\u00fd p\u0159\u00edstup do Malcesine<\/strong> \u2013 30 minut j\u00edzdy autem nebo 40 minut autobusem (3\u20134\u20ac).<\/p>\n<\/div><\/div><\/div><\/div><div class=\"et_pb_row_10 et_pb_row et_block_row\"><div class=\"et_pb_column_18 et_pb_column et_pb_column_1_3 et_block_column et_pb_css_mix_blend_mode_passthrough\"><div class=\"et_pb_image_11 et_pb_image et_pb_module et_block_module\"><span class=\"et_pb_image_wrap\"><img loading=\"lazy\" decoding=\"async\" src=\"https:\/\/www.jsltravels.com\/cs\/wp-content\/uploads\/2025\/08\/detsky-koutek.jpg\" width=\"600\" height=\"800\" srcset=\"https:\/\/www.jsltravels.com\/cs\/wp-content\/uploads\/2025\/08\/detsky-koutek.jpg 600w, https:\/\/www.jsltravels.com\/cs\/wp-content\/uploads\/2025\/08\/detsky-koutek-480x640.jpg 480w\" sizes=\"(min-width: 0px) and (max-width: 480px) 480px, (min-width: 481px) 600px, 100vw\" class=\"wp-image-267374\" title=\"d\u011btsk\u00fd koutek\" alt=\"**D\u011btsk\u00e1 herna v kempu p\u0159ipom\u00edn\u00e1 podvodn\u00ed sv\u011bt.**\" \/><\/span><\/div><\/div><div class=\"et_pb_column_19 et_pb_column et_pb_column_1_3 et_block_column et_pb_css_mix_blend_mode_passthrough\"><div class=\"et_pb_image_12 et_pb_image et_pb_module et_block_module\"><span class=\"et_pb_image_wrap\"><img loading=\"lazy\" decoding=\"async\" src=\"https:\/\/www.jsltravels.com\/cs\/wp-content\/uploads\/2025\/08\/detske-aktivity.jpg\" width=\"600\" height=\"800\" srcset=\"https:\/\/www.jsltravels.com\/cs\/wp-content\/uploads\/2025\/08\/detske-aktivity.jpg 600w, https:\/\/www.jsltravels.com\/cs\/wp-content\/uploads\/2025\/08\/detske-aktivity-480x640.jpg 480w\" sizes=\"(min-width: 0px) and (max-width: 480px) 480px, (min-width: 481px) 600px, 100vw\" class=\"wp-image-267373\" title=\"d\u011btsk\u00e9 aktivity\" alt=\"**D\u011btsk\u00e9 aktivity v kempu, d\u011bti tan\u010d\u00ed p\u0159ed jevi\u0161t\u011bm.**\" \/><\/span><\/div><\/div><div class=\"et_pb_column_20 et_pb_column et_pb_column_1_3 et-last-child et_block_column et_pb_css_mix_blend_mode_passthrough\"><div class=\"et_pb_image_13 et_pb_image et_pb_module et_block_module\"><span class=\"et_pb_image_wrap\"><img loading=\"lazy\" decoding=\"async\" src=\"https:\/\/www.jsltravels.com\/cs\/wp-content\/uploads\/2025\/08\/bazen-1.jpg\" width=\"600\" height=\"800\" srcset=\"https:\/\/www.jsltravels.com\/cs\/wp-content\/uploads\/2025\/08\/bazen-1.jpg 600w, https:\/\/www.jsltravels.com\/cs\/wp-content\/uploads\/2025\/08\/bazen-1-480x640.jpg 480w\" sizes=\"(min-width: 0px) and (max-width: 480px) 480px, (min-width: 481px) 600px, 100vw\" class=\"wp-image-267371\" title=\"baz\u00e9n\" alt=\"**Baz\u00e9n s lidmi a v\u00fdhledem na jezero Garda.**\" \/><\/span><\/div><\/div><\/div><div class=\"et_pb_row_11 et_pb_row et_block_row\"><div class=\"et_pb_column_21 et_pb_column et_pb_column_4_4 et-last-child et_block_column et_pb_css_mix_blend_mode_passthrough\"><div class=\"et_pb_text_6 et_pb_text et_pb_bg_layout_light et_pb_module et_block_module\"><div class=\"et_pb_text_inner\"><p class=\"tw-data-text tw-text-large tw-ta\" data-placeholder=\"Translation\" aria-label=\"Translated text\" data-ved=\"2ahUKEwiZo4DAztiGAxV81gIHHYA0CXcQ3ewLegQIBRAU\" dir=\"ltr\" style=\"text-align: center;\"><span class=\"Y2IQFc\" lang=\"cs\">D\u00e1le jsme <\/span>pokra\u010dovali<span class=\"Y2IQFc\" lang=\"cs\"> na jih do San Francesco Camping Village. Tento krok n\u00e1m umo\u017enil prozkoumat Sirmione a dop\u0159\u00e1t d\u011btem dobrodru\u017estv\u00ed v Gardalandu a Legolandu. Nav\u00edc jsme vyu\u017eili p\u0159\u00edle\u017eitosti na jednodenn\u00ed v\u00fdlet do Ben\u00e1tek a Verony a p\u0159idali tak d\u00e1vku kultury a historie do na\u0161eho ji\u017e tak fantastick\u00e9ho \u00fato\u010di\u0161t\u011b u jezera Garda.<\/span><\/p>\n<\/div><\/div><\/div><\/div><div class=\"et_pb_row_12 et_pb_row et_block_row\"><div class=\"et_pb_column_22 et_pb_column et_pb_column_4_4 et-last-child et_block_column et_pb_css_mix_blend_mode_passthrough\"><div class=\"et_pb_text_7 et_pb_text et_pb_bg_layout_light et_pb_module et_block_module\"><div class=\"et_pb_text_inner\"><h2 data-start=\"0\" data-end=\"429\">Sirmione<\/h2>\n<p data-start=\"0\" data-end=\"429\"><br data-start=\"12\" data-end=\"15\" \/>Sirmione si n\u00e1s rozhodn\u011b z\u00edskalo jako jedno z nejkr\u00e1sn\u011bj\u0161\u00edch m\u011bst na na\u0161\u00ed cest\u011b kolem jezera Garda. Jeho st\u0159edov\u011bk\u00fd p\u016fvab, malebn\u00e9 uli\u010dky a \u00fachvatn\u00e1 poloha u jezera n\u00e1s p\u0159enesly p\u0159\u00edmo do pohlednice. Od majest\u00e1tn\u00edho hradu Scaliger po starov\u011bk\u00e9 ruiny s v\u00fdhledem na t\u0159pyt\u00edc\u00ed se vody, ka\u017ed\u00fd kout byl radost\u00ed k prozkoum\u00e1n\u00ed. Sirmione skute\u010dn\u011b vy\u010dn\u00edvalo jako vrchol na\u0161eho v\u00fdletu, co\u017e u\u010dinilo na\u0161i cestu nezapomenutelnou.<\/p>\n<h3 data-start=\"431\" data-end=\"459\">Co v Sirmione vyzkou\u0161et:<\/h3>\n<p data-start=\"461\" data-end=\"1004\" data-is-last-node=\"\" data-is-only-node=\"\"><strong data-start=\"461\" data-end=\"491\">Prozkoumejte hrad Scaliger<\/strong> \u2013 P\u0159ejd\u011bte p\u0159es padac\u00ed most do tohoto \u00fachvatn\u00e9ho st\u0159edov\u011bk\u00e9ho hradu s v\u00fdhledem na jezero.<br data-start=\"581\" data-end=\"584\" \/><strong data-start=\"584\" data-end=\"615\" data-is-only-node=\"\">Nav\u0161tivte Grotte di Catullo<\/strong> \u2013 Projd\u011bte se po impozantn\u00edch ruin\u00e1ch starov\u011bk\u00e9 \u0159\u00edmsk\u00e9 vily na c\u00edpu poloostrova.<br data-start=\"696\" data-end=\"699\" \/><strong data-start=\"699\" data-end=\"732\">Relaxujte v Terme di Sirmione<\/strong> \u2013 U\u017e\u00edvejte si term\u00e1ln\u00edch vod tohoto slavn\u00e9ho l\u00e1ze\u0148sk\u00e9ho st\u0159ediska u jezera.<br data-start=\"808\" data-end=\"811\" \/><strong data-start=\"811\" data-end=\"844\">Proch\u00e1zka historick\u00fdm centrem<\/strong> \u2013 U\u017eijte si malebn\u00e9 uli\u010dky, obchody s gelatem a kav\u00e1rny u jezera.<br data-start=\"910\" data-end=\"913\" \/><strong data-start=\"913\" data-end=\"939\">Vyrazte na plavbu lod\u00ed<\/strong> \u2013 Pod\u00edvejte se na Sirmione z vody, v\u010detn\u011b hradu a pl\u00e1\u017ee Jamaica.<\/p>\n<\/div><\/div><\/div><\/div><div class=\"et_pb_row_13 et_pb_row et_block_row\"><div class=\"et_pb_column_23 et_pb_column et_pb_column_1_2 et_block_column et_pb_css_mix_blend_mode_passthrough\"><div class=\"et_pb_image_14 et_pb_image et_pb_module et_block_module\"><span class=\"et_pb_image_wrap\"><img loading=\"lazy\" decoding=\"async\" src=\"https:\/\/www.jsltravels.com\/cs\/wp-content\/uploads\/2025\/08\/Rodina-v-Sirmione.jpg\" width=\"700\" height=\"700\" srcset=\"https:\/\/www.jsltravels.com\/cs\/wp-content\/uploads\/2025\/08\/Rodina-v-Sirmione.jpg 700w, https:\/\/www.jsltravels.com\/cs\/wp-content\/uploads\/2025\/08\/Rodina-v-Sirmione-480x480.jpg 480w\" sizes=\"(min-width: 0px) and (max-width: 480px) 480px, (min-width: 481px) 700px, 100vw\" class=\"wp-image-267391\" title=\"Rodina v Sirmione\" alt=\"**Rodina se usm\u00edv\u00e1 a p\u00f3zuje na kameru p\u0159ed kamenn\u00fdm bar\u00e1\u010dkem s modr\u00fdmi okenicemi, obrostl\u00fdm fialov\u00fdmi kv\u011bty.**\" \/><\/span><\/div><\/div><div class=\"et_pb_column_24 et_pb_column et_pb_column_1_2 et-last-child et_block_column et_pb_css_mix_blend_mode_passthrough\"><div class=\"et_pb_image_15 et_pb_image et_pb_module et_block_module\"><span class=\"et_pb_image_wrap\"><img loading=\"lazy\" decoding=\"async\" src=\"https:\/\/www.jsltravels.com\/cs\/wp-content\/uploads\/2025\/08\/Sirmione.jpg\" width=\"700\" height=\"700\" srcset=\"https:\/\/www.jsltravels.com\/cs\/wp-content\/uploads\/2025\/08\/Sirmione.jpg 700w, https:\/\/www.jsltravels.com\/cs\/wp-content\/uploads\/2025\/08\/Sirmione-480x480.jpg 480w\" sizes=\"(min-width: 0px) and (max-width: 480px) 480px, (min-width: 481px) 700px, 100vw\" class=\"wp-image-267393\" title=\"Sirmione\" alt=\"**Hrad v Sirmione s modrou oblohou, otec s ko\u010d\u00e1rkem.\" \/><\/span><\/div><\/div><\/div><div class=\"et_pb_row_14 et_pb_row et_block_row\"><div class=\"et_pb_column_25 et_pb_column et_pb_column_1_3 et_block_column et_pb_css_mix_blend_mode_passthrough\"><div class=\"et_pb_image_16 et_pb_image et_pb_module et_block_module\"><span class=\"et_pb_image_wrap\"><img loading=\"lazy\" decoding=\"async\" src=\"https:\/\/www.jsltravels.com\/cs\/wp-content\/uploads\/2025\/08\/Obchod.jpg\" width=\"600\" height=\"800\" srcset=\"https:\/\/www.jsltravels.com\/cs\/wp-content\/uploads\/2025\/08\/Obchod.jpg 600w, https:\/\/www.jsltravels.com\/cs\/wp-content\/uploads\/2025\/08\/Obchod-480x640.jpg 480w\" sizes=\"(min-width: 0px) and (max-width: 480px) 480px, (min-width: 481px) 600px, 100vw\" class=\"wp-image-267388\" title=\"Obchod\" alt=\"Barevn\u00fd obch\u016fdek vystavuje sv\u00e9 zbo\u017e\u00ed venku \u2013 barevn\u00fd porcel\u00e1n a atrapy zeleniny.**\" \/><\/span><\/div><\/div><div class=\"et_pb_column_26 et_pb_column et_pb_column_1_3 et_block_column et_pb_css_mix_blend_mode_passthrough\"><div class=\"et_pb_image_17 et_pb_image et_pb_module et_block_module\"><span class=\"et_pb_image_wrap\"><img loading=\"lazy\" decoding=\"async\" src=\"https:\/\/www.jsltravels.com\/cs\/wp-content\/uploads\/2025\/08\/Restaurace-Sirmione.jpg\" width=\"600\" height=\"800\" srcset=\"https:\/\/www.jsltravels.com\/cs\/wp-content\/uploads\/2025\/08\/Restaurace-Sirmione.jpg 600w, https:\/\/www.jsltravels.com\/cs\/wp-content\/uploads\/2025\/08\/Restaurace-Sirmione-480x640.jpg 480w\" sizes=\"(min-width: 0px) and (max-width: 480px) 480px, (min-width: 481px) 600px, 100vw\" class=\"wp-image-267389\" title=\"Restaurace Sirmione\" alt=\"**Italsk\u00e1 promen\u00e1da s kamenn\u00fdmi domy, venkovn\u00ed restaurac\u00ed a lidmi u stol\u016f.**\" \/><\/span><\/div><\/div><div class=\"et_pb_column_27 et_pb_column et_pb_column_1_3 et-last-child et_block_column et_pb_css_mix_blend_mode_passthrough\"><div class=\"et_pb_image_18 et_pb_image et_pb_module et_block_module\"><span class=\"et_pb_image_wrap\"><img loading=\"lazy\" decoding=\"async\" src=\"https:\/\/www.jsltravels.com\/cs\/wp-content\/uploads\/2025\/08\/Restaurace.jpg\" width=\"600\" height=\"800\" srcset=\"https:\/\/www.jsltravels.com\/cs\/wp-content\/uploads\/2025\/08\/Restaurace.jpg 600w, https:\/\/www.jsltravels.com\/cs\/wp-content\/uploads\/2025\/08\/Restaurace-480x640.jpg 480w\" sizes=\"(min-width: 0px) and (max-width: 480px) 480px, (min-width: 481px) 600px, 100vw\" class=\"wp-image-267390\" title=\"Restaurace\" alt=\"**Italsk\u00e1 restaurace se \u017elut\u00fdmi zdmi, kostkovan\u00fdmi ubrusy a fialov\u00fdmi kv\u011bty kolem.**\" \/><\/span><\/div><\/div><\/div><div class=\"et_pb_row_15 et_pb_row et_block_row\"><div class=\"et_pb_column_28 et_pb_column et_pb_column_4_4 et-last-child et_block_column et_pb_css_mix_blend_mode_passthrough\"><div class=\"et_pb_text_8 et_pb_text et_pb_bg_layout_light et_pb_module et_block_module\"><div class=\"et_pb_text_inner\"><h2 data-start=\"0\" data-end=\"142\">Gardaland &amp; Legoland<\/h2>\n<p data-start=\"0\" data-end=\"142\"><br data-start=\"20\" data-end=\"23\" \/>Jayden zrovna slavil sv\u00e9 druh\u00e9 narozeniny b\u011bhem na\u0161\u00ed cesty, a tak jsme se rozhodli oslavit to v Gardalandu a Legolandu.<\/p>\n<h3 data-start=\"144\" data-end=\"425\">Gardaland<\/h3>\n<p data-start=\"144\" data-end=\"425\"><br data-start=\"153\" data-end=\"156\" \/>Vstupenky stoj\u00ed 44 \u20ac na dosp\u011bl\u00e9ho, d\u011bti pod 90 cm maj\u00ed vstup zdarma. Zn\u00ed to skv\u011ble, \u017ee? No, nev\u00fdhodou je, \u017ee pro mal\u00e9 d\u011bti pod tuto v\u00fd\u0161ku nen\u00ed mnoho atrakc\u00ed. Nap\u0159\u00edklad oblast Peppy Pig byla vystavena p\u0159\u00edmo na spaluj\u00edc\u00edm slunci, co\u017e z n\u00ed \u010dinilo m\u00e9n\u011b p\u0159\u00edjemnou zku\u0161enost.<\/p>\n<h3 data-start=\"427\" data-end=\"744\">Legoland Water Park<\/h3>\n<p data-start=\"427\" data-end=\"744\"><br data-start=\"446\" data-end=\"449\" \/>Rozhodli jsme se vylep\u0161it na\u0161e vstupenky a doplatili jsme rozd\u00edl, abychom se dostali do Legoland Water Parku (54 \u20ac na vstupenku, cena z\u00e1vis\u00ed na dni). Co v\u00e1m ale ne\u0159eknou p\u0159edem, je, \u017ee d\u011bti pod 90 cm nemohou jezdit na tobog\u00e1nech samy, a tandemov\u00e9 j\u00edzdy nejsou povoleny, co\u017e bylo trochu zklam\u00e1n\u00ed.<\/p>\n<p data-start=\"746\" data-end=\"965\" data-is-last-node=\"\" data-is-only-node=\"\">I p\u0159es tyto drobn\u00e9 probl\u00e9my jsme si to st\u00e1le u\u017eili a vyu\u017eili ka\u017edou chv\u00edli. Kdybych m\u011bl ale n\u011bco doporu\u010dit, pokud pl\u00e1nujete n\u00e1v\u0161t\u011bvu, po\u010dkal bych, a\u017e bude va\u0161e d\u00edt\u011b alespo\u0148 t\u0159i roky star\u00e9, abyste si parky opravdu u\u017eili!<\/p>\n<\/div><\/div><\/div><\/div><div class=\"et_pb_row_16 et_pb_row et_block_row\"><div class=\"et_pb_column_29 et_pb_column et_pb_column_1_3 et_block_column et_pb_css_mix_blend_mode_passthrough\"><div class=\"et_pb_image_19 et_pb_image et_pb_module et_block_module\"><span class=\"et_pb_image_wrap\"><img loading=\"lazy\" decoding=\"async\" src=\"https:\/\/www.jsltravels.com\/cs\/wp-content\/uploads\/2025\/08\/Italy.jpg\" width=\"600\" height=\"800\" srcset=\"https:\/\/www.jsltravels.com\/cs\/wp-content\/uploads\/2025\/08\/Italy.jpg 600w, https:\/\/www.jsltravels.com\/cs\/wp-content\/uploads\/2025\/08\/Italy-480x640.jpg 480w\" sizes=\"(min-width: 0px) and (max-width: 480px) 480px, (min-width: 481px) 600px, 100vw\" class=\"wp-image-267379\" title=\"Italy\" alt=\"**Gardaland, bal\u00f3nky a \u017eena dr\u017e\u00edc\u00ed mal\u00e9ho chlapce, atmosf\u00e9ra je \u017eiv\u00e1 a hrav\u00e1.**\" \/><\/span><\/div><\/div><div class=\"et_pb_column_30 et_pb_column et_pb_column_1_3 et_block_column et_pb_css_mix_blend_mode_passthrough\"><div class=\"et_pb_image_20 et_pb_image et_pb_module et_block_module\"><span class=\"et_pb_image_wrap\"><img loading=\"lazy\" decoding=\"async\" src=\"https:\/\/www.jsltravels.com\/cs\/wp-content\/uploads\/2025\/08\/Dino.jpg\" width=\"600\" height=\"800\" srcset=\"https:\/\/www.jsltravels.com\/cs\/wp-content\/uploads\/2025\/08\/Dino.jpg 600w, https:\/\/www.jsltravels.com\/cs\/wp-content\/uploads\/2025\/08\/Dino-480x640.jpg 480w\" sizes=\"(min-width: 0px) and (max-width: 480px) 480px, (min-width: 481px) 600px, 100vw\" class=\"wp-image-267375\" title=\"Dino\" alt=\"**Mu\u017e a mal\u00fd chlapec p\u00f3zuj\u00ed p\u0159ed autem, za nimi stoj\u00ed velk\u00fd dinosaur.**\" \/><\/span><\/div><\/div><div class=\"et_pb_column_31 et_pb_column et_pb_column_1_3 et-last-child et_block_column et_pb_css_mix_blend_mode_passthrough\"><div class=\"et_pb_image_21 et_pb_image et_pb_module et_block_module\"><span class=\"et_pb_image_wrap\"><img loading=\"lazy\" decoding=\"async\" src=\"https:\/\/www.jsltravels.com\/cs\/wp-content\/uploads\/2025\/08\/Gardaland-Entrance.jpg\" width=\"600\" height=\"800\" srcset=\"https:\/\/www.jsltravels.com\/cs\/wp-content\/uploads\/2025\/08\/Gardaland-Entrance.jpg 600w, https:\/\/www.jsltravels.com\/cs\/wp-content\/uploads\/2025\/08\/Gardaland-Entrance-480x640.jpg 480w\" sizes=\"(min-width: 0px) and (max-width: 480px) 480px, (min-width: 481px) 600px, 100vw\" class=\"wp-image-267377\" title=\"Gardaland Entrance\" alt=\"**Vstup do Gardalandu, mu\u017e s ko\u010d\u00e1rkem se p\u0159ibli\u017euje ke kr\u00e1tk\u00fdm front\u00e1m.**\" \/><\/span><\/div><\/div><\/div><div class=\"et_pb_row_17 et_pb_row et_block_row\"><div class=\"et_pb_column_32 et_pb_column et_pb_column_1_3 et_block_column et_pb_css_mix_blend_mode_passthrough\"><div class=\"et_pb_image_22 et_pb_image et_pb_module et_block_module\"><span class=\"et_pb_image_wrap\"><img loading=\"lazy\" decoding=\"async\" src=\"https:\/\/www.jsltravels.com\/cs\/wp-content\/uploads\/2025\/08\/Lego.jpg\" width=\"600\" height=\"800\" srcset=\"https:\/\/www.jsltravels.com\/cs\/wp-content\/uploads\/2025\/08\/Lego.jpg 600w, https:\/\/www.jsltravels.com\/cs\/wp-content\/uploads\/2025\/08\/Lego-480x640.jpg 480w\" sizes=\"(min-width: 0px) and (max-width: 480px) 480px, (min-width: 481px) 600px, 100vw\" class=\"wp-image-267385\" title=\"Lego\" alt=\"**Velk\u00e1 hlava krokod\u00fdla z Lega, mal\u00fd chlapec natahuje ruku do ob\u0159\u00ed tlamy.**\" \/><\/span><\/div><\/div><div class=\"et_pb_column_33 et_pb_column et_pb_column_1_3 et_block_column et_pb_css_mix_blend_mode_passthrough\"><div class=\"et_pb_image_23 et_pb_image et_pb_module et_block_module\"><span class=\"et_pb_image_wrap\"><img loading=\"lazy\" decoding=\"async\" src=\"https:\/\/www.jsltravels.com\/cs\/wp-content\/uploads\/2025\/08\/Legoland.jpg\" width=\"600\" height=\"800\" srcset=\"https:\/\/www.jsltravels.com\/cs\/wp-content\/uploads\/2025\/08\/Legoland.jpg 600w, https:\/\/www.jsltravels.com\/cs\/wp-content\/uploads\/2025\/08\/Legoland-480x640.jpg 480w\" sizes=\"(min-width: 0px) and (max-width: 480px) 480px, (min-width: 481px) 600px, 100vw\" class=\"wp-image-267386\" title=\"Legoland\" alt=\"**Tobog\u00e1ny, prol\u00e9za\u010dky a baz\u00e9n v Legolandu, v pop\u0159ed\u00ed \u017elut\u00e1 figurka a sm\u011bj\u00edc\u00ed se chlapec.**\" \/><\/span><\/div><\/div><div class=\"et_pb_column_34 et_pb_column et_pb_column_1_3 et-last-child et_block_column et_pb_css_mix_blend_mode_passthrough\"><div class=\"et_pb_image_24 et_pb_image et_pb_module et_block_module\"><span class=\"et_pb_image_wrap\"><img loading=\"lazy\" decoding=\"async\" src=\"https:\/\/www.jsltravels.com\/cs\/wp-content\/uploads\/2025\/08\/Lego-Italy.jpg\" width=\"600\" height=\"800\" srcset=\"https:\/\/www.jsltravels.com\/cs\/wp-content\/uploads\/2025\/08\/Lego-Italy.jpg 600w, https:\/\/www.jsltravels.com\/cs\/wp-content\/uploads\/2025\/08\/Lego-Italy-480x640.jpg 480w\" sizes=\"(min-width: 0px) and (max-width: 480px) 480px, (min-width: 481px) 600px, 100vw\" class=\"wp-image-267384\" title=\"Lego Italy\" alt=\"**Figurka z Lega a mal\u00fd chlapec ve sv\u011btl\u00e9 vest\u011b stoj\u00ed v modr\u00e9 vod\u011b baz\u00e9nu.**\" \/><\/span><\/div><\/div><\/div><div class=\"et_pb_row_18 et_pb_row et_block_row\"><div class=\"et_pb_column_35 et_pb_column et_pb_column_4_4 et-last-child et_block_column et_pb_css_mix_blend_mode_passthrough\"><div class=\"et_pb_text_9 et_pb_text et_pb_bg_layout_light et_pb_module et_block_module\"><div class=\"et_pb_text_inner\"><h2 data-start=\"0\" data-end=\"65\">Lago di Garda Kempy<\/h2>\n<h3 data-start=\"0\" data-end=\"65\">San Francesco Camping Village<\/h3>\n<h3 data-start=\"0\" data-end=\"65\"><a href=\"https:\/\/www.booking.com\/hotel\/it\/camping-village-san-francesco.en-us.html?aid=818288&amp;label=affnetcj-11916287_pub-5108952_site-101231622_pname-Go%20Travel%20Un%20Limited_clkid-6ca7c14b096d4ba8af335f144-560753_cjevent-afce12aafb5c11ef830800a00a18b8f9&amp;sid=c1ec9d86d37be1a659450e2cb170af16&amp;age=0&amp;checkin=2025-01-27&amp;checkout=2025-01-28&amp;dest_id=-116777&amp;dest_type=city&amp;group_adults=2&amp;group_children=0&amp;hapos=1&amp;hpos=1&amp;keep_landing=1&amp;lang=en-us&amp;lang_changed=1&amp;no_rooms=1&amp;req_adults=2&amp;req_children=0&amp;room1=A%2CA&amp;sb_price_type=total&amp;soh=1&amp;sr_order=popularity&amp;srepoch=1731498231&amp;srpvid=52a452748253056e&amp;type=total&amp;ucfs=1&amp;utm_campaign=xx&amp;utm_medium=bannerindex&amp;utm_source=affnetcj&amp;utm_term=index-11916287&amp;#no_availability_msg\" target=\"_blank\" rel=\"noopener\"><span style=\"color: #00ccff;\">REZERVUJTE ZDE<\/span><\/a><\/h3>\n<p data-start=\"67\" data-end=\"500\">San Francesco Camping Village byl tak\u00e9 kr\u00e1sn\u00fd a pohodln\u011b bl\u00edzko Sirmione, s mnoha aktivitami pro d\u011bti. Jedin\u00fd probl\u00e9m, kter\u00fd jsme m\u011bli, byla povinnost nosit koupac\u00ed \u010depici do baz\u00e9nu. Prod\u00e1vaj\u00ed je p\u0159\u00edmo u baz\u00e9nu, nebo si m\u016f\u017eete p\u0159in\u00e9st vlastn\u00ed. M\u011bli jsme z\u00e1bavu, kdy\u017e jsme se vid\u011bli v t\u011bchto \u010depic\u00edch, ale trochu to zkazilo celkov\u00fd z\u00e1\u017eitek z baz\u00e9nu. Jinak to bylo fantastick\u00e9 m\u00edsto na pobyt s velk\u00fdm mno\u017estv\u00edm z\u00e1bavy pro celou rodinu.<\/p>\n<p data-start=\"502\" data-end=\"542\"><strong>Hlavn\u00ed p\u0159ednosti San Francesco Camping Village\u00a0<\/strong><\/p>\n<p data-start=\"544\" data-end=\"904\" data-is-last-node=\"\" data-is-only-node=\"\"><strong>Poloha u jezera<\/strong> \u2013 P\u0159\u00edm\u00fd p\u0159\u00edstup k jezeru Lago di Garda, ide\u00e1ln\u00ed na plav\u00e1n\u00ed a relaxaci.<br data-start=\"630\" data-end=\"633\" \/><strong>Rodinn\u00e9 prost\u0159ed\u00ed<\/strong> \u2013 H\u0159i\u0161t\u011b, d\u011btsk\u00fd klub a z\u00e1bavn\u00ed programy.<br data-start=\"692\" data-end=\"695\" \/><strong>Vodn\u00ed z\u00e1bava<\/strong> \u2013 Velk\u00e9 baz\u00e9ny, skluzavky a vodn\u00ed plochy pro d\u011bti.<br data-start=\"758\" data-end=\"761\" \/><strong>Vybaven\u00ed na m\u00edst\u011b<\/strong> \u2013 Restaurace, bar, supermarket a p\u016fj\u010dovna bicykl\u016f.<br data-start=\"829\" data-end=\"832\" \/><strong>Skv\u00e9l\u00e9 m\u00edsto pro objevov\u00e1n\u00ed<\/strong> \u2013 Bl\u00edzko Sirmione a dal\u0161\u00edch atrakc\u00ed v okol\u00ed.<\/p>\n<\/div><\/div><\/div><\/div><div class=\"et_pb_row_19 et_pb_row et_block_row\"><div class=\"et_pb_column_36 et_pb_column et_pb_column_1_2 et_block_column et_pb_css_mix_blend_mode_passthrough\"><div class=\"et_pb_image_25 et_pb_image et_pb_module et_block_module\"><span class=\"et_pb_image_wrap\"><img loading=\"lazy\" decoding=\"async\" src=\"https:\/\/www.jsltravels.com\/cs\/wp-content\/uploads\/2025\/08\/bazen-hry.jpg\" width=\"700\" height=\"700\" srcset=\"https:\/\/www.jsltravels.com\/cs\/wp-content\/uploads\/2025\/08\/bazen-hry.jpg 700w, https:\/\/www.jsltravels.com\/cs\/wp-content\/uploads\/2025\/08\/bazen-hry-480x480.jpg 480w\" sizes=\"(min-width: 0px) and (max-width: 480px) 480px, (min-width: 481px) 700px, 100vw\" class=\"wp-image-267370\" title=\"baz\u00e9n hry\" alt=\"**D\u011bti a dosp\u011bl\u00ed dr\u017e\u00ed velkou barevnou plachtu v baz\u00e9nu, voda st\u0159\u00edk\u00e1 a v\u0161ichni si hraj\u00ed.**\" \/><\/span><\/div><\/div><div class=\"et_pb_column_37 et_pb_column et_pb_column_1_2 et-last-child et_block_column et_pb_css_mix_blend_mode_passthrough\"><div class=\"et_pb_image_26 et_pb_image et_pb_module et_block_module\"><span class=\"et_pb_image_wrap\"><img loading=\"lazy\" decoding=\"async\" src=\"https:\/\/www.jsltravels.com\/cs\/wp-content\/uploads\/2025\/08\/V-bazenu.jpg\" width=\"700\" height=\"700\" srcset=\"https:\/\/www.jsltravels.com\/cs\/wp-content\/uploads\/2025\/08\/V-bazenu.jpg 700w, https:\/\/www.jsltravels.com\/cs\/wp-content\/uploads\/2025\/08\/V-bazenu-480x480.jpg 480w\" sizes=\"(min-width: 0px) and (max-width: 480px) 480px, (min-width: 481px) 700px, 100vw\" class=\"wp-image-267394\" title=\"V baz\u00e9nu\" alt=\"**D\u011bti i dosp\u011bl\u00ed pob\u00edhaj\u00ed mezi st\u0159\u00edkaj\u00edc\u00ed vodou v baz\u00e9nku.**\" \/><\/span><\/div><\/div><\/div><div class=\"et_pb_row_20 et_pb_row et_block_row\"><div class=\"et_pb_column_38 et_pb_column et_pb_column_4_4 et-last-child et_block_column et_pb_css_mix_blend_mode_passthrough\"><div class=\"et_pb_text_10 et_pb_text et_pb_bg_layout_light et_pb_module et_block_module\"><div class=\"et_pb_text_inner\"><h2 data-start=\"0\" data-end=\"274\">Mapa<\/h2>\n<p data-start=\"0\" data-end=\"274\">Tady je foto mapy Lago di Garda. Cestovali jsme po cel\u00e9 v\u00fdchodn\u00ed stran\u011b jezera, kde jsme str\u00e1vili \u010das ve dvou kempech, kter\u00e9 se n\u00e1m l\u00edbily a kter\u00e9 m\u016f\u017eeme doporu\u010dit. Oba kempy jsou velk\u00e9, tak\u017ee je v\u017edy \u0161ance naj\u00edt posledn\u00ed voln\u00e1 m\u00edsta, ale je lep\u0161\u00ed si je zarezervovat p\u0159edem.<\/p>\n<p data-start=\"276\" data-end=\"535\">N\u00e1\u0161 prvn\u00ed kemp, La Rocca Camping Village, je v\u00fdhodn\u011b um\u00edst\u011bn mezi Gardou a Bardolinem. Poskytl n\u00e1m skv\u011blou z\u00e1kladnu pro prozkoum\u00e1n\u00ed obou m\u011bst a nab\u00edzel skv\u011bl\u00e9 vybaven\u00ed jako h\u0159i\u0161t\u011b, velk\u00fd baz\u00e9n, vnit\u0159n\u00ed d\u011btskou hernu, restauraci a ka\u017edodenn\u00ed programy pro d\u011bti.<\/p>\n<p data-start=\"537\" data-end=\"782\">N\u00e1\u0161 druh\u00fd kemp, San Francesco Camping Village, se nach\u00e1zel pobl\u00ed\u017e Sirmione, co\u017e n\u00e1m poskytlo skv\u011bl\u00fd p\u0159\u00edstup k prozkoum\u00e1n\u00ed m\u011bsta a n\u00e1v\u0161t\u011bv\u011b atrakc\u00ed v okol\u00ed, jako jsou Gardaland a Legoland. Dokonce jsme si stihli ud\u011blat v\u00fdlety do Ben\u00e1tek a Verony.<\/p>\n<p data-start=\"784\" data-end=\"982\" data-is-last-node=\"\" data-is-only-node=\"\">V\u0161echna m\u011bsta, kter\u00e1 jsme nav\u0161t\u00edvili, byla kr\u00e1sn\u00e1 a d\u011bti se tak\u00e9 b\u00e1je\u010dn\u011b bavily. V\u00fdchodn\u00ed strana Lago di Garda skute\u010dn\u011b nab\u00eddla sm\u011bs kr\u00e1sn\u00fdch scen\u00e9ri\u00ed, kouzeln\u00fdch m\u011bst a aktivit vhodn\u00fdch pro rodiny.<\/p>\n<\/div><\/div><\/div><\/div><div class=\"et_pb_row_21 et_pb_row et_block_row\"><div class=\"et_pb_column_39 et_pb_column et_pb_column_4_4 et-last-child et_block_column et_pb_css_mix_blend_mode_passthrough\"><div class=\"et_pb_image_27 et_pb_image et_pb_module et_block_module\"><span class=\"et_pb_image_wrap\"><img loading=\"lazy\" decoding=\"async\" src=\"https:\/\/www.jsltravels.com\/cs\/wp-content\/uploads\/2025\/08\/Mapa.jpg\" width=\"1080\" height=\"1350\" srcset=\"https:\/\/www.jsltravels.com\/cs\/wp-content\/uploads\/2025\/08\/Mapa.jpg 1080w, https:\/\/www.jsltravels.com\/cs\/wp-content\/uploads\/2025\/08\/Mapa-980x1225.jpg 980w, https:\/\/www.jsltravels.com\/cs\/wp-content\/uploads\/2025\/08\/Mapa-480x600.jpg 480w\" sizes=\"(min-width: 0px) and (max-width: 480px) 480px, (min-width: 481px) and (max-width: 980px) 980px, (min-width: 981px) 1080px, 100vw\" class=\"wp-image-267396\" title=\"Mapa\" alt=\"**Mapa jezera Garda s vyzna\u010den\u00fdmi kempy a polohami nav\u0161t\u00edven\u00fdch m\u011bst.**\" \/><\/span><\/div><\/div><\/div><div class=\"et_pb_row_22 et_pb_row et_block_row\"><div class=\"et_pb_column_40 et_pb_column et_pb_column_4_4 et-last-child et_block_column et_pb_css_mix_blend_mode_passthrough\"><div class=\"et_pb_code_0 et_pb_code et_pb_module\"><div class=\"et_pb_code_inner\"><script async src=\"https:\/\/c108.travelpayouts.com\/content?trs=336892&shmarker=560753&place=lago%20di%20garda&items=3&locale=en-US&powered_by=true&promo_id=4039\" charset=\"utf-8\"><\/script><\/div><\/div><\/div><\/div><\/div><div class=\"et_pb_section_3 et_pb_section et_section_regular et_block_section\"><div class=\"et_pb_row_23 et_pb_row et_block_row\"><div class=\"et_pb_column_41 et_pb_column et_pb_column_4_4 et-last-child et_block_column et_pb_css_mix_blend_mode_passthrough\"><div class=\"et_pb_text_11 et_pb_text et_pb_bg_layout_light et_pb_module et_block_module preset--module--divi-text--6a37cb13-2b94-42a8-bab7-ee75b1380e65\"><div class=\"et_pb_text_inner\"><p><strong>Upozorn\u011bn\u00ed<\/strong>: Tato \u010d\u00e1st obsahuje <strong>affiliate odkazy<\/strong>. To znamen\u00e1, \u017ee pokud kliknete a n\u011bco si koup\u00edte nebo zarezervujete, mohu z\u00edskat malou provizi \u2014 **<strong>bez jak\u00fdchkoli dodate\u010dn\u00fdch n\u00e1klad\u016f pro v\u00e1s<\/strong>**. Doporu\u010duji pouze slu\u017eby, kter\u00e9 sama pou\u017e\u00edv\u00e1m nebo kter\u00fdm opravdu v\u011b\u0159\u00edm. D\u011bkuji, \u017ee t\u00edmto zp\u016fsobem podporujete m\u016fj blog!<\/p>\n<p>&nbsp;<\/p>\n<\/div><\/div><\/div><\/div><div class=\"et_pb_row_24 et_pb_row et_pb_row_5col et_block_row et_block_row_5col\"><div class=\"et_pb_column_42 et_pb_column et_pb_column_1_5 et_block_column et_pb_css_mix_blend_mode_passthrough\"><div class=\"et_pb_text_12 et_pb_text et_pb_bg_layout_light et_pb_module et_block_module preset--module--divi-text--6a37cb13-2b94-42a8-bab7-ee75b1380e65\"><div class=\"et_pb_text_inner\"><p style=\"text-align: center;\"><strong>Cestuj chyt\u0159e a levn\u011bji<\/strong><\/p>\n<\/div><\/div><div class=\"et_pb_image_28 et_pb_image et_pb_module et_block_module\"><span class=\"et_pb_image_wrap\"><img loading=\"lazy\" decoding=\"async\" src=\"https:\/\/www.jsltravels.com\/cs\/wp-content\/uploads\/2025\/07\/letiste-airport.png\" width=\"980\" height=\"980\" srcset=\"https:\/\/www.jsltravels.com\/cs\/wp-content\/uploads\/2025\/07\/letiste-airport.png 980w, https:\/\/www.jsltravels.com\/cs\/wp-content\/uploads\/2025\/07\/letiste-airport-480x480.png 480w\" sizes=\"(min-width: 0px) and (max-width: 480px) 480px, (min-width: 481px) 980px, 100vw\" class=\"wp-image-267026\" title=\"letiste-airport\" alt=\"Blue suitcase with a yellow stripe, featuring a handle and wheels. Attached is a luggage tag with an airplane symbol, conveying travel.\" \/><\/span><\/div><div class=\"et_pb_blurb_0 et_pb_blurb et_pb_bg_layout_light et_pb_text_align_center et_pb_blurb_position_top et_pb_module et_block_module\"><div class=\"et_pb_blurb_content\"><div class=\"et_pb_main_blurb_image\"><span class=\"et_pb_image_wrap et_pb_only_image_mode_wrap\"><img decoding=\"async\" src=\"http:\/\/jsltravels.com\/wp-content\/uploads\/2024\/10\/letiste-airport.png\" \/><\/span><\/div><div class=\"et_pb_blurb_container\"><div class=\"et_pb_blurb_description\"><p>Ne\u010dekej a vyraz hned! Najdi nejlep\u0161\u00ed letenky za super ceny a za\u010dni sv\u00e9 dal\u0161\u00ed dobrodru\u017estv\u00ed je\u0161t\u011b dnes! \u21d3<\/p>\n<p><a href=\"https:\/\/cheapoair.tpx.lt\/L8xJmq7q\" target=\"_blank\" rel=\"noopener\"> flight deals<\/a>\u00a0<\/p>\n<\/div><\/div><\/div><\/div><\/div><div class=\"et_pb_column_43 et_pb_column et_pb_column_1_5 et_block_column et_pb_css_mix_blend_mode_passthrough\"><div class=\"et_pb_text_13 et_pb_text et_pb_bg_layout_light et_pb_module et_block_module preset--module--divi-text--6a37cb13-2b94-42a8-bab7-ee75b1380e65\"><div class=\"et_pb_text_inner\"><p style=\"text-align: center;\"><strong>Najdi ubytov\u00e1n\u00ed na m\u00edru<\/strong><\/p>\n<\/div><\/div><div class=\"et_pb_image_29 et_pb_image et_pb_module et_block_module\"><span class=\"et_pb_image_wrap\"><img loading=\"lazy\" decoding=\"async\" src=\"https:\/\/www.jsltravels.com\/cs\/wp-content\/uploads\/2025\/07\/hotel-zvonek.png\" width=\"980\" height=\"980\" srcset=\"https:\/\/www.jsltravels.com\/cs\/wp-content\/uploads\/2025\/07\/hotel-zvonek.png 980w, https:\/\/www.jsltravels.com\/cs\/wp-content\/uploads\/2025\/07\/hotel-zvonek-480x480.png 480w\" sizes=\"(min-width: 0px) and (max-width: 480px) 480px, (min-width: 481px) 980px, 100vw\" class=\"wp-image-267027\" title=\"hotel-zvonek\" alt=\"Illustration of a blue hotel door hanger with a yellow service bell on it. The bell has motion lines, suggesting ringing, conveying prompt service.\" \/><\/span><\/div><div class=\"et_pb_blurb_1 et_pb_blurb et_pb_bg_layout_light et_pb_text_align_center et_pb_blurb_position_top et_pb_module et_block_module\"><div class=\"et_pb_blurb_content\"><div class=\"et_pb_main_blurb_image\"><span class=\"et_pb_image_wrap et_pb_only_image_mode_wrap\"><img decoding=\"async\" src=\"http:\/\/jsltravels.com\/wp-content\/uploads\/2024\/10\/hotel-zvonek.png\" \/><\/span><\/div><div class=\"et_pb_blurb_container\"><div class=\"et_pb_blurb_description\"><p>Najdi ubytov\u00e1n\u00ed podle sv\u00fdch p\u0159edstav na <a href=\"https:\/\/booking.tp.st\/bU1dhdHU\" target=\"_blank\" rel=\"noopener\">Booking.com<\/a> nebo <a href=\"https:\/\/agoda.tp.st\/ybqLuoG3\" target=\"_blank\" rel=\"noopener\">Agoda.com<\/a><\/p>\n<\/div><\/div><\/div><\/div><\/div><div class=\"et_pb_column_44 et_pb_column et_pb_column_1_5 et_block_column et_pb_css_mix_blend_mode_passthrough\"><div class=\"et_pb_text_14 et_pb_text et_pb_bg_layout_light et_pb_module et_block_module preset--module--divi-text--6a37cb13-2b94-42a8-bab7-ee75b1380e65\"><div class=\"et_pb_text_inner\"><p style=\"text-align: center;\"><strong>Cestuj stylov\u011b<\/strong><\/p>\n<\/div><\/div><div class=\"et_pb_image_30 et_pb_image et_pb_module et_block_module\"><span class=\"et_pb_image_wrap\"><img loading=\"lazy\" decoding=\"async\" src=\"https:\/\/www.jsltravels.com\/cs\/wp-content\/uploads\/2025\/07\/pujcovna-rent-car.png\" width=\"980\" height=\"980\" srcset=\"https:\/\/www.jsltravels.com\/cs\/wp-content\/uploads\/2025\/07\/pujcovna-rent-car.png 980w, https:\/\/www.jsltravels.com\/cs\/wp-content\/uploads\/2025\/07\/pujcovna-rent-car-480x480.png 480w\" sizes=\"(min-width: 0px) and (max-width: 480px) 480px, (min-width: 481px) 980px, 100vw\" class=\"wp-image-267028\" title=\"pujcovna-rent-car\" alt=\"A pair of yellow keys attached to a blue key tag featuring a simple black car icon. The image conveys vehicle-related themes.\" \/><\/span><\/div><div class=\"et_pb_blurb_2 et_pb_blurb et_pb_bg_layout_light et_pb_blurb_position_top et_pb_module et_block_module\"><div class=\"et_pb_blurb_content\"><div class=\"et_pb_main_blurb_image\"><span class=\"et_pb_image_wrap et_pb_only_image_mode_wrap\"><img decoding=\"async\" src=\"http:\/\/jsltravels.com\/wp-content\/uploads\/2024\/10\/pujcovna-rent-car.png\" \/><\/span><\/div><div class=\"et_pb_blurb_container\"><div class=\"et_pb_blurb_description\"><p style=\"text-align: center;\">Rezervuj si auto podle sv\u00fdch p\u0159edstav s\u00a0<a href=\"https:\/\/rentalcars.tp.st\/2tvWugZd\" target=\"_blank\" rel=\"noopener\">Rentalcars.<\/a><\/p>\n<\/div><\/div><\/div><\/div><\/div><div class=\"et_pb_column_45 et_pb_column et_pb_column_1_5 et_block_column et_pb_css_mix_blend_mode_passthrough\"><div class=\"et_pb_text_15 et_pb_text et_pb_bg_layout_light et_pb_module et_block_module preset--module--divi-text--6a37cb13-2b94-42a8-bab7-ee75b1380e65\"><div class=\"et_pb_text_inner\"><p style=\"text-align: center;\"><strong>Bezpe\u010dn\u011b na internetu<\/strong><\/p>\n<\/div><\/div><div class=\"et_pb_image_31 et_pb_image et_pb_module et_block_module\"><span class=\"et_pb_image_wrap\"><img loading=\"lazy\" decoding=\"async\" src=\"https:\/\/www.jsltravels.com\/cs\/wp-content\/uploads\/2025\/07\/wifi-sit.png\" width=\"980\" height=\"980\" srcset=\"https:\/\/www.jsltravels.com\/cs\/wp-content\/uploads\/2025\/07\/wifi-sit.png 980w, https:\/\/www.jsltravels.com\/cs\/wp-content\/uploads\/2025\/07\/wifi-sit-480x480.png 480w\" sizes=\"(min-width: 0px) and (max-width: 480px) 480px, (min-width: 481px) 980px, 100vw\" class=\"wp-image-267029\" title=\"wifi-sit\" alt=\"Three curved blue lines form a Wi-Fi symbol above a yellow circle, on a white background. The design suggests connectivity and modern technology.\" \/><\/span><\/div><div class=\"et_pb_blurb_3 et_pb_blurb et_pb_bg_layout_light et_pb_blurb_position_top et_pb_module et_block_module\"><div class=\"et_pb_blurb_content\"><div class=\"et_pb_main_blurb_image\"><span class=\"et_pb_image_wrap et_pb_only_image_mode_wrap\"><img decoding=\"async\" src=\"http:\/\/jsltravels.com\/wp-content\/uploads\/2024\/10\/wifi-sit.png\" \/><\/span><\/div><div class=\"et_pb_blurb_container\"><div class=\"et_pb_blurb_description\"><p>Cestuj bezpe\u010dn\u011b, chra\u0148 sv\u00e1 data s VPN od <a href=\"https:\/\/get.surfshark.net\/aff_c?offer_id=1679&amp;aff_id=34459&amp;source=www.jsltravels.com\" target=\"_blank\" rel=\"noopener\">Surfshark.<\/a><\/p>\n<\/div><\/div><\/div><\/div><\/div><div class=\"et_pb_column_46 et_pb_column et_pb_column_1_5 et-last-child et_block_column et_pb_css_mix_blend_mode_passthrough\"><div class=\"et_pb_text_16 et_pb_text et_pb_bg_layout_light et_pb_module et_block_module preset--module--divi-text--6a37cb13-2b94-42a8-bab7-ee75b1380e65\"><div class=\"et_pb_text_inner\"><p style=\"text-align: center;\"><strong>Kup si l\u00edstek dop\u0159edu<\/strong><\/p>\n<\/div><\/div><div class=\"et_pb_image_32 et_pb_image et_pb_module et_block_module\"><span class=\"et_pb_image_wrap\"><img loading=\"lazy\" decoding=\"async\" src=\"https:\/\/www.jsltravels.com\/cs\/wp-content\/uploads\/2025\/07\/vstupenka-ticket.png\" width=\"980\" height=\"980\" srcset=\"https:\/\/www.jsltravels.com\/cs\/wp-content\/uploads\/2025\/07\/vstupenka-ticket.png 980w, https:\/\/www.jsltravels.com\/cs\/wp-content\/uploads\/2025\/07\/vstupenka-ticket-480x480.png 480w\" sizes=\"(min-width: 0px) and (max-width: 480px) 480px, (min-width: 481px) 980px, 100vw\" class=\"wp-image-267030\" title=\"vstupenka-ticket\" alt=\"A stylized blue ticket with a yellow top edge featuring numbers. It has the word &quot;TICKET&quot; written in bold blue letters and a yellow circle accent.\" \/><\/span><\/div><div class=\"et_pb_blurb_4 et_pb_blurb et_pb_bg_layout_light et_pb_text_align_center et_pb_blurb_position_top et_pb_module et_block_module\"><div class=\"et_pb_blurb_content\"><div class=\"et_pb_main_blurb_image\"><span class=\"et_pb_image_wrap et_pb_only_image_mode_wrap\"><img decoding=\"async\" src=\"http:\/\/jsltravels.com\/wp-content\/uploads\/2024\/10\/vstupenka-ticket.png\" \/><\/span><\/div><div class=\"et_pb_blurb_container\"><div class=\"et_pb_blurb_description\"><p>Kup vstupenky na <a href=\"https:\/\/getyourguide.tp.st\/zP4xD4xO\" target=\"_blank\" rel=\"noopener\">nejlep\u0161\u00ed prohl\u00eddky a atrakce<\/a> p\u0159edem.<br \/><a href=\"https:\/\/getyourguide.tp.st\/zP4xD4xO\" target=\"_blank\" rel=\"noopener\"><\/a>\u00a0<\/p>\n<\/div><\/div><\/div><\/div><\/div><\/div><\/div><div class=\"et_pb_section_4 et_pb_section et_section_regular et_block_section\"><div class=\"et_pb_row_25 et_pb_row et_block_row\"><div class=\"et_pb_column_47 et_pb_column et_pb_column_4_4 et-last-child et_block_column et_pb_css_mix_blend_mode_passthrough\"><div class=\"et_pb_post_nav_0 et_pb_posts_nav nav-single et_pb_module et_flex_module\"><span class=\"nav-previous\"><a href=\"https:\/\/www.jsltravels.com\/cs\/benatky-pruvodce-a-rady\" rel=\"prev\" class=\"\"><span class=\"meta-nav\">&larr; <\/span><span class=\"nav-label\">Ben\u00e1tky \u2013 Pr\u016fvodce a rady<\/span><\/a><\/span><span class=\"nav-next\"><a href=\"https:\/\/www.jsltravels.com\/cs\/bonnie-a-clyde-misto-prepadeni\" rel=\"next\" class=\"\"><span class=\"nav-label\">Bonnie a Clyde \u2013 m\u00edsto p\u0159epaden\u00ed<\/span><span class=\"meta-nav\"> &rarr;<\/span><\/a><\/span><\/div><\/div><\/div><\/div><div class=\"et_pb_section_5 et_pb_section et_section_regular et_block_section\"><div class=\"et_pb_row_26 et_pb_row et_block_row\"><div class=\"et_pb_column_48 et_pb_column et_pb_column_4_4 et-last-child et_block_column et_pb_css_mix_blend_mode_passthrough\"><div class=\"et_pb_blog_0 et_pb_blog et_pb_bg_layout_light et_pb_posts et_pb_module\"><div class=\"et_pb_ajax_pagination_container\"><div class=\"et_pb_posts et_grid_module\"><article class=\"et_pb_post et_pb_post_id_268731 clearfix et_pb_blog_item_0_0 post-268731 post type-post status-publish format-standard has-post-thumbnail hentry category-destinace category-kalifornie category-severni-amerika category-uncategorized category-zivot-v-usa\"><div class=\"et_pb_image_container\"><a href=\"https:\/\/www.jsltravels.com\/cs\/meho-psa-ustknul-chrestys-v-los-angeles\" class=\"entry-featured-image-url\"><img loading=\"lazy\" decoding=\"async\" src=\"https:\/\/www.jsltravels.com\/cs\/wp-content\/uploads\/2026\/03\/rattlesnake-LA.png\" width=\"1536\" height=\"1024\" alt=\"Coiled rattlesnake at sunset\" class=\"\" \/><span data-icon=\"\ue050\" class=\"et_overlay et_pb_inline_icon\"><\/span><\/a><\/div><h2 class=\"entry-title\"><a href=\"https:\/\/www.jsltravels.com\/cs\/meho-psa-ustknul-chrestys-v-los-angeles\">M\u00e9ho psa u\u0161tknul ch\u0159est\u00fd\u0161 v Los Angeles<\/a><\/h2><p class=\"post-meta\"><span class=\"entry-categories\"><a href=\"https:\/\/www.jsltravels.com\/cs\/category\/destinace\" rel=\"tag\">Destinace<\/a>, <a href=\"https:\/\/www.jsltravels.com\/cs\/category\/destinace\/severni-amerika\/kalifornie\" rel=\"tag\">Kalifornie<\/a>, <a href=\"https:\/\/www.jsltravels.com\/cs\/category\/destinace\/severni-amerika\" rel=\"tag\">Severn\u00ed Amerika<\/a>, <a href=\"https:\/\/www.jsltravels.com\/cs\/category\/uncategorized\" rel=\"tag\">Uncategorized<\/a>, <a href=\"https:\/\/www.jsltravels.com\/cs\/category\/zivot-v-usa\" rel=\"tag\">\u017divot-v-usa<\/a><\/span><\/p><div class=\"post-content\"><div class=\"post-content-inner\"><\/div><\/div><\/article><article class=\"et_pb_post et_pb_post_id_268676 clearfix et_pb_blog_item_0_1 post-268676 post type-post status-publish format-standard has-post-thumbnail hentry category-chorvatsko category-destinace category-evropa\"><div class=\"et_pb_image_container\"><a href=\"https:\/\/www.jsltravels.com\/cs\/top-7-mist-v-chorvatsku-z-naseho-roadtripu\" class=\"entry-featured-image-url\"><img loading=\"lazy\" decoding=\"async\" src=\"https:\/\/www.jsltravels.com\/cs\/wp-content\/uploads\/2026\/02\/Split-dinner.jpg\" width=\"600\" height=\"800\" alt=\"Letn\u00ed ve\u010de\u0159e v historick\u00e9m centru Splitu s v\u00fdhledem na mo\u0159e, Chorvatsko\" class=\"\" \/><span data-icon=\"\ue050\" class=\"et_overlay et_pb_inline_icon\"><\/span><\/a><\/div><h2 class=\"entry-title\"><a href=\"https:\/\/www.jsltravels.com\/cs\/top-7-mist-v-chorvatsku-z-naseho-roadtripu\">TOP 7 m\u00edst v Chorvatsku z na\u0161eho roadtripu<\/a><\/h2><p class=\"post-meta\"><span class=\"entry-categories\"><a href=\"https:\/\/www.jsltravels.com\/cs\/category\/destinace\/evropa\/chorvatsko\" rel=\"tag\">Chorvatsko<\/a>, <a href=\"https:\/\/www.jsltravels.com\/cs\/category\/destinace\" rel=\"tag\">Destinace<\/a>, <a href=\"https:\/\/www.jsltravels.com\/cs\/category\/destinace\/evropa\" rel=\"tag\">Evropa<\/a><\/span><\/p><div class=\"post-content\"><div class=\"post-content-inner\"><\/div><\/div><\/article><article class=\"et_pb_post et_pb_post_id_268659 clearfix et_pb_blog_item_0_2 post-268659 post type-post status-publish format-standard has-post-thumbnail hentry category-destinace category-zivot-v-usa\"><div class=\"et_pb_image_container\"><a href=\"https:\/\/www.jsltravels.com\/cs\/jak-prezit-leden\" class=\"entry-featured-image-url\"><img loading=\"lazy\" decoding=\"async\" src=\"https:\/\/www.jsltravels.com\/cs\/wp-content\/uploads\/2026\/01\/Lets-explore-the-world-together.png\" width=\"1536\" height=\"1024\" alt=\"Jak p\u0159e\u017e\u00edt leden vision board\" class=\"\" \/><span data-icon=\"\ue050\" class=\"et_overlay et_pb_inline_icon\"><\/span><\/a><\/div><h2 class=\"entry-title\"><a href=\"https:\/\/www.jsltravels.com\/cs\/jak-prezit-leden\">Jak p\u0159e\u017e\u00edt leden<\/a><\/h2><p class=\"post-meta\"><span class=\"entry-categories\"><a href=\"https:\/\/www.jsltravels.com\/cs\/category\/destinace\" rel=\"tag\">Destinace<\/a>, <a href=\"https:\/\/www.jsltravels.com\/cs\/category\/zivot-v-usa\" rel=\"tag\">\u017divot-v-usa<\/a><\/span><\/p><div class=\"post-content\"><div class=\"post-content-inner\"><\/div><\/div><\/article><\/div><\/div><\/div><\/div><\/div><\/div>","protected":false},"excerpt":{"rendered":"<p>Lago di Garda okouzluje sv\u00fdmi \u00fachvatn\u00fdmi b\u0159ehy, malebn\u00fdmi m\u011bsty a scen\u00e9ri\u00ed kr\u00e1sy uprost\u0159ed italsk\u00fdch Alp. <\/p>\n","protected":false},"author":1,"featured_media":266573,"comment_status":"open","ping_status":"open","sticky":false,"template":"","format":"standard","meta":{"footnotes":""},"categories":[41,42,45],"tags":[],"post_folder":[40],"class_list":["post-259089","post","type-post","status-publish","format-standard","has-post-thumbnail","hentry","category-destinace","category-evropa","category-italie"],"_links":{"self":[{"href":"https:\/\/www.jsltravels.com\/cs\/wp-json\/wp\/v2\/posts\/259089","targetHints":{"allow":["GET"]}}],"collection":[{"href":"https:\/\/www.jsltravels.com\/cs\/wp-json\/wp\/v2\/posts"}],"about":[{"href":"https:\/\/www.jsltravels.com\/cs\/wp-json\/wp\/v2\/types\/post"}],"author":[{"embeddable":true,"href":"https:\/\/www.jsltravels.com\/cs\/wp-json\/wp\/v2\/users\/1"}],"replies":[{"embeddable":true,"href":"https:\/\/www.jsltravels.com\/cs\/wp-json\/wp\/v2\/comments?post=259089"}],"version-history":[{"count":5,"href":"https:\/\/www.jsltravels.com\/cs\/wp-json\/wp\/v2\/posts\/259089\/revisions"}],"predecessor-version":[{"id":268767,"href":"https:\/\/www.jsltravels.com\/cs\/wp-json\/wp\/v2\/posts\/259089\/revisions\/268767"}],"wp:featuredmedia":[{"embeddable":true,"href":"https:\/\/www.jsltravels.com\/cs\/wp-json\/wp\/v2\/media\/266573"}],"wp:attachment":[{"href":"https:\/\/www.jsltravels.com\/cs\/wp-json\/wp\/v2\/media?parent=259089"}],"wp:term":[{"taxonomy":"category","embeddable":true,"href":"https:\/\/www.jsltravels.com\/cs\/wp-json\/wp\/v2\/categories?post=259089"},{"taxonomy":"post_tag","embeddable":true,"href":"https:\/\/www.jsltravels.com\/cs\/wp-json\/wp\/v2\/tags?post=259089"},{"taxonomy":"post_folder","embeddable":true,"href":"https:\/\/www.jsltravels.com\/cs\/wp-json\/wp\/v2\/post_folder?post=259089"}],"curies":[{"name":"wp","href":"https:\/\/api.w.org\/{rel}","templated":true}]}}