{"id":259252,"date":"2024-06-14T11:59:11","date_gmt":"2024-06-14T11:59:11","guid":{"rendered":"http:\/\/jsltravels.com\/?p=259252"},"modified":"2026-04-01T06:42:10","modified_gmt":"2026-04-01T06:42:10","slug":"palma-de-mallorca-nejlepsi-mista-k-videni","status":"publish","type":"post","link":"https:\/\/www.jsltravels.com\/cs\/palma-de-mallorca-nejlepsi-mista-k-videni","title":{"rendered":"Palma de Mallorca \u2013 nejlep\u0161\u00ed m\u00edsta k vid\u011bn\u00ed"},"content":{"rendered":"<div class=\"et_pb_section_0 et_pb_section et_section_regular et_block_section\"><div class=\"et_pb_row_0 et_pb_row et_pb_gutters1 et_block_row\"><div class=\"et_pb_column_0 et_pb_column et_pb_column_1_2 et_block_column et_pb_css_mix_blend_mode_passthrough\"><div class=\"et_pb_text_0 et_pb_text et_pb_bg_layout_light et_pb_module et_block_module\"><div class=\"et_pb_text_inner\"><h1 class=\"entry-title\">Palma de Mallorca - nejlep\u0161\u00ed m\u00edsta k vid\u011bn\u00ed<\/h1>\n<\/div><\/div><\/div><div class=\"et_pb_column_1 et_pb_column et_pb_column_1_2 et-last-child et_block_column et_pb_column_empty et_pb_css_mix_blend_mode_passthrough\"><\/div><\/div><\/div><div class=\"et_pb_section_1 et_pb_section et_section_regular et_block_section\"><div class=\"et_pb_row_1 et_pb_row et_block_row\"><div class=\"et_pb_column_2 et_pb_column et_pb_column_4_4 et-last-child et_block_column et_pb_css_mix_blend_mode_passthrough\"><div class=\"et_pb_text_1 et_pb_text et_pb_bg_layout_light et_pb_module et_block_module\"><div class=\"et_pb_text_inner\"><h2 style=\"text-align: center;\">Palma de Mallorca, hlavn\u00ed m\u011bsto Bale\u00e1rsk\u00fdch ostrov\u016f, je zn\u00e1m\u00e9 sv\u00fdmi \u00fa\u017easn\u00fdmi pl\u00e1\u017eemi, historickou architekturou a \u017eivou kulturn\u00ed sc\u00e9nou.<\/h2>\n<\/div><\/div><\/div><\/div><div class=\"et_pb_row_2 et_pb_row et_block_row\"><div class=\"et_pb_column_3 et_pb_column et_pb_column_1_3 et_block_column et_pb_css_mix_blend_mode_passthrough\"><div class=\"et_pb_image_0 et_pb_image et_pb_module et_block_module\"><a href=\"https:\/\/www.jsltravels.com\/cs\/wp-content\/uploads\/2025\/08\/Moped.jpg\" class=\"et_pb_lightbox_image\" alt=\"\u017dena sed\u00ed na \u017eidli p\u0159ed restaurac\u00ed u mal\u00e9ho stolku a vedle stoj\u00ed \u010derven\u00fd moped.\"><span class=\"et_pb_image_wrap\"><img loading=\"lazy\" decoding=\"async\" src=\"https:\/\/www.jsltravels.com\/cs\/wp-content\/uploads\/2025\/08\/Moped.jpg\" width=\"600\" height=\"800\" srcset=\"https:\/\/www.jsltravels.com\/cs\/wp-content\/uploads\/2025\/08\/Moped.jpg 600w, https:\/\/www.jsltravels.com\/cs\/wp-content\/uploads\/2025\/08\/Moped-480x640.jpg 480w\" sizes=\"(min-width: 0px) and (max-width: 480px) 480px, (min-width: 481px) 600px, 100vw\" class=\"wp-image-267477\" title=\"Moped\" alt=\"\u017dena sed\u00ed na \u017eidli p\u0159ed restaurac\u00ed u mal\u00e9ho stolku a vedle stoj\u00ed \u010derven\u00fd moped.\" \/><\/span><\/a><\/div><\/div><div class=\"et_pb_column_4 et_pb_column et_pb_column_1_3 et_block_column et_pb_css_mix_blend_mode_passthrough\"><div class=\"et_pb_image_1 et_pb_image et_pb_module et_block_module\"><a href=\"https:\/\/www.jsltravels.com\/cs\/wp-content\/uploads\/2025\/08\/Praporky-1.jpg\" class=\"et_pb_lightbox_image\" alt=\"Mu\u017e stoj\u00ed v ulici Valldemossy, kamenn\u00e9 bar\u00e1\u010dky kolem a nad ulic\u00ed vis\u00ed modr\u00e9 f\u00e1borky.\"><span class=\"et_pb_image_wrap\"><img loading=\"lazy\" decoding=\"async\" src=\"https:\/\/www.jsltravels.com\/cs\/wp-content\/uploads\/2025\/08\/Praporky-1.jpg\" width=\"600\" height=\"800\" srcset=\"https:\/\/www.jsltravels.com\/cs\/wp-content\/uploads\/2025\/08\/Praporky-1.jpg 600w, https:\/\/www.jsltravels.com\/cs\/wp-content\/uploads\/2025\/08\/Praporky-1-480x640.jpg 480w\" sizes=\"(min-width: 0px) and (max-width: 480px) 480px, (min-width: 481px) 600px, 100vw\" class=\"wp-image-267480\" title=\"Praporky\" alt=\"Mu\u017e stoj\u00ed v ulici Valldemossy, kamenn\u00e9 bar\u00e1\u010dky kolem a nad ulic\u00ed vis\u00ed modr\u00e9 f\u00e1borky.\" \/><\/span><\/a><\/div><\/div><div class=\"et_pb_column_5 et_pb_column et_pb_column_1_3 et-last-child et_block_column et_pb_css_mix_blend_mode_passthrough\"><div class=\"et_pb_image_2 et_pb_image et_pb_module et_block_module\"><a href=\"https:\/\/www.jsltravels.com\/cs\/wp-content\/uploads\/2025\/08\/Pusa.jpg\" class=\"et_pb_lightbox_image\" alt=\"Matka d\u00e1v\u00e1 pusu sv\u00e9mu d\u00edt\u011bti na schodech v ulic\u00edch Mallorcy.\"><span class=\"et_pb_image_wrap\"><img loading=\"lazy\" decoding=\"async\" src=\"https:\/\/www.jsltravels.com\/cs\/wp-content\/uploads\/2025\/08\/Pusa.jpg\" width=\"600\" height=\"800\" srcset=\"https:\/\/www.jsltravels.com\/cs\/wp-content\/uploads\/2025\/08\/Pusa.jpg 600w, https:\/\/www.jsltravels.com\/cs\/wp-content\/uploads\/2025\/08\/Pusa-480x640.jpg 480w\" sizes=\"(min-width: 0px) and (max-width: 480px) 480px, (min-width: 481px) 600px, 100vw\" class=\"wp-image-267481\" title=\"Pusa\" alt=\"Matka d\u00e1v\u00e1 pusu sv\u00e9mu d\u00edt\u011bti na schodech v ulic\u00edch Mallorcy.\" \/><\/span><\/a><\/div><\/div><\/div><div class=\"et_pb_row_3 et_pb_row et_block_row\"><div class=\"et_pb_column_6 et_pb_column et_pb_column_4_4 et-last-child et_block_column et_pb_css_mix_blend_mode_passthrough\"><div class=\"et_pb_text_2 et_pb_text et_pb_bg_layout_light et_pb_module et_block_module\"><div class=\"et_pb_text_inner\"><p data-start=\"24\" data-end=\"400\">Palma de Mallorca nen\u00ed jen dal\u0161\u00ed st\u0159edomo\u0159sk\u00e9 m\u011bsto \u2013 je to stylov\u00e9 hlavn\u00ed m\u011bsto ostrova, kde se snoub\u00ed starosv\u011btsk\u00e9 kouzlo s modern\u00edm stylem. P\u0159edstav si historick\u00e1 m\u00edsta, \u00fazk\u00e9 dl\u00e1\u017ed\u011bn\u00e9 uli\u010dky a staletou architekturu, kter\u00e1 se dokonale prol\u00edn\u00e1 se stylov\u00fdmi butiky, elegantn\u00edmi kav\u00e1rnami a pulzuj\u00edc\u00edm no\u010dn\u00edm \u017eivotem. A s pr\u016fm\u011brnou teplotou 17,9 \u00b0C? No v\u00e1\u017en\u011b, co v\u00edc si p\u0159\u00e1t?<\/p>\n<h3 data-start=\"402\" data-end=\"427\">Nasaj atmosf\u00e9ru<\/h3>\n<p data-start=\"428\" data-end=\"754\">Ne\u017e za\u010dne\u0161 objevovat, nejd\u0159\u00edv si m\u011bsto po\u0159\u00e1dn\u011b vychutnej. P\u0159edstav si, jak se proch\u00e1z\u00ed\u0161 po <strong data-start=\"519\" data-end=\"539\">Passeig des Born<\/strong>, ru\u0161n\u00e9, stromy lemovan\u00e9 t\u0159\u00edd\u011b, kde se odehr\u00e1v\u00e1 ve\u0161ker\u00e9 d\u011bn\u00ed. Najde\u0161 tu butiky, stylov\u00e9 kav\u00e1rny a pouli\u010dn\u00ed um\u011blce, kte\u0159\u00ed dod\u00e1vaj\u00ed m\u00edstu jedine\u010dn\u00fd \u017eivot. Nesp\u011bchej, dej si k\u00e1vu a nech na sebe p\u016fsobit energii Palmy.<\/p>\n<h3 data-start=\"756\" data-end=\"788\">Prozkoumej Star\u00e9 M\u011bsto<\/h3>\n<p data-start=\"789\" data-end=\"1181\">A te\u010f k historii \u2013 proto\u017ee <strong data-start=\"816\" data-end=\"859\">Star\u00e9 M\u011bsto Palmy je naprost\u00e1 povinnost<\/strong>. Za\u010dni u <strong data-start=\"869\" data-end=\"903\">katedr\u00e1ly Santa Maria (La Seu)<\/strong>. Tato gotick\u00e1 perla t\u011b ohrom\u00ed nejen sv\u00fdmi v\u011b\u017eemi, ale i t\u00edm, jak se jej\u00ed fas\u00e1da koupe ve slune\u010dn\u00edm sv\u011btle. Ale t\u00edm to nekon\u010d\u00ed \u2013 vydej se do bludi\u0161t\u011b \u00fazk\u00fdch uli\u010dek, kde na ka\u017ed\u00e9m rohu objev\u00ed\u0161 skryt\u00e9 n\u00e1dvo\u0159\u00ed, stalet\u00fd kostel nebo \u00fatulnou kav\u00e1rnu, kter\u00e1 vypad\u00e1 jako z pohlednice.<\/p>\n<h3 data-start=\"1183\" data-end=\"1206\">Zami\u0159 na pl\u00e1\u017e<\/h3>\n<p data-start=\"1207\" data-end=\"1560\">Co by to bylo za v\u00fdlet do Palmy bez <strong data-start=\"1243\" data-end=\"1263\">chvilky na pl\u00e1\u017ei<\/strong>? Pokud hled\u00e1\u0161 <strong data-start=\"1278\" data-end=\"1297\">\u017eivou atmosf\u00e9ru<\/strong>, zami\u0159 na <strong data-start=\"1308\" data-end=\"1326\">Playa de Palma<\/strong>, kde se zlat\u00fd p\u00edsek t\u00e1hne do d\u00e1lky a pl\u00e1\u017eov\u00e9 bary udr\u017euj\u00ed skv\u011blou energii. Chce\u0161 rad\u011bji klid? Nasko\u010d na lo\u010f a objevuj <strong data-start=\"1445\" data-end=\"1476\">skryt\u00e9 z\u00e1toky pod\u00e9l pob\u0159e\u017e\u00ed<\/strong> \u2013 \u010dekaj\u00ed t\u011b k\u0159i\u0161\u0165\u00e1lov\u011b \u010dist\u00e9 vody, dramatick\u00e9 \u00fatesy a dokonal\u00fd st\u0159edomo\u0159sk\u00fd \u00fanik.<\/p>\n<h3 data-start=\"1562\" data-end=\"1597\">Jen se toulej a u\u017e\u00edvej si<\/h3>\n<p data-start=\"1598\" data-end=\"1931\">Nejlep\u0161\u00ed zp\u016fsob, jak si Palmu u\u017e\u00edt? <strong data-start=\"1634\" data-end=\"1655\">Prost\u011b se ztratit<\/strong>. Obdivuj barevn\u00e9 fas\u00e1dy star\u00fdch budov, vychutnej si sklenku sv\u011b\u017e\u00edho m\u00edstn\u00edho v\u00edna v pouli\u010dn\u00ed kav\u00e1rn\u011b a zakon\u010di den <strong data-start=\"1771\" data-end=\"1816\">nezapomenuteln\u00fdm z\u00e1padem slunce nad mo\u0159em<\/strong>. Palma nen\u00ed jen m\u011bsto \u2013 <strong data-start=\"1841\" data-end=\"1858\">je to z\u00e1\u017eitek<\/strong>. Tak se nech un\u00e9st jej\u00ed atmosf\u00e9rou a dovol j\u00ed, aby ti z\u016fstala v srdci.<\/p>\n<\/div><\/div><\/div><\/div><div class=\"et_pb_row_4 et_pb_row et_block_row\"><div class=\"et_pb_column_7 et_pb_column et_pb_column_1_3 et_block_column et_pb_css_mix_blend_mode_passthrough\"><div class=\"et_pb_image_3 et_pb_image et_pb_module et_block_module\"><a href=\"https:\/\/www.jsltravels.com\/cs\/wp-content\/uploads\/2025\/08\/Palma-Square.jpg\" class=\"et_pb_lightbox_image\" alt=\"N\u00e1m\u011bst\u00ed v Palma de Mallorca, stromy jsou osv\u011btlen\u00e9 v\u00e1no\u010dn\u00edmi sv\u011btly.\"><span class=\"et_pb_image_wrap\"><img loading=\"lazy\" decoding=\"async\" src=\"https:\/\/www.jsltravels.com\/cs\/wp-content\/uploads\/2025\/08\/Palma-Square.jpg\" width=\"600\" height=\"800\" srcset=\"https:\/\/www.jsltravels.com\/cs\/wp-content\/uploads\/2025\/08\/Palma-Square.jpg 600w, https:\/\/www.jsltravels.com\/cs\/wp-content\/uploads\/2025\/08\/Palma-Square-480x640.jpg 480w\" sizes=\"(min-width: 0px) and (max-width: 480px) 480px, (min-width: 481px) 600px, 100vw\" class=\"wp-image-267479\" title=\"Palma Square\" alt=\"N\u00e1m\u011bst\u00ed v Palma de Mallorca, stromy jsou osv\u011btlen\u00e9 v\u00e1no\u010dn\u00edmi sv\u011btly.\" \/><\/span><\/a><\/div><\/div><div class=\"et_pb_column_8 et_pb_column et_pb_column_1_3 et_block_column et_pb_css_mix_blend_mode_passthrough\"><div class=\"et_pb_image_4 et_pb_image et_pb_module et_block_module\"><a href=\"https:\/\/www.jsltravels.com\/cs\/wp-content\/uploads\/2025\/08\/Schody-Valdemossa.jpg\" class=\"et_pb_lightbox_image\" alt=\"Rodina s mal\u00fdm d\u00edt\u011btem sed\u00ed na schodech v ulici Valldemossy, kamenn\u00e9 stavby a zelen\u00e9 okenice kolem.\"><span class=\"et_pb_image_wrap\"><img loading=\"lazy\" decoding=\"async\" src=\"https:\/\/www.jsltravels.com\/cs\/wp-content\/uploads\/2025\/08\/Schody-Valdemossa.jpg\" width=\"600\" height=\"800\" srcset=\"https:\/\/www.jsltravels.com\/cs\/wp-content\/uploads\/2025\/08\/Schody-Valdemossa.jpg 600w, https:\/\/www.jsltravels.com\/cs\/wp-content\/uploads\/2025\/08\/Schody-Valdemossa-480x640.jpg 480w\" sizes=\"(min-width: 0px) and (max-width: 480px) 480px, (min-width: 481px) 600px, 100vw\" class=\"wp-image-267482\" title=\"Schody Valdemossa\" alt=\"Rodina s mal\u00fdm d\u00edt\u011btem sed\u00ed na schodech v ulici Valldemossy, kamenn\u00e9 stavby a zelen\u00e9 okenice kolem.\" \/><\/span><\/a><\/div><\/div><div class=\"et_pb_column_9 et_pb_column et_pb_column_1_3 et-last-child et_block_column et_pb_css_mix_blend_mode_passthrough\"><div class=\"et_pb_image_5 et_pb_image et_pb_module et_block_module\"><a href=\"https:\/\/www.jsltravels.com\/cs\/wp-content\/uploads\/2025\/08\/Friends.jpg\" class=\"et_pb_lightbox_image\" alt=\"P\u0159\u00e1tel\u00e9 stoj\u00ed p\u0159ed velkou katedr\u00e1lou na Mallorce.\"><span class=\"et_pb_image_wrap\"><img loading=\"lazy\" decoding=\"async\" src=\"https:\/\/www.jsltravels.com\/cs\/wp-content\/uploads\/2025\/08\/Friends.jpg\" width=\"600\" height=\"800\" srcset=\"https:\/\/www.jsltravels.com\/cs\/wp-content\/uploads\/2025\/08\/Friends.jpg 600w, https:\/\/www.jsltravels.com\/cs\/wp-content\/uploads\/2025\/08\/Friends-480x640.jpg 480w\" sizes=\"(min-width: 0px) and (max-width: 480px) 480px, (min-width: 481px) 600px, 100vw\" class=\"wp-image-267475\" title=\"Friends\" alt=\"P\u0159\u00e1tel\u00e9 stoj\u00ed p\u0159ed velkou katedr\u00e1lou na Mallorce.\" \/><\/span><\/a><\/div><\/div><\/div><div class=\"et_pb_row_5 et_pb_row et_block_row\"><div class=\"et_pb_column_10 et_pb_column et_pb_column_4_4 et-last-child et_block_column et_pb_css_mix_blend_mode_passthrough\"><div class=\"et_pb_text_3 et_pb_text et_pb_bg_layout_light et_pb_module et_block_module\"><div class=\"et_pb_text_inner\"><h2 style=\"text-align: center;\">Palma de Mallorca v bodech<\/h2>\n<div dir=\"ltr\" style=\"text-align: center;\">\n<p>&nbsp;<\/p>\n<\/div>\n<\/div><\/div><\/div><\/div><div class=\"et_pb_row_6 et_pb_row et_block_row\"><div class=\"et_pb_column_11 et_pb_column et_pb_column_4_4 et-last-child et_block_column et_pb_css_mix_blend_mode_passthrough\"><div class=\"et_pb_blurb_0 et_pb_blurb et_pb_bg_layout_light et_pb_blurb_position_left et_pb_module et_block_module\"><div class=\"et_pb_blurb_content\"><div class=\"et_pb_main_blurb_image\"><span class=\"et_pb_image_wrap\"><span class=\"et-pb-icon\">\ue031<\/span><\/span><\/div><div class=\"et_pb_blurb_container\"><div class=\"et_pb_blurb_description\"><p><strong>La Seu, katedr\u00e1la Santa Maria v Palm\u011b: <\/strong>Gotick\u00fd \u00fakaz, kter\u00fd dominuje panoramatu m\u011bsta svou slo\u017eitou architekturou a vysok\u00fdmi v\u011b\u017eemi. Jakmile se p\u0159ibl\u00ed\u017e\u00edte, jej\u00ed p\u0159\u00edtomnost v\u00e1s napln\u00ed \u00fa\u017easem. Sv\u011bd\u010d\u00ed o bohat\u00e9m d\u011bdictv\u00ed a trval\u00e9 kr\u00e1se Palmy. Ale nejde jen o to, co vid\u00edte zvenku; uvnit\u0159 katedr\u00e1la odhaluje dal\u0161\u00ed sv\u011bt. Ohromuj\u00edc\u00ed vitr\u00e1\u017eov\u00e1 okna, v\u010detn\u011b jednoho vytvo\u0159en\u00e9ho renomovan\u00fdm um\u011blcem Miquelem Barcel\u00f3, vrhaj\u00ed z\u00e1\u0159iv\u00e9 odst\u00edny na starod\u00e1vn\u00e9 kamenn\u00e9 podlahy. Pro nejlep\u0161\u00ed fotografickou p\u0159\u00edle\u017eitost zami\u0159te p\u0159es \u0159eku, kde m\u016f\u017eete zachytit majest\u00e1tn\u00ed siluetu katedr\u00e1ly odr\u00e1\u017eej\u00edc\u00ed se ve vod\u011b, co\u017e je odraz jej\u00ed nad\u010dasov\u00e9 p\u0159ita\u017elivosti. Kombinovan\u00e1 vstupenka, kter\u00e1 zahrnuje i n\u00e1v\u0161t\u011bvu teras, stoj\u00ed 20 \u20ac. Doporu\u010dujeme zakoupit vstupenky online, abyste se vyhnuli front\u00e1m a maxim\u00e1ln\u011b si u\u017eili svou n\u00e1v\u0161t\u011bvu. Vstupenky si m\u016f\u017eete rezervovat <a href=\"https:\/\/www.catedraldemallorca.org\/en\/tickets\" target=\"_blank\" rel=\"noopener\">zde.<\/a><\/p>\n<\/div><\/div><\/div><\/div><div class=\"et_pb_blurb_1 et_pb_blurb et_pb_bg_layout_light et_pb_blurb_position_left et_pb_module et_block_module\"><div class=\"et_pb_blurb_content\"><div class=\"et_pb_main_blurb_image\"><span class=\"et_pb_image_wrap\"><span class=\"et-pb-icon\">\ue031<\/span><\/span><\/div><div class=\"et_pb_blurb_container\"><div class=\"et_pb_blurb_description\"><p><strong>Hrad Bellver:<\/strong> Pouh\u00fdch 10 minut j\u00edzdy od La Seu se nach\u00e1z\u00ed hrad Bellver, jedine\u010dn\u00e1 kruhov\u00e1 pevnost s panoramatick\u00fdmi v\u00fdhledy na Palmu a jej\u00ed okol\u00ed. Postaven\u00fd ve 14. stolet\u00ed, je jedn\u00edm z m\u00e1la kruhov\u00fdch hrad\u016f v Evrop\u011b a host\u00ed muzeum vystavuj\u00edc\u00ed artefakty z bohat\u00e9 historie Mallorky \u2013 ur\u010dit\u011b stoj\u00ed za n\u00e1v\u0161t\u011bvu za vstupn\u00e9 4 \u20ac!<\/p>\n<\/div><\/div><\/div><\/div><div class=\"et_pb_blurb_2 et_pb_blurb et_pb_bg_layout_light et_pb_blurb_position_left et_pb_module et_block_module\"><div class=\"et_pb_blurb_content\"><div class=\"et_pb_main_blurb_image\"><span class=\"et_pb_image_wrap\"><span class=\"et-pb-icon\">\ue031<\/span><\/span><\/div><div class=\"et_pb_blurb_container\"><div class=\"et_pb_blurb_description\"><p><strong>Star\u00e9 m\u011bsto Palmy:<\/strong>\u00a0Projd\u011bte se \u00fazk\u00fdmi uli\u010dkami historick\u00e9ho centra a objevte skryt\u00e1 n\u00e1m\u011bst\u00ed, okouzluj\u00edc\u00ed kav\u00e1rny a kr\u00e1snou architekturu. Mezi nejv\u00fdznamn\u011bj\u0161\u00ed pat\u0159\u00ed arabsk\u00e9 l\u00e1zn\u011b, poz\u016fstatky maursk\u00e9 p\u0159\u00edtomnosti na Mallorce a malebn\u00e9 n\u00e1m\u011bst\u00ed Pla\u00e7a Major.<\/p>\n<\/div><\/div><\/div><\/div><div class=\"et_pb_blurb_3 et_pb_blurb et_pb_bg_layout_light et_pb_blurb_position_left et_pb_module et_block_module\"><div class=\"et_pb_blurb_content\"><div class=\"et_pb_main_blurb_image\"><span class=\"et_pb_image_wrap\"><span class=\"et-pb-icon\">\ue031<\/span><\/span><\/div><div class=\"et_pb_blurb_container\"><div class=\"et_pb_blurb_description\"><p><strong>Pal\u00e1c Almudaina:<\/strong> Tato b\u00fdval\u00e1 maursk\u00e1 pevnost, kter\u00e1 se nach\u00e1z\u00ed hned vedle katedr\u00e1ly, byla \u0161pan\u011blskou monarchi\u00ed p\u0159em\u011bn\u011bna na kr\u00e1lovskou rezidenci. M\u016f\u017eete prozkoumat jeho elegantn\u00ed pokoje, n\u00e1dvo\u0159\u00ed a zahrady a z\u00e1rove\u0148 se dozv\u011bd\u011bt o kr\u00e1lovsk\u00e9 historii Mallorky.<\/p>\n<\/div><\/div><\/div><\/div><div class=\"et_pb_blurb_4 et_pb_blurb et_pb_bg_layout_light et_pb_blurb_position_left et_pb_module et_block_module\"><div class=\"et_pb_blurb_content\"><div class=\"et_pb_main_blurb_image\"><span class=\"et_pb_image_wrap\"><span class=\"et-pb-icon\">\ue031<\/span><\/span><\/div><div class=\"et_pb_blurb_container\"><div class=\"et_pb_blurb_description\"><p><strong>Serra de Tramuntana:<\/strong>\u00a0I kdy\u017e technicky nen\u00ed v Palm\u011b, toto m\u00edsto sv\u011btov\u00e9ho d\u011bdictv\u00ed UNESCO je odtud kousek autem a stoj\u00ed za n\u00e1v\u0161t\u011bvu. Drsn\u00e9 poho\u0159\u00ed nab\u00edz\u00ed ohromuj\u00edc\u00ed krajinu, malebn\u00e9 vesni\u010dky jako Valldemossa a Dei\u00e0 a vynikaj\u00edc\u00ed mo\u017enosti pro p\u011b\u0161\u00ed turistiku.<\/p>\n<\/div><\/div><\/div><\/div><div class=\"et_pb_text_4 et_pb_text et_pb_bg_layout_light et_pb_module et_block_module\"><\/div><\/div><\/div><div class=\"et_pb_row_7 et_pb_row et_block_row\"><div class=\"et_pb_column_12 et_pb_column et_pb_column_1_2 et_block_column et_pb_css_mix_blend_mode_passthrough\"><div class=\"et_pb_image_6 et_pb_image et_pb_module et_block_module\"><a href=\"https:\/\/www.jsltravels.com\/cs\/wp-content\/uploads\/2025\/08\/Ocean-View.jpg\" class=\"et_pb_lightbox_image\" alt=\"V\u00fdhled na kopce Mallorky.\"><span class=\"et_pb_image_wrap\"><img loading=\"lazy\" decoding=\"async\" src=\"https:\/\/www.jsltravels.com\/cs\/wp-content\/uploads\/2025\/08\/Ocean-View.jpg\" width=\"800\" height=\"600\" srcset=\"https:\/\/www.jsltravels.com\/cs\/wp-content\/uploads\/2025\/08\/Ocean-View.jpg 800w, https:\/\/www.jsltravels.com\/cs\/wp-content\/uploads\/2025\/08\/Ocean-View-480x360.jpg 480w\" sizes=\"(min-width: 0px) and (max-width: 480px) 480px, (min-width: 481px) 800px, 100vw\" class=\"wp-image-267478\" title=\"Ocean View\" alt=\"V\u00fdhled na kopce Mallorky.\" \/><\/span><\/a><\/div><\/div><div class=\"et_pb_column_13 et_pb_column et_pb_column_1_2 et-last-child et_block_column et_pb_css_mix_blend_mode_passthrough\"><div class=\"et_pb_image_7 et_pb_image et_pb_module et_block_module\"><a href=\"https:\/\/www.jsltravels.com\/cs\/wp-content\/uploads\/2025\/08\/Kopce.jpg\" class=\"et_pb_lightbox_image\" alt=\"V\u00fdhled na mo\u0159e a kopce Mallorky.\"><span class=\"et_pb_image_wrap\"><img loading=\"lazy\" decoding=\"async\" src=\"https:\/\/www.jsltravels.com\/cs\/wp-content\/uploads\/2025\/08\/Kopce.jpg\" width=\"800\" height=\"600\" srcset=\"https:\/\/www.jsltravels.com\/cs\/wp-content\/uploads\/2025\/08\/Kopce.jpg 800w, https:\/\/www.jsltravels.com\/cs\/wp-content\/uploads\/2025\/08\/Kopce-480x360.jpg 480w\" sizes=\"(min-width: 0px) and (max-width: 480px) 480px, (min-width: 481px) 800px, 100vw\" class=\"wp-image-267476\" title=\"Kopce\" alt=\"V\u00fdhled na mo\u0159e a kopce Mallorky.\" \/><\/span><\/a><\/div><\/div><\/div><div class=\"et_pb_row_8 et_pb_row et_block_row\"><div class=\"et_pb_column_14 et_pb_column et_pb_column_4_4 et-last-child et_block_column et_pb_css_mix_blend_mode_passthrough\"><div class=\"et_pb_code_0 et_pb_code et_pb_module\"><div class=\"et_pb_code_inner\"><script async src=\"https:\/\/tpwidg.com\/content?trs=336892&shmarker=560753&powered_by=true&campaign_id=108&promo_id=8412\" charset=\"utf-8\"><\/script>\n<\/div><\/div><\/div><\/div><div class=\"et_pb_row_9 et_pb_row et_block_row\"><div class=\"et_pb_column_15 et_pb_column et_pb_column_4_4 et-last-child et_block_column et_pb_css_mix_blend_mode_passthrough\"><div class=\"et_pb_text_5 et_pb_text et_pb_bg_layout_light et_pb_module et_block_module\"><div class=\"et_pb_text_inner\"><h2 dir=\"ltr\" style=\"text-align: center;\">Parkov\u00e1n\u00ed v Palm\u011b<\/h2>\n<h3 style=\"text-align: center;\"><\/h3>\n<\/div><\/div><div class=\"et_pb_text_6 et_pb_text et_pb_bg_layout_light et_pb_module et_block_module\"><div class=\"et_pb_text_inner\"><p>Naj\u00edt parkov\u00e1n\u00ed v Palm\u011b m\u016f\u017ee b\u00fdt n\u00e1ro\u010dn\u00e9, zejm\u00e9na b\u011bhem hlavn\u00ed turistick\u00e9 sez\u00f3ny nebo v centru m\u011bsta. Zde je n\u011bkolik tip\u016f, kter\u00e9 v\u00e1m pomohou orientovat se p\u0159i parkov\u00e1n\u00ed:<\/p>\n<\/div><\/div><\/div><\/div><div class=\"et_pb_row_10 et_pb_row et_block_row\"><div class=\"et_pb_column_16 et_pb_column et_pb_column_4_4 et-last-child et_block_column et_pb_css_mix_blend_mode_passthrough\"><div class=\"et_pb_blurb_5 et_pb_blurb et_pb_bg_layout_light et_pb_blurb_position_left et_pb_module et_block_module\"><div class=\"et_pb_blurb_content\"><div class=\"et_pb_main_blurb_image\"><span class=\"et_pb_image_wrap\"><span class=\"et-pb-icon\">\uf5de<\/span><\/span><\/div><div class=\"et_pb_blurb_container\"><div class=\"et_pb_blurb_description\"><p><strong>Ve\u0159ejn\u00e1 parkovi\u0161t\u011b<\/strong>: Palma de Mallorca m\u00e1 n\u011bkolik ve\u0159ejn\u00fdch parkovi\u0161\u0165 roztrou\u0161en\u00fdch po cel\u00e9m m\u011bst\u011b. Ty jsou obvykle nejpohodln\u011bj\u0161\u00ed mo\u017enost\u00ed, pokud nav\u0161t\u011bvujete centrum m\u011bsta nebo obl\u00edben\u00e9 turistick\u00e9 oblasti. Kdy\u017e se budete bl\u00ed\u017eit k m\u011bstu, hledejte zna\u010dky, kter\u00e9 v\u00e1s nasm\u011bruj\u00ed na tato parkovi\u0161t\u011b.<\/p>\n<\/div><\/div><\/div><\/div><div class=\"et_pb_blurb_6 et_pb_blurb et_pb_bg_layout_light et_pb_blurb_position_left et_pb_module et_block_module\"><div class=\"et_pb_blurb_content\"><div class=\"et_pb_main_blurb_image\"><span class=\"et_pb_image_wrap\"><span class=\"et-pb-icon\">\uf5de<\/span><\/span><\/div><div class=\"et_pb_blurb_container\"><div class=\"et_pb_blurb_description\"><p><strong>Park &amp; \u200b\u200bRide:<\/strong> Pokud se chyst\u00e1te nav\u0161t\u00edvit centrum m\u011bsta, zva\u017ete pou\u017eit\u00ed slu\u017eeb Park &amp; \u200b\u200bRide. Tyto slu\u017eby obvykle zahrnuj\u00ed zaparkov\u00e1n\u00ed auta na vyhrazen\u00e9m parkovi\u0161ti mimo m\u011bsto a n\u00e1slednou j\u00edzdu ve\u0159ejnou dopravou (jako jsou autobusy) do centra. M\u016f\u017ee v\u00e1m u\u0161et\u0159it starosti s j\u00edzdou v ucpan\u00fdch m\u011bstsk\u00fdch ulic\u00edch a hled\u00e1n\u00edm parkov\u00e1n\u00ed.<\/p>\n<\/div><\/div><\/div><\/div><div class=\"et_pb_blurb_7 et_pb_blurb et_pb_bg_layout_light et_pb_blurb_position_left et_pb_module et_block_module\"><div class=\"et_pb_blurb_content\"><div class=\"et_pb_main_blurb_image\"><span class=\"et_pb_image_wrap\"><span class=\"et-pb-icon\">\uf5de<\/span><\/span><\/div><div class=\"et_pb_blurb_container\"><div class=\"et_pb_blurb_description\"><p><strong>Parkov\u00e1n\u00ed na ulici:<\/strong> I kdy\u017e je v Palm\u011b k dispozici parkov\u00e1n\u00ed na ulici, m\u016f\u017ee b\u00fdt omezen\u00e9 a \u010dasto podl\u00e9h\u00e1 omezen\u00edm parkov\u00e1n\u00ed. Nezapome\u0148te zkontrolovat zna\u010dky ozna\u010duj\u00edc\u00ed p\u0159edpisy o parkov\u00e1n\u00ed, jako jsou \u010dasov\u00e9 limity a po\u017eadavky na platby. Krom\u011b toho dbejte na vyhrazen\u00e9 rezidentn\u00ed parkovac\u00ed z\u00f3ny.<\/p>\n<\/div><\/div><\/div><\/div><div class=\"et_pb_blurb_8 et_pb_blurb et_pb_bg_layout_light et_pb_blurb_position_left et_pb_module et_block_module\"><div class=\"et_pb_blurb_content\"><div class=\"et_pb_main_blurb_image\"><span class=\"et_pb_image_wrap\"><span class=\"et-pb-icon\">\uf5de<\/span><\/span><\/div><div class=\"et_pb_blurb_container\"><div class=\"et_pb_blurb_description\"><p><strong>Hotelov\u00e9 parkov\u00e1n\u00ed<\/strong>: Pokud jste ubytov\u00e1ni v hotelu v Palma de Mallorca, zeptejte se na mo\u017enosti parkov\u00e1n\u00ed, kter\u00e9 jsou host\u016fm k dispozici. Mnoho hotel\u016f nab\u00edz\u00ed vlastn\u00ed parkovi\u0161t\u011b nebo partnerstv\u00ed s bl\u00edzk\u00fdmi parkovi\u0161ti.<\/p>\n<\/div><\/div><\/div><\/div><div class=\"et_pb_blurb_9 et_pb_blurb et_pb_bg_layout_light et_pb_blurb_position_left et_pb_module et_block_module\"><div class=\"et_pb_blurb_content\"><div class=\"et_pb_main_blurb_image\"><span class=\"et_pb_image_wrap\"><span class=\"et-pb-icon\">\uf5de<\/span><\/span><\/div><div class=\"et_pb_blurb_container\"><div class=\"et_pb_blurb_description\"><p><strong>Pl\u00e1nujte dop\u0159edu:<\/strong> Pokud v\u00edte, \u017ee budete pot\u0159ebovat parkov\u00e1n\u00ed v konkr\u00e9tn\u00ed oblasti Palma de Mallorca, je dobr\u00e9 pl\u00e1novat dop\u0159edu a prozkoumat mo\u017enosti parkov\u00e1n\u00ed p\u0159edem. To v\u00e1m m\u016f\u017ee pomoci u\u0161et\u0159it \u010das a sn\u00ed\u017eit stres, a\u017e doraz\u00edte do c\u00edle.<\/p>\n<\/div><\/div><\/div><\/div><\/div><\/div><div class=\"et_pb_row_11 et_pb_row et_block_row\"><div class=\"et_pb_column_17 et_pb_column et_pb_column_4_4 et-last-child et_block_column et_pb_css_mix_blend_mode_passthrough\"><div class=\"et_pb_text_7 et_pb_text et_pb_bg_layout_light et_pb_module et_block_module\"><div class=\"et_pb_text_inner\"><h2 dir=\"ltr\" style=\"text-align: center;\">Pot\u0159ebujete auto v Palm\u011b?<\/h2>\n<h3 style=\"text-align: center;\"><\/h3>\n<\/div><\/div><\/div><\/div><div class=\"et_pb_row_12 et_pb_row et_block_row\"><div class=\"et_pb_column_18 et_pb_column et_pb_column_4_4 et-last-child et_block_column et_pb_css_mix_blend_mode_passthrough\"><div class=\"et_pb_text_8 et_pb_text et_pb_bg_layout_light et_pb_module et_block_module\"><div class=\"et_pb_text_inner\"><p style=\"text-align: center;\">Pokud z\u016fst\u00e1v\u00e1te ve m\u011bst\u011b, auto nen\u00ed nutn\u00e9, proto\u017ee je zde spousta m\u00edst, kter\u00e1 m\u016f\u017eete prozkoumat p\u011b\u0161ky nebo tax\u00edkem, auto pot\u0159ebujete zejm\u00e9na p\u0159i p\u0159eprav\u011b na leti\u0161t\u011b. Pokud v\u0161ak m\u00e1te z\u00e1jem o objevov\u00e1n\u00ed malebn\u00fdch mal\u00fdch m\u011bst Mallorky, auto je ide\u00e1ln\u00ed volbou.<\/p>\n<\/div><\/div><\/div><\/div><div class=\"et_pb_row_13 et_pb_row et_block_row\"><div class=\"et_pb_column_19 et_pb_column et_pb_column_1_3 et_block_column et_pb_css_mix_blend_mode_passthrough\"><div class=\"et_pb_image_8 et_pb_image et_pb_module et_block_module\"><a href=\"https:\/\/www.jsltravels.com\/cs\/wp-content\/uploads\/2025\/08\/Valdemossa.jpg\" class=\"et_pb_lightbox_image\" alt=\"Valldemossa s kamenn\u00fdm bar\u00e1kem a zelen\u00fdmi okenicemi, podzimn\u00ed stromy a dv\u011b \u017eeny dr\u017e\u00edc\u00ed d\u00edt\u011b.\"><span class=\"et_pb_image_wrap\"><img loading=\"lazy\" decoding=\"async\" src=\"https:\/\/www.jsltravels.com\/cs\/wp-content\/uploads\/2025\/08\/Valdemossa.jpg\" width=\"600\" height=\"800\" srcset=\"https:\/\/www.jsltravels.com\/cs\/wp-content\/uploads\/2025\/08\/Valdemossa.jpg 600w, https:\/\/www.jsltravels.com\/cs\/wp-content\/uploads\/2025\/08\/Valdemossa-480x640.jpg 480w\" sizes=\"(min-width: 0px) and (max-width: 480px) 480px, (min-width: 481px) 600px, 100vw\" class=\"wp-image-267485\" title=\"Valdemossa\" alt=\"Valldemossa s kamenn\u00fdm bar\u00e1kem a zelen\u00fdmi okenicemi, podzimn\u00ed stromy a dv\u011b \u017eeny dr\u017e\u00edc\u00ed d\u00edt\u011b.\" \/><\/span><\/a><\/div><\/div><div class=\"et_pb_column_20 et_pb_column et_pb_column_1_3 et_block_column et_pb_css_mix_blend_mode_passthrough\"><div class=\"et_pb_image_9 et_pb_image et_pb_module et_block_module\"><a href=\"https:\/\/www.jsltravels.com\/cs\/wp-content\/uploads\/2025\/08\/Street-of-Palma.jpg\" class=\"et_pb_lightbox_image\" alt=\"\u00dazk\u00e1 uli\u010dka Mallorcy, kv\u011btin\u00e1\u010de se zelen\u00ed na zemi.\"><span class=\"et_pb_image_wrap\"><img loading=\"lazy\" decoding=\"async\" src=\"https:\/\/www.jsltravels.com\/cs\/wp-content\/uploads\/2025\/08\/Street-of-Palma.jpg\" width=\"600\" height=\"800\" srcset=\"https:\/\/www.jsltravels.com\/cs\/wp-content\/uploads\/2025\/08\/Street-of-Palma.jpg 600w, https:\/\/www.jsltravels.com\/cs\/wp-content\/uploads\/2025\/08\/Street-of-Palma-480x640.jpg 480w\" sizes=\"(min-width: 0px) and (max-width: 480px) 480px, (min-width: 481px) 600px, 100vw\" class=\"wp-image-267484\" title=\"Street of Palma\" alt=\"\u00dazk\u00e1 uli\u010dka Mallorcy, kv\u011btin\u00e1\u010de se zelen\u00ed na zemi.\" \/><\/span><\/a><\/div><\/div><div class=\"et_pb_column_21 et_pb_column et_pb_column_1_3 et-last-child et_block_column et_pb_css_mix_blend_mode_passthrough\"><div class=\"et_pb_image_10 et_pb_image et_pb_module et_block_module\"><a href=\"https:\/\/www.jsltravels.com\/cs\/wp-content\/uploads\/2025\/08\/Soller.jpg\" class=\"et_pb_lightbox_image\" alt=\"Koleje vedou \u00fazkou ulic\u00ed ve m\u011bst\u011b S\u00f3ller na Mallorce.\"><span class=\"et_pb_image_wrap\"><img loading=\"lazy\" decoding=\"async\" src=\"https:\/\/www.jsltravels.com\/cs\/wp-content\/uploads\/2025\/08\/Soller.jpg\" width=\"600\" height=\"800\" srcset=\"https:\/\/www.jsltravels.com\/cs\/wp-content\/uploads\/2025\/08\/Soller.jpg 600w, https:\/\/www.jsltravels.com\/cs\/wp-content\/uploads\/2025\/08\/Soller-480x640.jpg 480w\" sizes=\"(min-width: 0px) and (max-width: 480px) 480px, (min-width: 481px) 600px, 100vw\" class=\"wp-image-267483\" title=\"Soller\" alt=\"Koleje vedou \u00fazkou ulic\u00ed ve m\u011bst\u011b S\u00f3ller na Mallorce.\" \/><\/span><\/a><\/div><\/div><\/div><div class=\"et_pb_row_14 et_pb_row et_block_row\"><div class=\"et_pb_column_22 et_pb_column et_pb_column_4_4 et-last-child et_block_column et_pb_css_mix_blend_mode_passthrough\"><div class=\"et_pb_text_9 et_pb_text et_pb_bg_layout_light et_pb_module et_block_module\"><div class=\"et_pb_text_inner\"><h3 dir=\"ltr\" style=\"text-align: center;\">Malebn\u00e1 m\u011bsta na Mallorce<\/h3>\n<\/div><\/div><div class=\"et_pb_text_10 et_pb_text et_pb_bg_layout_light et_pb_module et_block_module\"><div class=\"et_pb_text_inner\"><p style=\"text-align: center;\">Tato m\u011bsta nab\u00edzej\u00ed n\u00e1dhernou sm\u011bs kulturn\u00edho d\u011bdictv\u00ed, p\u0159\u00edrodn\u00edch kr\u00e1s a autentick\u00e9ho kouzla, co\u017e z nich \u010din\u00ed destinace, kter\u00e9 mus\u00ed nav\u0161t\u00edvit ka\u017ed\u00fd, kdo zkoum\u00e1 Mallorcu.<\/p>\n<\/div><\/div><\/div><\/div><div class=\"et_pb_row_15 et_pb_row et_block_row\"><div class=\"et_pb_column_23 et_pb_column et_pb_column_4_4 et-last-child et_block_column et_pb_css_mix_blend_mode_passthrough\"><div class=\"et_pb_blurb_10 et_pb_blurb et_pb_bg_layout_light et_pb_blurb_position_left et_pb_module et_block_module\"><div class=\"et_pb_blurb_content\"><div class=\"et_pb_main_blurb_image\"><span class=\"et_pb_image_wrap\"><span class=\"et-pb-icon\">\ue031<\/span><\/span><\/div><div class=\"et_pb_blurb_container\"><div class=\"et_pb_blurb_description\"><p><strong>Valldemossa<\/strong>: Slavn\u00e1 pro sv\u00e9 \u00fachvatn\u00e9 horsk\u00e9 v\u00fdhledy, historick\u00fd kl\u00e1\u0161ter a kouzeln\u00e9 kamenn\u00e9 domy. Nevynechejte Kr\u00e1lovsk\u00fd kartuzi\u00e1nsk\u00fd kl\u00e1\u0161ter a malebn\u00e9 stezky kolem m\u011bsta. <a href=\"https:\/\/www.google.com\/maps\/place\/07170+Valldemossa,+Balearic+Islands,+Spain\/@39.7063154,2.534796,23001m\/data=!3m1!1e3!4m6!3m5!1s0x1297ee03ba8ac6ff:0x924852e78b96123e!8m2!3d39.7114523!4d2.6225698!16zL20vMDFyNjNs?entry=ttu&amp;g_ep=EgoyMDI1MDMwNC4wIKXMDSoASAFQAw%3D%3D\" target=\"_blank\" rel=\"noopener\">ZOBRAZ NA MAP\u011a <\/a><\/p>\n<\/div><\/div><\/div><\/div><div class=\"et_pb_blurb_11 et_pb_blurb et_pb_bg_layout_light et_pb_blurb_position_left et_pb_module et_block_module\"><div class=\"et_pb_blurb_content\"><div class=\"et_pb_main_blurb_image\"><span class=\"et_pb_image_wrap\"><span class=\"et-pb-icon\">\ue031<\/span><\/span><\/div><div class=\"et_pb_blurb_container\"><div class=\"et_pb_blurb_description\"><p><strong>S\u00f3ller<\/strong>: Nach\u00e1z\u00ed se v \u00farodn\u00e9m \u00fadol\u00ed pomeran\u010dov\u00fdch h\u00e1j\u016f. S\u00f3ller je zn\u00e1m\u00fd sv\u00fdm historick\u00fdm tramvajov\u00fdm spojen\u00edm, kr\u00e1sn\u00fdm n\u00e1m\u011bst\u00edm a modernistickou architekturou kostela a radnice. Pro jedine\u010dn\u00fd z\u00e1\u017eitek se svezte scenickou vlakovou trat\u00ed z Palmy do S\u00f3lleru. <a href=\"https:\/\/www.google.com\/maps\/place\/07100+S%C3%B3ller,+Balearic+Islands,+Spain\/@39.7664219,2.7102327,1973m\/data=!3m2!1e3!4b1!4m6!3m5!1s0x1297e8bf0f60ed33:0xb0011fe8275e422e!8m2!3d39.7670693!4d2.7157866!16zL20vMDI3ZF9q?entry=ttu&amp;g_ep=EgoyMDI1MDMwNC4wIKXMDSoASAFQAw%3D%3D\" target=\"_blank\" rel=\"noopener\">ZOBRAZ NA MAP\u011a<\/a><\/p>\n<\/div><\/div><\/div><\/div><div class=\"et_pb_blurb_12 et_pb_blurb et_pb_bg_layout_light et_pb_blurb_position_left et_pb_module et_block_module\"><div class=\"et_pb_blurb_content\"><div class=\"et_pb_main_blurb_image\"><span class=\"et_pb_image_wrap\"><span class=\"et-pb-icon\">\ue031<\/span><\/span><\/div><div class=\"et_pb_blurb_container\"><div class=\"et_pb_blurb_description\"><p><strong>Dei\u00e0<\/strong>: Malebn\u00e1 vesnice zasazen\u00e1 v hor\u00e1ch Tramuntana, zn\u00e1m\u00e1 sv\u00fdmi kr\u00e1sn\u00fdmi krajinami a um\u011bleck\u00fdm d\u011bdictv\u00edm. Nav\u0161tivte Muzeum Roberta Gravese a u\u017eijte si dechberouc\u00ed v\u00fdhledy na pob\u0159e\u017e\u00ed. <a href=\"https:\/\/www.google.com\/maps\/place\/07179+Dei%C3%A0,+Balearic+Islands,+Spain\/@39.747653,2.6436141,987m\/data=!3m2!1e3!4b1!4m6!3m5!1s0x1297efb31c0c5473:0xf97fd9b36dd4d4e2!8m2!3d39.7479394!4d2.6483743!16zL20vMDFzanZj?entry=ttu&amp;g_ep=EgoyMDI1MDMwNC4wIKXMDSoASAFQAw%3D%3D\" target=\"_blank\" rel=\"noopener\">ZOBRAZ NA MAP\u011a<\/a><\/p>\n<\/div><\/div><\/div><\/div><div class=\"et_pb_blurb_13 et_pb_blurb et_pb_bg_layout_light et_pb_blurb_position_left et_pb_module et_block_module\"><div class=\"et_pb_blurb_content\"><div class=\"et_pb_main_blurb_image\"><span class=\"et_pb_image_wrap\"><span class=\"et-pb-icon\">\ue031<\/span><\/span><\/div><div class=\"et_pb_blurb_container\"><div class=\"et_pb_blurb_description\"><p><strong>Pollen\u00e7a<\/strong>: Malebn\u00e9 m\u011bsto s \u00fazk\u00fdmi uli\u010dkami, ru\u0161n\u00fdm hlavn\u00edm n\u00e1m\u011bst\u00edm a slavn\u00fdmi 365 schody Calvari vedouc\u00edmi k mal\u00e9 kapli s panoramatick\u00fdmi v\u00fdhledy. Nezapome\u0148te nav\u0161t\u00edvit ned\u011bln\u00ed trh. <a href=\"https:\/\/www.google.com\/maps\/place\/07460+Pollen%C3%A7a,+Balearic+Islands,+Spain\/@39.8763476,3.010464,1970m\/data=!3m2!1e3!4b1!4m6!3m5!1s0x1297d6a0db5e5103:0x2aec5ed1cb734537!8m2!3d39.8771939!4d3.0162026!16zL20vMDV5cW5j?entry=ttu&amp;g_ep=EgoyMDI1MDMwNC4wIKXMDSoASAFQAw%3D%3D\" target=\"_blank\" rel=\"noopener\">ZOBRAZ NA MAP\u011a<\/a><\/p>\n<\/div><\/div><\/div><\/div><div class=\"et_pb_blurb_14 et_pb_blurb et_pb_bg_layout_light et_pb_blurb_position_left et_pb_module et_block_module\"><div class=\"et_pb_blurb_content\"><div class=\"et_pb_main_blurb_image\"><span class=\"et_pb_image_wrap\"><span class=\"et-pb-icon\">\ue031<\/span><\/span><\/div><div class=\"et_pb_blurb_container\"><div class=\"et_pb_blurb_description\"><p><strong>Alc\u00fadia<\/strong>: Bohat\u00e9 na historii s dob\u0159e zachovan\u00fdmi st\u0159edov\u011bk\u00fdmi hradbami, \u0159\u00edmsk\u00fdmi ruinami a \u017eiv\u00fdm trhem. Projd\u011bte se jeho malebn\u00fdmi uli\u010dkami a nav\u0161tivte kr\u00e1sn\u00e9 pl\u00e1\u017ee v okol\u00ed. <a href=\"https:\/\/www.google.com\/maps\/place\/07400+Alc%C3%BAdia,+Balearic+Islands,+Spain\/@39.8530513,3.1196781,1971m\/data=!3m2!1e3!4b1!4m6!3m5!1s0x12962c9c66faf103:0x1f82e40f9f2a7bd0!8m2!3d39.8532672!4d3.1240239!16zL20vMDZ6M2oz?entry=ttu&amp;g_ep=EgoyMDI1MDMwNC4wIKXMDSoASAFQAw%3D%3D\" target=\"_blank\" rel=\"noopener\">ZOBRAZ NA MAP\u011a<\/a><\/p>\n<\/div><\/div><\/div><\/div><\/div><\/div><div class=\"et_pb_row_16 et_pb_row et_block_row\"><div class=\"et_pb_column_24 et_pb_column et_pb_column_4_4 et-last-child et_block_column et_pb_css_mix_blend_mode_passthrough\"><div class=\"et_pb_code_1 et_pb_code et_pb_module\"><div class=\"et_pb_code_inner\"><script async src=\"https:\/\/c108.travelpayouts.com\/content?trs=336892&shmarker=560753&place=palma%20de%20mallorca&items=3&locale=en-US&powered_by=true&promo_id=4039\" charset=\"utf-8\"><\/script><\/div><\/div><\/div><\/div><div class=\"et_pb_row_17 et_pb_row et_block_row\"><div class=\"et_pb_column_25 et_pb_column et_pb_column_4_4 et-last-child et_block_column et_pb_css_mix_blend_mode_passthrough\"><div class=\"et_pb_text_11 et_pb_text et_pb_bg_layout_light et_pb_module et_block_module et_pb_text_align_center\"><div class=\"et_pb_text_inner\"><h4 class=\"-ml-1 mt-0 h-7 items-center justify-center gap-[2px] self-end text-gray-400 lg:justify-start lg:self-center visible flex\">Kde j\u00edst v Palm\u011b, pokud jste vegan<\/h4>\n<div dir=\"ltr\" style=\"text-align: center;\">\n<p>&nbsp;<\/p>\n<\/div>\n<h3 style=\"text-align: center;\"><\/h3>\n<\/div><\/div><div class=\"et_pb_blurb_15 et_pb_blurb et_pb_bg_layout_light et_pb_blurb_position_left et_pb_module et_block_module\"><div class=\"et_pb_blurb_content\"><div class=\"et_pb_main_blurb_image\"><span class=\"et_pb_image_wrap\"><span class=\"et-pb-icon\">\uf06c<\/span><\/span><\/div><div class=\"et_pb_blurb_container\"><div class=\"et_pb_blurb_description\"><div>\n<div class=\"mx-auto mt-2 inline-flex rounded-xl border border-gray-100 dark:border-gray-700\">Pokud jste vegani a hled\u00e1te m\u00edsta k j\u00eddlu v Palm\u011b, mo\u017en\u00e1 najdete mo\u017enosti trochu omezen\u00e9. Zat\u00edmco n\u011bkter\u00e9 restaurace za\u010d\u00ednaj\u00ed nab\u00edzet vegansk\u00e9 mo\u017enosti, st\u00e1le je co zlep\u0161ovat. Bohu\u017eel to vypad\u00e1, \u017ee poka\u017ed\u00e9, kdy\u017e najdu nov\u00e9 m\u00edsto vhodn\u00e9 pro vegany, skon\u010d\u00ed to uzav\u0159en\u00edm. Nicm\u00e9n\u011b pozitivn\u00ed je, \u017ee v\u00edce restaurac\u00ed za\u010d\u00edn\u00e1 zahrnovat vegansk\u00e9 mo\u017enosti na jejich menu. Navzdory tomu si mysl\u00edm, \u017ee Palma by mohla vylep\u0161it svou nab\u00eddku pro vegany. Nejlep\u0161\u00ed zp\u016fsob, jak naj\u00edt aktu\u00e1ln\u00ed mo\u017enosti stravov\u00e1n\u00ed, je pou\u017e\u00edt aplikaci <a href=\"https:\/\/www.happycow.net\/\" target=\"_blank\" rel=\"noopener\">Happy Cow<\/a>. Spol\u00e9hala jsem na to po cel\u00e9m sv\u011bt\u011b a mnohokr\u00e1t m\u011b to zachr\u00e1nilo, zejm\u00e9na na Mallorce.<\/div>\n<\/div>\n<div><\/div>\n<\/div><\/div><\/div><\/div><div class=\"et_pb_text_12 et_pb_text et_pb_bg_layout_light et_pb_module et_block_module\"><div class=\"et_pb_text_inner\"><div dir=\"ltr\" style=\"text-align: center;\"><\/div>\n<div dir=\"ltr\">\n<blockquote>\n<div dir=\"ltr\"><\/div>\n<\/blockquote>\n<\/div>\n<p>&nbsp;<\/p>\n<\/div><\/div><\/div><\/div><div class=\"et_pb_row_18 et_pb_row et_block_row\"><div class=\"et_pb_column_26 et_pb_column et_pb_column_4_4 et-last-child et_block_column et_pb_css_mix_blend_mode_passthrough\"><div class=\"et_pb_text_13 et_pb_text et_pb_bg_layout_light et_pb_module et_block_module\"><div class=\"et_pb_text_inner\"><p style=\"text-align: center;\">Palmu jsme nav\u0161t\u00edvili n\u011bkolikr\u00e1t a ka\u017ed\u00e1 n\u00e1v\u0161t\u011bva odhaluje n\u011bco nov\u00e9ho \u2013 nov\u00e9 m\u00edsto, restauraci nebo m\u011bsto k prozkoum\u00e1n\u00ed.<\/p>\n<\/div><\/div><\/div><\/div><\/div><div class=\"et_pb_section_2 et_pb_section et_section_regular et_block_section\"><div class=\"et_pb_row_19 et_pb_row et_block_row\"><div class=\"et_pb_column_27 et_pb_column et_pb_column_4_4 et-last-child et_block_column et_pb_css_mix_blend_mode_passthrough\"><div class=\"et_pb_text_14 et_pb_text et_pb_bg_layout_light et_pb_module et_block_module preset--module--divi-text--6a37cb13-2b94-42a8-bab7-ee75b1380e65\"><div class=\"et_pb_text_inner\"><p><strong>Upozorn\u011bn\u00ed<\/strong>: Tato \u010d\u00e1st obsahuje <strong>affiliate odkazy<\/strong>. To znamen\u00e1, \u017ee pokud kliknete a n\u011bco si koup\u00edte nebo zarezervujete, mohu z\u00edskat malou provizi \u2014 **<strong>bez jak\u00fdchkoli dodate\u010dn\u00fdch n\u00e1klad\u016f pro v\u00e1s<\/strong>**. Doporu\u010duji pouze slu\u017eby, kter\u00e9 sama pou\u017e\u00edv\u00e1m nebo kter\u00fdm opravdu v\u011b\u0159\u00edm. D\u011bkuji, \u017ee t\u00edmto zp\u016fsobem podporujete m\u016fj blog!<\/p>\n<p>&nbsp;<\/p>\n<\/div><\/div><\/div><\/div><div class=\"et_pb_row_20 et_pb_row et_pb_row_5col et_block_row et_block_row_5col\"><div class=\"et_pb_column_28 et_pb_column et_pb_column_1_5 et_block_column et_pb_css_mix_blend_mode_passthrough\"><div class=\"et_pb_text_15 et_pb_text et_pb_bg_layout_light et_pb_module et_block_module preset--module--divi-text--6a37cb13-2b94-42a8-bab7-ee75b1380e65\"><div class=\"et_pb_text_inner\"><p style=\"text-align: center;\"><strong>Cestuj chyt\u0159e a levn\u011bji<\/strong><\/p>\n<\/div><\/div><div class=\"et_pb_image_11 et_pb_image et_pb_module et_block_module\"><span class=\"et_pb_image_wrap\"><img loading=\"lazy\" decoding=\"async\" src=\"https:\/\/www.jsltravels.com\/cs\/wp-content\/uploads\/2025\/07\/letiste-airport.png\" width=\"980\" height=\"980\" srcset=\"https:\/\/www.jsltravels.com\/cs\/wp-content\/uploads\/2025\/07\/letiste-airport.png 980w, https:\/\/www.jsltravels.com\/cs\/wp-content\/uploads\/2025\/07\/letiste-airport-480x480.png 480w\" sizes=\"(min-width: 0px) and (max-width: 480px) 480px, (min-width: 481px) 980px, 100vw\" class=\"wp-image-267026\" title=\"letiste-airport\" alt=\"Blue suitcase with a yellow stripe, featuring a handle and wheels. Attached is a luggage tag with an airplane symbol, conveying travel.\" \/><\/span><\/div><div class=\"et_pb_blurb_16 et_pb_blurb et_pb_bg_layout_light et_pb_text_align_center et_pb_blurb_position_top et_pb_module et_block_module\"><div class=\"et_pb_blurb_content\"><div class=\"et_pb_main_blurb_image\"><span class=\"et_pb_image_wrap et_pb_only_image_mode_wrap\"><img decoding=\"async\" src=\"http:\/\/jsltravels.com\/wp-content\/uploads\/2024\/10\/letiste-airport.png\" \/><\/span><\/div><div class=\"et_pb_blurb_container\"><div class=\"et_pb_blurb_description\"><p>Ne\u010dekej a vyraz hned! Najdi nejlep\u0161\u00ed letenky za super ceny a za\u010dni sv\u00e9 dal\u0161\u00ed dobrodru\u017estv\u00ed je\u0161t\u011b dnes! \u21d3<\/p>\n<p><a href=\"https:\/\/cheapoair.tpx.lt\/L8xJmq7q\" target=\"_blank\" rel=\"noopener\"> flight deals<\/a>\u00a0<\/p>\n<\/div><\/div><\/div><\/div><\/div><div class=\"et_pb_column_29 et_pb_column et_pb_column_1_5 et_block_column et_pb_css_mix_blend_mode_passthrough\"><div class=\"et_pb_text_16 et_pb_text et_pb_bg_layout_light et_pb_module et_block_module preset--module--divi-text--6a37cb13-2b94-42a8-bab7-ee75b1380e65\"><div class=\"et_pb_text_inner\"><p style=\"text-align: center;\"><strong>Najdi ubytov\u00e1n\u00ed na m\u00edru<\/strong><\/p>\n<\/div><\/div><div class=\"et_pb_image_12 et_pb_image et_pb_module et_block_module\"><span class=\"et_pb_image_wrap\"><img loading=\"lazy\" decoding=\"async\" src=\"https:\/\/www.jsltravels.com\/cs\/wp-content\/uploads\/2025\/07\/hotel-zvonek.png\" width=\"980\" height=\"980\" srcset=\"https:\/\/www.jsltravels.com\/cs\/wp-content\/uploads\/2025\/07\/hotel-zvonek.png 980w, https:\/\/www.jsltravels.com\/cs\/wp-content\/uploads\/2025\/07\/hotel-zvonek-480x480.png 480w\" sizes=\"(min-width: 0px) and (max-width: 480px) 480px, (min-width: 481px) 980px, 100vw\" class=\"wp-image-267027\" title=\"hotel-zvonek\" alt=\"Illustration of a blue hotel door hanger with a yellow service bell on it. The bell has motion lines, suggesting ringing, conveying prompt service.\" \/><\/span><\/div><div class=\"et_pb_blurb_17 et_pb_blurb et_pb_bg_layout_light et_pb_text_align_center et_pb_blurb_position_top et_pb_module et_block_module\"><div class=\"et_pb_blurb_content\"><div class=\"et_pb_main_blurb_image\"><span class=\"et_pb_image_wrap et_pb_only_image_mode_wrap\"><img decoding=\"async\" src=\"http:\/\/jsltravels.com\/wp-content\/uploads\/2024\/10\/hotel-zvonek.png\" \/><\/span><\/div><div class=\"et_pb_blurb_container\"><div class=\"et_pb_blurb_description\"><p>Najdi ubytov\u00e1n\u00ed podle sv\u00fdch p\u0159edstav na <a href=\"https:\/\/booking.tp.st\/bU1dhdHU\" target=\"_blank\" rel=\"noopener\">Booking.com<\/a> nebo <a href=\"https:\/\/agoda.tp.st\/ybqLuoG3\" target=\"_blank\" rel=\"noopener\">Agoda.com<\/a><\/p>\n<\/div><\/div><\/div><\/div><\/div><div class=\"et_pb_column_30 et_pb_column et_pb_column_1_5 et_block_column et_pb_css_mix_blend_mode_passthrough\"><div class=\"et_pb_text_17 et_pb_text et_pb_bg_layout_light et_pb_module et_block_module preset--module--divi-text--6a37cb13-2b94-42a8-bab7-ee75b1380e65\"><div class=\"et_pb_text_inner\"><p style=\"text-align: center;\"><strong>Cestuj stylov\u011b<\/strong><\/p>\n<\/div><\/div><div class=\"et_pb_image_13 et_pb_image et_pb_module et_block_module\"><span class=\"et_pb_image_wrap\"><img loading=\"lazy\" decoding=\"async\" src=\"https:\/\/www.jsltravels.com\/cs\/wp-content\/uploads\/2025\/07\/pujcovna-rent-car.png\" width=\"980\" height=\"980\" srcset=\"https:\/\/www.jsltravels.com\/cs\/wp-content\/uploads\/2025\/07\/pujcovna-rent-car.png 980w, https:\/\/www.jsltravels.com\/cs\/wp-content\/uploads\/2025\/07\/pujcovna-rent-car-480x480.png 480w\" sizes=\"(min-width: 0px) and (max-width: 480px) 480px, (min-width: 481px) 980px, 100vw\" class=\"wp-image-267028\" title=\"pujcovna-rent-car\" alt=\"A pair of yellow keys attached to a blue key tag featuring a simple black car icon. The image conveys vehicle-related themes.\" \/><\/span><\/div><div class=\"et_pb_blurb_18 et_pb_blurb et_pb_bg_layout_light et_pb_blurb_position_top et_pb_module et_block_module\"><div class=\"et_pb_blurb_content\"><div class=\"et_pb_main_blurb_image\"><span class=\"et_pb_image_wrap et_pb_only_image_mode_wrap\"><img decoding=\"async\" src=\"http:\/\/jsltravels.com\/wp-content\/uploads\/2024\/10\/pujcovna-rent-car.png\" \/><\/span><\/div><div class=\"et_pb_blurb_container\"><div class=\"et_pb_blurb_description\"><p style=\"text-align: center;\">Rezervuj si auto podle sv\u00fdch p\u0159edstav s\u00a0<a href=\"https:\/\/rentalcars.tp.st\/2tvWugZd\" target=\"_blank\" rel=\"noopener\">Rentalcars.<\/a><\/p>\n<\/div><\/div><\/div><\/div><\/div><div class=\"et_pb_column_31 et_pb_column et_pb_column_1_5 et_block_column et_pb_css_mix_blend_mode_passthrough\"><div class=\"et_pb_text_18 et_pb_text et_pb_bg_layout_light et_pb_module et_block_module preset--module--divi-text--6a37cb13-2b94-42a8-bab7-ee75b1380e65\"><div class=\"et_pb_text_inner\"><p style=\"text-align: center;\"><strong>Bezpe\u010dn\u011b na internetu<\/strong><\/p>\n<\/div><\/div><div class=\"et_pb_image_14 et_pb_image et_pb_module et_block_module\"><span class=\"et_pb_image_wrap\"><img loading=\"lazy\" decoding=\"async\" src=\"https:\/\/www.jsltravels.com\/cs\/wp-content\/uploads\/2025\/07\/wifi-sit.png\" width=\"980\" height=\"980\" srcset=\"https:\/\/www.jsltravels.com\/cs\/wp-content\/uploads\/2025\/07\/wifi-sit.png 980w, https:\/\/www.jsltravels.com\/cs\/wp-content\/uploads\/2025\/07\/wifi-sit-480x480.png 480w\" sizes=\"(min-width: 0px) and (max-width: 480px) 480px, (min-width: 481px) 980px, 100vw\" class=\"wp-image-267029\" title=\"wifi-sit\" alt=\"Three curved blue lines form a Wi-Fi symbol above a yellow circle, on a white background. The design suggests connectivity and modern technology.\" \/><\/span><\/div><div class=\"et_pb_blurb_19 et_pb_blurb et_pb_bg_layout_light et_pb_blurb_position_top et_pb_module et_block_module\"><div class=\"et_pb_blurb_content\"><div class=\"et_pb_main_blurb_image\"><span class=\"et_pb_image_wrap et_pb_only_image_mode_wrap\"><img decoding=\"async\" src=\"http:\/\/jsltravels.com\/wp-content\/uploads\/2024\/10\/wifi-sit.png\" \/><\/span><\/div><div class=\"et_pb_blurb_container\"><div class=\"et_pb_blurb_description\"><p>Cestuj bezpe\u010dn\u011b, chra\u0148 sv\u00e1 data s VPN od <a href=\"https:\/\/get.surfshark.net\/aff_c?offer_id=1679&amp;aff_id=34459&amp;source=www.jsltravels.com\" target=\"_blank\" rel=\"noopener\">Surfshark.<\/a><\/p>\n<\/div><\/div><\/div><\/div><\/div><div class=\"et_pb_column_32 et_pb_column et_pb_column_1_5 et-last-child et_block_column et_pb_css_mix_blend_mode_passthrough\"><div class=\"et_pb_text_19 et_pb_text et_pb_bg_layout_light et_pb_module et_block_module preset--module--divi-text--6a37cb13-2b94-42a8-bab7-ee75b1380e65\"><div class=\"et_pb_text_inner\"><p style=\"text-align: center;\"><strong>Kup si l\u00edstek dop\u0159edu<\/strong><\/p>\n<\/div><\/div><div class=\"et_pb_image_15 et_pb_image et_pb_module et_block_module\"><span class=\"et_pb_image_wrap\"><img loading=\"lazy\" decoding=\"async\" src=\"https:\/\/www.jsltravels.com\/cs\/wp-content\/uploads\/2025\/07\/vstupenka-ticket.png\" width=\"980\" height=\"980\" srcset=\"https:\/\/www.jsltravels.com\/cs\/wp-content\/uploads\/2025\/07\/vstupenka-ticket.png 980w, https:\/\/www.jsltravels.com\/cs\/wp-content\/uploads\/2025\/07\/vstupenka-ticket-480x480.png 480w\" sizes=\"(min-width: 0px) and (max-width: 480px) 480px, (min-width: 481px) 980px, 100vw\" class=\"wp-image-267030\" title=\"vstupenka-ticket\" alt=\"A stylized blue ticket with a yellow top edge featuring numbers. It has the word &quot;TICKET&quot; written in bold blue letters and a yellow circle accent.\" \/><\/span><\/div><div class=\"et_pb_blurb_20 et_pb_blurb et_pb_bg_layout_light et_pb_text_align_center et_pb_blurb_position_top et_pb_module et_block_module\"><div class=\"et_pb_blurb_content\"><div class=\"et_pb_main_blurb_image\"><span class=\"et_pb_image_wrap et_pb_only_image_mode_wrap\"><img decoding=\"async\" src=\"http:\/\/jsltravels.com\/wp-content\/uploads\/2024\/10\/vstupenka-ticket.png\" \/><\/span><\/div><div class=\"et_pb_blurb_container\"><div class=\"et_pb_blurb_description\"><p>Kup vstupenky na <a href=\"https:\/\/getyourguide.tp.st\/zP4xD4xO\" target=\"_blank\" rel=\"noopener\">nejlep\u0161\u00ed prohl\u00eddky a atrakce<\/a> p\u0159edem.<br \/><a href=\"https:\/\/getyourguide.tp.st\/zP4xD4xO\" target=\"_blank\" rel=\"noopener\"><\/a>\u00a0<\/p>\n<\/div><\/div><\/div><\/div><\/div><\/div><\/div><div class=\"et_pb_section_3 et_pb_section et_section_regular et_block_section\"><div class=\"et_pb_row_21 et_pb_row et_block_row\"><div class=\"et_pb_column_33 et_pb_column et_pb_column_4_4 et-last-child et_block_column et_pb_css_mix_blend_mode_passthrough\"><div class=\"et_pb_post_nav_0 et_pb_posts_nav nav-single et_pb_module et_flex_module\"><span class=\"nav-previous\"><a href=\"https:\/\/www.jsltravels.com\/cs\/dovolena-v-mexiku-sayulita\" rel=\"prev\" class=\"\"><span class=\"meta-nav\">&larr; <\/span><span class=\"nav-label\">Dovolen\u00e1 v Mexiku \u2013 Sayulita<\/span><\/a><\/span><span class=\"nav-next\"><a href=\"https:\/\/www.jsltravels.com\/cs\/los-angeles-filmove-lokace\" rel=\"next\" class=\"\"><span class=\"nav-label\">Los Angeles filmov\u00e9 lokace<\/span><span class=\"meta-nav\"> &rarr;<\/span><\/a><\/span><\/div><\/div><\/div><\/div><div class=\"et_pb_section_4 et_pb_section et_section_regular et_block_section\"><div class=\"et_pb_row_22 et_pb_row et_block_row\"><div class=\"et_pb_column_34 et_pb_column et_pb_column_4_4 et-last-child et_block_column et_pb_css_mix_blend_mode_passthrough\"><div class=\"et_pb_blog_0 et_pb_blog et_pb_bg_layout_light et_pb_posts et_pb_module\"><div class=\"et_pb_ajax_pagination_container\"><div class=\"et_pb_posts et_grid_module\"><article class=\"et_pb_post et_pb_post_id_268731 clearfix et_pb_blog_item_0_0 post-268731 post type-post status-publish format-standard has-post-thumbnail hentry category-destinace category-kalifornie category-severni-amerika category-uncategorized category-zivot-v-usa\"><div class=\"et_pb_image_container\"><a href=\"https:\/\/www.jsltravels.com\/cs\/meho-psa-ustknul-chrestys-v-los-angeles\" class=\"entry-featured-image-url\"><img loading=\"lazy\" decoding=\"async\" src=\"https:\/\/www.jsltravels.com\/cs\/wp-content\/uploads\/2026\/03\/rattlesnake-LA.png\" width=\"1536\" height=\"1024\" alt=\"Coiled rattlesnake at sunset\" class=\"\" \/><span data-icon=\"\ue050\" class=\"et_overlay et_pb_inline_icon\"><\/span><\/a><\/div><h2 class=\"entry-title\"><a href=\"https:\/\/www.jsltravels.com\/cs\/meho-psa-ustknul-chrestys-v-los-angeles\">M\u00e9ho psa u\u0161tknul ch\u0159est\u00fd\u0161 v Los Angeles<\/a><\/h2><p class=\"post-meta\"><span class=\"entry-categories\"><a href=\"https:\/\/www.jsltravels.com\/cs\/category\/destinace\" rel=\"tag\">Destinace<\/a>, <a href=\"https:\/\/www.jsltravels.com\/cs\/category\/destinace\/severni-amerika\/kalifornie\" rel=\"tag\">Kalifornie<\/a>, <a href=\"https:\/\/www.jsltravels.com\/cs\/category\/destinace\/severni-amerika\" rel=\"tag\">Severn\u00ed Amerika<\/a>, <a href=\"https:\/\/www.jsltravels.com\/cs\/category\/uncategorized\" rel=\"tag\">Uncategorized<\/a>, <a href=\"https:\/\/www.jsltravels.com\/cs\/category\/zivot-v-usa\" rel=\"tag\">\u017divot-v-usa<\/a><\/span><\/p><div class=\"post-content\"><div class=\"post-content-inner\"><\/div><\/div><\/article><article class=\"et_pb_post et_pb_post_id_268676 clearfix et_pb_blog_item_0_1 post-268676 post type-post status-publish format-standard has-post-thumbnail hentry category-chorvatsko category-destinace category-evropa\"><div class=\"et_pb_image_container\"><a href=\"https:\/\/www.jsltravels.com\/cs\/top-7-mist-v-chorvatsku-z-naseho-roadtripu\" class=\"entry-featured-image-url\"><img loading=\"lazy\" decoding=\"async\" src=\"https:\/\/www.jsltravels.com\/cs\/wp-content\/uploads\/2026\/02\/Split-dinner.jpg\" width=\"600\" height=\"800\" alt=\"Letn\u00ed ve\u010de\u0159e v historick\u00e9m centru Splitu s v\u00fdhledem na mo\u0159e, Chorvatsko\" class=\"\" \/><span data-icon=\"\ue050\" class=\"et_overlay et_pb_inline_icon\"><\/span><\/a><\/div><h2 class=\"entry-title\"><a href=\"https:\/\/www.jsltravels.com\/cs\/top-7-mist-v-chorvatsku-z-naseho-roadtripu\">TOP 7 m\u00edst v Chorvatsku z na\u0161eho roadtripu<\/a><\/h2><p class=\"post-meta\"><span class=\"entry-categories\"><a href=\"https:\/\/www.jsltravels.com\/cs\/category\/destinace\/evropa\/chorvatsko\" rel=\"tag\">Chorvatsko<\/a>, <a href=\"https:\/\/www.jsltravels.com\/cs\/category\/destinace\" rel=\"tag\">Destinace<\/a>, <a href=\"https:\/\/www.jsltravels.com\/cs\/category\/destinace\/evropa\" rel=\"tag\">Evropa<\/a><\/span><\/p><div class=\"post-content\"><div class=\"post-content-inner\"><\/div><\/div><\/article><article class=\"et_pb_post et_pb_post_id_268659 clearfix et_pb_blog_item_0_2 post-268659 post type-post status-publish format-standard has-post-thumbnail hentry category-destinace category-zivot-v-usa\"><div class=\"et_pb_image_container\"><a href=\"https:\/\/www.jsltravels.com\/cs\/jak-prezit-leden\" class=\"entry-featured-image-url\"><img loading=\"lazy\" decoding=\"async\" src=\"https:\/\/www.jsltravels.com\/cs\/wp-content\/uploads\/2026\/01\/Lets-explore-the-world-together.png\" width=\"1536\" height=\"1024\" alt=\"Jak p\u0159e\u017e\u00edt leden vision board\" class=\"\" \/><span data-icon=\"\ue050\" class=\"et_overlay et_pb_inline_icon\"><\/span><\/a><\/div><h2 class=\"entry-title\"><a href=\"https:\/\/www.jsltravels.com\/cs\/jak-prezit-leden\">Jak p\u0159e\u017e\u00edt leden<\/a><\/h2><p class=\"post-meta\"><span class=\"entry-categories\"><a href=\"https:\/\/www.jsltravels.com\/cs\/category\/destinace\" rel=\"tag\">Destinace<\/a>, <a href=\"https:\/\/www.jsltravels.com\/cs\/category\/zivot-v-usa\" rel=\"tag\">\u017divot-v-usa<\/a><\/span><\/p><div class=\"post-content\"><div class=\"post-content-inner\"><\/div><\/div><\/article><\/div><\/div><\/div><\/div><\/div><\/div>","protected":false},"excerpt":{"rendered":"<p>Palma de Mallorca: tam, kde se slunce, mo\u0159e a fiesta potk\u00e1vaj\u00ed a zanech\u00e1vaj\u00ed v\u00e1s s \u00fasm\u011bvem a op\u00e1len\u00edm!<\/p>\n","protected":false},"author":1,"featured_media":266569,"comment_status":"open","ping_status":"open","sticky":false,"template":"","format":"standard","meta":{"footnotes":""},"categories":[41,42,54],"tags":[],"post_folder":[40],"class_list":["post-259252","post","type-post","status-publish","format-standard","has-post-thumbnail","hentry","category-destinace","category-evropa","category-spanelsko"],"_links":{"self":[{"href":"https:\/\/www.jsltravels.com\/cs\/wp-json\/wp\/v2\/posts\/259252","targetHints":{"allow":["GET"]}}],"collection":[{"href":"https:\/\/www.jsltravels.com\/cs\/wp-json\/wp\/v2\/posts"}],"about":[{"href":"https:\/\/www.jsltravels.com\/cs\/wp-json\/wp\/v2\/types\/post"}],"author":[{"embeddable":true,"href":"https:\/\/www.jsltravels.com\/cs\/wp-json\/wp\/v2\/users\/1"}],"replies":[{"embeddable":true,"href":"https:\/\/www.jsltravels.com\/cs\/wp-json\/wp\/v2\/comments?post=259252"}],"version-history":[{"count":6,"href":"https:\/\/www.jsltravels.com\/cs\/wp-json\/wp\/v2\/posts\/259252\/revisions"}],"predecessor-version":[{"id":268773,"href":"https:\/\/www.jsltravels.com\/cs\/wp-json\/wp\/v2\/posts\/259252\/revisions\/268773"}],"wp:featuredmedia":[{"embeddable":true,"href":"https:\/\/www.jsltravels.com\/cs\/wp-json\/wp\/v2\/media\/266569"}],"wp:attachment":[{"href":"https:\/\/www.jsltravels.com\/cs\/wp-json\/wp\/v2\/media?parent=259252"}],"wp:term":[{"taxonomy":"category","embeddable":true,"href":"https:\/\/www.jsltravels.com\/cs\/wp-json\/wp\/v2\/categories?post=259252"},{"taxonomy":"post_tag","embeddable":true,"href":"https:\/\/www.jsltravels.com\/cs\/wp-json\/wp\/v2\/tags?post=259252"},{"taxonomy":"post_folder","embeddable":true,"href":"https:\/\/www.jsltravels.com\/cs\/wp-json\/wp\/v2\/post_folder?post=259252"}],"curies":[{"name":"wp","href":"https:\/\/api.w.org\/{rel}","templated":true}]}}