{"id":259302,"date":"2024-06-15T07:28:05","date_gmt":"2024-06-15T07:28:05","guid":{"rendered":"http:\/\/jsltravels.com\/?p=259302"},"modified":"2026-04-01T06:42:16","modified_gmt":"2026-04-01T06:42:16","slug":"rakousko-na-kole-vsechny-vekove-kategorie","status":"publish","type":"post","link":"https:\/\/www.jsltravels.com\/cs\/rakousko-na-kole-vsechny-vekove-kategorie","title":{"rendered":"Rakousko na kole \u2013 pro v\u0161echny v\u011bkov\u00e9 kategorie"},"content":{"rendered":"<div class=\"et_pb_section_0 et_pb_section et_section_regular et_block_section\"><div class=\"et_pb_row_0 et_pb_row et_pb_gutters1 et_block_row\"><div class=\"et_pb_column_0 et_pb_column et_pb_column_1_2 et_block_column et_pb_css_mix_blend_mode_passthrough\"><div class=\"et_pb_text_0 et_pb_text et_pb_bg_layout_light et_pb_module et_block_module\"><div class=\"et_pb_text_inner\"><h1 class=\"entry-title\">Rakousko na kole - pro v\u0161echny v\u011bkov\u00e9 kategorie<\/h1>\n<\/div><\/div><\/div><div class=\"et_pb_column_1 et_pb_column et_pb_column_1_2 et-last-child et_block_column et_pb_column_empty et_pb_css_mix_blend_mode_passthrough\"><\/div><\/div><\/div><div class=\"et_pb_section_1 et_pb_section et_section_regular et_block_section\"><div class=\"et_pb_row_1 et_pb_row et_block_row\"><div class=\"et_pb_column_2 et_pb_column et_pb_column_4_4 et-last-child et_block_column et_pb_css_mix_blend_mode_passthrough\"><div class=\"et_pb_text_1 et_pb_text et_pb_bg_layout_light et_pb_module et_block_module\"><div class=\"et_pb_text_inner\"><p style=\"text-align: center;\"><strong>Cyklistika v Rakousku nab\u00edz\u00ed scen\u00e9ri\u00ed bohat\u00fd a rozmanit\u00fd z\u00e1\u017eitek s dob\u0159e udr\u017eovan\u00fdmi stezkami, kter\u00e9 vedou okouzluj\u00edc\u00ed krajinou, p\u016fvabn\u00fdmi vesni\u010dkami s \u00fa\u017easn\u00fdmi alpsk\u00fdmi v\u00fdhledy.<\/strong><\/p>\n<\/div><\/div><\/div><\/div><div class=\"et_pb_row_2 et_pb_row et_block_row\"><div class=\"et_pb_column_3 et_pb_column et_pb_column_4_4 et-last-child et_block_column et_pb_css_mix_blend_mode_passthrough\"><div class=\"et_pb_text_2 et_pb_text et_pb_bg_layout_light et_pb_module et_block_module\"><div class=\"et_pb_text_inner\"><p>V\u00edtejte v Rakousku, kde milovn\u00edci cyklistiky v\u0161ech v\u011bkov\u00fdch kategori\u00ed, \u00farovn\u00ed a dovednost\u00ed mohou prozkoumat \u00fa\u017easnou krajinu a okouzluj\u00edc\u00ed m\u011bsta d\u00edky dob\u0159e udr\u017eovan\u00fdm cyklostezk\u00e1m. Od pohodov\u00fdch vyj\u00ed\u017ed\u011bk a\u017e po vzru\u0161uj\u00edc\u00ed horsk\u00e9 stezky, Rakousko nab\u00edz\u00ed pro ka\u017ed\u00e9ho n\u011bco.<\/p>\n<p>M\u011bli jsme \u00fa\u017easn\u00fd t\u00fdden v Rakousku s v\u011bkovou skupinou od t\u0159\u00edlet\u00fdch d\u011bt\u00ed a\u017e po aktivn\u00ed \u0161edes\u00e1tn\u00edky. Navzdory v\u011bkov\u00e9mu rozmez\u00ed jsme ka\u017ed\u00fd den ujeli 50\u201360 km s p\u0159est\u00e1vkami na ob\u011bd, pit\u00ed a zmrzlinu. Zaj\u00edm\u00e1 v\u00e1s, jak to prob\u00edhalo?<\/p>\n<p>Za\u010dali jsme rezervac\u00ed ubytov\u00e1n\u00ed p\u0159es Airbnb a soust\u0159edili jsme se na hled\u00e1n\u00ed kolem jezer \u2013 Attersee, Mondsee nebo Wolfgangsee. Objevili jsme kr\u00e1snou chatu ve Stroblu, kter\u00e1 se uk\u00e1zala jako neuv\u011b\u0159iteln\u011b v\u00fdhodn\u00e1 d\u00edky jej\u00ed poloze, v\u0161e bylo na dosah - obchody s potravinami, l\u00e9k\u00e1rna i cyklostezky.<\/p>\n<p>Pozn\u00e1mka \u2013 Ur\u010dit\u011b doporu\u010duji nechat si p\u0159ed cestou kolo zkontrolovat, aby v\u00e1s b\u011bhem dovolen\u00e9 ne\u010dekala \u017e\u00e1dn\u00e1 nep\u0159\u00edjemn\u00e1 p\u0159ekvapen\u00ed.<\/p>\n<\/div><\/div><\/div><\/div><div class=\"et_pb_row_3 et_pb_row et_block_row\"><div class=\"et_pb_column_4 et_pb_column et_pb_column_4_4 et-last-child et_block_column et_pb_css_mix_blend_mode_passthrough\"><div class=\"et_pb_text_3 et_pb_text et_pb_bg_layout_light et_pb_module et_block_module\"><div class=\"et_pb_text_inner\"><h2 style=\"text-align: center;\">Nejlep\u0161\u00ed cyklistick\u00e9 dny vybran\u00e9 z na\u0161eho itiner\u00e1\u0159e<\/h2>\n<\/div><\/div><\/div><\/div><div class=\"et_pb_row_4 et_pb_row et_block_row\"><div class=\"et_pb_column_5 et_pb_column et_pb_column_4_4 et-last-child et_block_column et_pb_css_mix_blend_mode_passthrough\"><div class=\"et_pb_divider_0 et_pb_divider et_pb_space et_pb_divider_position_top et_pb_module\"><div class=\"et_pb_divider_internal\"><\/div><\/div><\/div><\/div><div class=\"et_pb_row_5 et_pb_row et_block_row\"><div class=\"et_pb_column_6 et_pb_column et_pb_column_4_4 et-last-child et_block_column et_pb_css_mix_blend_mode_passthrough\"><div class=\"et_pb_text_4 et_pb_text et_pb_bg_layout_light et_pb_module et_block_module\"><div class=\"et_pb_text_inner\"><h2 data-start=\"0\" data-end=\"54\">Strobl \u2013 Unterach am Attersee trasa (60 km\/4,5 hodiny)<\/h2>\n<p>&nbsp;<\/p>\n<p data-start=\"56\" data-end=\"351\">Na\u0161i cestu jsme za\u010dali p\u0159\u00edmo od na\u0161eho ubytov\u00e1n\u00ed ve Stroblu, vyrazili jsme kolem Wolfgangsee a pokra\u010dovali sm\u011brem k \u00fachvatn\u00e9mu vyhl\u00eddkov\u00e9mu m\u00edstu Schafberg Salzkammergut (mapa dole). Odtud se nab\u00edz\u00ed neuv\u011b\u0159iteln\u00fd v\u00fdhled na jezero \u2013 rozhodn\u011b stoj\u00ed za to se na chv\u00edli zastavit a u\u017e\u00edt si tu n\u00e1dheru.<\/p>\n<p data-start=\"353\" data-end=\"645\">Pak jsme pokra\u010dovali sm\u011brem k Unterach am Attersee a ud\u011blali si zaslou\u017eenou pauzu na ob\u011bd v Gasthof See, tradi\u010dn\u00ed restauraci t\u011bsn\u011b p\u0159ed m\u011bste\u010dkem. Nab\u00edz\u00ed \u0161irokou nab\u00eddku j\u00eddel (m\u011bli v\u00fdborn\u00e9 vegansk\u00e9 rizoto), venkovn\u00ed sezen\u00ed a kr\u00e1sn\u00e9 v\u00fdhledy \u2013 ide\u00e1ln\u00ed m\u00edsto pro dopln\u011bn\u00ed energie p\u0159ed n\u00e1vratem.<\/p>\n<p data-start=\"647\" data-end=\"829\" data-is-last-node=\"\" data-is-only-node=\"\">Cesta zp\u00e1tky do Stroblu byla stejn\u011b \u00fachvatn\u00e1, s nekone\u010dn\u00fdmi v\u00fdhledy na t\u0159pyt\u00edc\u00ed se jezera, zvln\u011bn\u00e9 zelen\u00e9 kopce a scen\u00e9ri\u00ed, kter\u00e1 v\u00e1s nut\u00ed zpomalit a opravdu si to v\u0161echno vychutnat.<\/p>\n<p>&nbsp;<\/p>\n<h3 style=\"text-align: center;\"><\/h3>\n<\/div><\/div><\/div><\/div><div class=\"et_pb_row_6 et_pb_row et_block_row\"><div class=\"et_pb_column_7 et_pb_column et_pb_column_1_3 et_block_column et_pb_css_mix_blend_mode_passthrough\"><div class=\"et_pb_image_0 et_pb_image et_pb_module et_block_module\"><a href=\"https:\/\/www.jsltravels.com\/cs\/wp-content\/uploads\/2025\/08\/Jezero-2.jpg\" class=\"et_pb_lightbox_image\" alt=\"Matka dr\u017e\u00ed d\u00edt\u011b v n\u00e1ru\u010di nad tyrkysov\u011b modrou vodou, kolem zelen\u00e1 p\u0159\u00edroda, hory a d\u0159ev\u011bn\u00e1 chata\"><span class=\"et_pb_image_wrap\"><img loading=\"lazy\" decoding=\"async\" src=\"https:\/\/www.jsltravels.com\/cs\/wp-content\/uploads\/2025\/08\/Jezero-2.jpg\" width=\"600\" height=\"800\" srcset=\"https:\/\/www.jsltravels.com\/cs\/wp-content\/uploads\/2025\/08\/Jezero-2.jpg 600w, https:\/\/www.jsltravels.com\/cs\/wp-content\/uploads\/2025\/08\/Jezero-2-480x640.jpg 480w\" sizes=\"(min-width: 0px) and (max-width: 480px) 480px, (min-width: 481px) 600px, 100vw\" class=\"wp-image-267521\" title=\"Jezero\" alt=\"Matka dr\u017e\u00ed d\u00edt\u011b v n\u00e1ru\u010di nad tyrkysov\u011b modrou vodou, kolem zelen\u00e1 p\u0159\u00edroda, hory a d\u0159ev\u011bn\u00e1 chata\" \/><\/span><\/a><\/div><\/div><div class=\"et_pb_column_8 et_pb_column et_pb_column_1_3 et_block_column et_pb_css_mix_blend_mode_passthrough\"><div class=\"et_pb_image_1 et_pb_image et_pb_module et_block_module\"><a href=\"https:\/\/www.jsltravels.com\/cs\/wp-content\/uploads\/2025\/08\/Stezka.jpg\" class=\"et_pb_lightbox_image\" alt=\"Stezka pod zamra\u010denou oblohou, kolem tr\u00e1va a \u017elut\u00e9 pampeli\u0161ky\"><span class=\"et_pb_image_wrap\"><img loading=\"lazy\" decoding=\"async\" src=\"https:\/\/www.jsltravels.com\/cs\/wp-content\/uploads\/2025\/08\/Stezka.jpg\" width=\"600\" height=\"800\" srcset=\"https:\/\/www.jsltravels.com\/cs\/wp-content\/uploads\/2025\/08\/Stezka.jpg 600w, https:\/\/www.jsltravels.com\/cs\/wp-content\/uploads\/2025\/08\/Stezka-480x640.jpg 480w\" sizes=\"(min-width: 0px) and (max-width: 480px) 480px, (min-width: 481px) 600px, 100vw\" class=\"wp-image-267532\" title=\"Stezka\" alt=\"Stezka pod zamra\u010denou oblohou, kolem tr\u00e1va a \u017elut\u00e9 pampeli\u0161ky\" \/><\/span><\/a><\/div><\/div><div class=\"et_pb_column_9 et_pb_column et_pb_column_1_3 et-last-child et_block_column et_pb_css_mix_blend_mode_passthrough\"><div class=\"et_pb_code_0 et_pb_code et_pb_module\"><div class=\"et_pb_code_inner\"><iframe loading=\"lazy\" src=\"https:\/\/www.google.com\/maps\/d\/embed?mid=1WIqpfT277p7ZOFeGpaohpHOCVHq_emI&ehbc=2E312F\" width=\"640\" height=\"480\"><\/iframe><\/div><\/div><\/div><\/div><div class=\"et_pb_row_7 et_pb_row et_block_row\"><div class=\"et_pb_column_10 et_pb_column et_pb_column_1_2 et_block_column et_pb_css_mix_blend_mode_passthrough\"><div class=\"et_pb_image_2 et_pb_image et_pb_module et_block_module\"><span class=\"et_pb_image_wrap\"><img loading=\"lazy\" decoding=\"async\" src=\"https:\/\/www.jsltravels.com\/cs\/wp-content\/uploads\/2025\/08\/Na-kolech.jpg\" width=\"800\" height=\"600\" srcset=\"https:\/\/www.jsltravels.com\/cs\/wp-content\/uploads\/2025\/08\/Na-kolech.jpg 800w, https:\/\/www.jsltravels.com\/cs\/wp-content\/uploads\/2025\/08\/Na-kolech-480x360.jpg 480w\" sizes=\"(min-width: 0px) and (max-width: 480px) 480px, (min-width: 481px) 800px, 100vw\" class=\"wp-image-267527\" title=\"Na kolech\" alt=\"Mu\u017e veze na kole mal\u00e9 d\u00edt\u011b, sc\u00e9na z hor v Rakousku\" \/><\/span><\/div><\/div><div class=\"et_pb_column_11 et_pb_column et_pb_column_1_2 et-last-child et_block_column et_pb_css_mix_blend_mode_passthrough\"><div class=\"et_pb_image_3 et_pb_image et_pb_module et_block_module\"><span class=\"et_pb_image_wrap\"><img loading=\"lazy\" decoding=\"async\" src=\"https:\/\/www.jsltravels.com\/cs\/wp-content\/uploads\/2025\/08\/Rodina-1.jpg\" width=\"800\" height=\"600\" srcset=\"https:\/\/www.jsltravels.com\/cs\/wp-content\/uploads\/2025\/08\/Rodina-1.jpg 800w, https:\/\/www.jsltravels.com\/cs\/wp-content\/uploads\/2025\/08\/Rodina-1-480x360.jpg 480w\" sizes=\"(min-width: 0px) and (max-width: 480px) 480px, (min-width: 481px) 800px, 100vw\" class=\"wp-image-267530\" title=\"Rodina\" alt=\"Rodina pozuje na kolech v rakousk\u00fdch Alp\u00e1ch\" \/><\/span><\/div><\/div><\/div><div class=\"et_pb_row_8 et_pb_row et_block_row\"><div class=\"et_pb_column_12 et_pb_column et_pb_column_4_4 et-last-child et_block_column et_pb_css_mix_blend_mode_passthrough\"><div class=\"et_pb_text_5 et_pb_text et_pb_bg_layout_light et_pb_module et_block_module\"><div class=\"et_pb_text_inner\"><h2 data-start=\"0\" data-end=\"37\">V\u00fdlet do Hallstattu (47 km\/2,5 hodiny)<\/h2>\n<p>&nbsp;<\/p>\n<p data-start=\"39\" data-end=\"443\">Pokud se nach\u00e1z\u00edte pobl\u00ed\u017e tohoto kouzeln\u00e9ho mal\u00e9ho m\u011bste\u010dka, n\u00e1v\u0161t\u011bva je povinnost\u00ed \u2013 znovu a znovu. Nikdy to neomrz\u00ed! Jedin\u00e1 nev\u00fdhoda cyklistiky tam? Rozhodnout se, co s kolem ud\u011blat, kdy\u017e doraz\u00edte. Ur\u010dit\u011b si vezm\u011bte sebou z\u00e1mek, abyste mohli kola bezpe\u010dn\u011b zamknout a pak svobodn\u011b prozkoumat m\u011bste\u010dko. Kolo si tak\u00e9 m\u016f\u017eete vz\u00edt sebou na proch\u00e1zku m\u011bstem, ale s davy lid\u00ed to nen\u00ed \u00fapln\u011b to nejlep\u0161\u00ed \u0159e\u0161en\u00ed.<\/p>\n<p data-start=\"445\" data-end=\"634\">Pokud se chcete vyhnout nejv\u011bt\u0161\u00edm dav\u016fm, zkuste nav\u0161t\u00edvit Hallstatt t\u011bsn\u011b p\u0159ed hlavn\u00ed sez\u00f3nou \u2013 skv\u011bl\u00fd \u010das je od konce dubna do za\u010d\u00e1tku kv\u011btna. Jen sledujte po\u010das\u00ed a doufejte v to nejlep\u0161\u00ed!<\/p>\n<p data-start=\"636\" data-end=\"873\" data-is-last-node=\"\" data-is-only-node=\"\">Na\u0161i j\u00edzdu jsme za\u010dali v Bad Ischlu, nechali auto na polopr\u00e1zdn\u00e9m parkovi\u0161ti u Billa (co\u017e se uk\u00e1zalo jako ide\u00e1ln\u00ed) a \u0161lapali do Hallstattu. Odtud jsme objeli cel\u00e9 jezero a vr\u00e1tili se zp\u00e1tky, u\u017e\u00edvaj\u00edc\u00ed si \u00fachvatn\u00e9 scen\u00e9rie po celou cestu.<\/p>\n<\/div><\/div><\/div><\/div><div class=\"et_pb_row_9 et_pb_row et_block_row\"><div class=\"et_pb_column_13 et_pb_column et_pb_column_1_3 et_block_column et_pb_css_mix_blend_mode_passthrough\"><div class=\"et_pb_image_4 et_pb_image et_pb_module et_block_module\"><span class=\"et_pb_image_wrap\"><img loading=\"lazy\" decoding=\"async\" src=\"https:\/\/www.jsltravels.com\/cs\/wp-content\/uploads\/2025\/08\/Namesti.jpg\" width=\"600\" height=\"800\" srcset=\"https:\/\/www.jsltravels.com\/cs\/wp-content\/uploads\/2025\/08\/Namesti.jpg 600w, https:\/\/www.jsltravels.com\/cs\/wp-content\/uploads\/2025\/08\/Namesti-480x640.jpg 480w\" sizes=\"(min-width: 0px) and (max-width: 480px) 480px, (min-width: 481px) 600px, 100vw\" class=\"wp-image-267528\" title=\"N\u00e1m\u011bst\u00ed\" alt=\"Font\u00e1na na n\u00e1m\u011bst\u00ed v Hallstattu, na n\u00ed sed\u00ed matka s d\u00edt\u011btem\" \/><\/span><\/div><\/div><div class=\"et_pb_column_14 et_pb_column et_pb_column_1_3 et_block_column et_pb_css_mix_blend_mode_passthrough\"><div class=\"et_pb_image_5 et_pb_image et_pb_module et_block_module\"><span class=\"et_pb_image_wrap\"><img loading=\"lazy\" decoding=\"async\" src=\"https:\/\/www.jsltravels.com\/cs\/wp-content\/uploads\/2025\/08\/suvenyry.jpg\" width=\"600\" height=\"800\" srcset=\"https:\/\/www.jsltravels.com\/cs\/wp-content\/uploads\/2025\/08\/suvenyry.jpg 600w, https:\/\/www.jsltravels.com\/cs\/wp-content\/uploads\/2025\/08\/suvenyry-480x640.jpg 480w\" sizes=\"(min-width: 0px) and (max-width: 480px) 480px, (min-width: 481px) 600px, 100vw\" class=\"wp-image-267534\" title=\"suven\u00fdry\" alt=\"Venkovn\u00ed obchod se suven\u00fdry v Hallstattu\" \/><\/span><\/div><\/div><div class=\"et_pb_column_15 et_pb_column et_pb_column_1_3 et-last-child et_block_column et_pb_css_mix_blend_mode_passthrough\"><div class=\"et_pb_image_6 et_pb_image et_pb_module et_block_module\"><span class=\"et_pb_image_wrap\"><img loading=\"lazy\" decoding=\"async\" src=\"https:\/\/www.jsltravels.com\/cs\/wp-content\/uploads\/2025\/08\/View-of-Hallstatt.jpg\" width=\"600\" height=\"800\" srcset=\"https:\/\/www.jsltravels.com\/cs\/wp-content\/uploads\/2025\/08\/View-of-Hallstatt.jpg 600w, https:\/\/www.jsltravels.com\/cs\/wp-content\/uploads\/2025\/08\/View-of-Hallstatt-480x640.jpg 480w\" sizes=\"(min-width: 0px) and (max-width: 480px) 480px, (min-width: 481px) 600px, 100vw\" class=\"wp-image-267536\" title=\"View of Hallstatt\" alt=\"\u017dena pozuje s m\u011bste\u010dkem Hallstatt v pozad\u00ed, vid\u011bt je kostel\u00edk, hory a zelen\u00e1 krajina\" \/><\/span><\/div><\/div><\/div><div class=\"et_pb_row_10 et_pb_row et_block_row\"><div class=\"et_pb_column_16 et_pb_column et_pb_column_1_3 et_block_column et_pb_column_empty et_pb_css_mix_blend_mode_passthrough\"><\/div><div class=\"et_pb_column_17 et_pb_column et_pb_column_1_3 et_block_column et_pb_css_mix_blend_mode_passthrough\"><div class=\"et_pb_code_1 et_pb_code et_pb_module\"><div class=\"et_pb_code_inner\"><iframe loading=\"lazy\" src=\"https:\/\/www.google.com\/maps\/d\/embed?mid=1jdz-bGxZpaOcmmQEijkBtsgAsDRkEFA&ehbc=2E312F\" width=\"640\" height=\"480\"><\/iframe><\/div><\/div><\/div><div class=\"et_pb_column_18 et_pb_column et_pb_column_1_3 et-last-child et_block_column et_pb_column_empty et_pb_css_mix_blend_mode_passthrough\"><\/div><\/div><div class=\"et_pb_row_11 et_pb_row et_block_row\"><div class=\"et_pb_column_19 et_pb_column et_pb_column_4_4 et-last-child et_block_column et_pb_css_mix_blend_mode_passthrough\"><div class=\"et_pb_text_6 et_pb_text et_pb_bg_layout_light et_pb_module et_block_module\"><div class=\"et_pb_text_inner\"><h2 data-pm-slice=\"1 1 []\">Jezero Attersee (60 km\/4 hodiny)<\/h2>\n<p>&nbsp;<\/p>\n<p data-start=\"34\" data-end=\"517\">J\u00edzda kolem jezera Attersee byla nezapomenuteln\u00fdm z\u00e1\u017eitkem \u2013 v\u00fdhledy byly naprosto \u00fachvatn\u00e9! Po cest\u011b jsme narazili na oslavu Prvn\u00edho m\u00e1je, co\u017e cel\u00fd den je\u0161t\u011b v\u00edce zp\u0159\u00edjemnilo. Mezi tunou dom\u00e1c\u00edch z\u00e1kusk\u016f bohu\u017eel nebyl ani jeden vegansk\u00fd, ale za zept\u00e1n\u00ed \u010dlov\u011bk nic ned\u00e1. Na severn\u00ed stran\u011b jezera je spousta lavi\u010dek a m\u00edst perfektn\u00edch na piknik. Jako spr\u00e1vn\u00ed \u010ce\u0161i jsme m\u011bli sva\u010diny sebou, kter\u00e9 se dost hodily. M\u016f\u017eete sledovat labut\u011b, vypustit d\u011bti na d\u011btsk\u00e1 h\u0159i\u0161t\u011b a pole\u017eet v tr\u00e1v\u011b.<\/p>\n<p data-start=\"519\" data-end=\"713\">Na\u0161\u00ed j\u00edzdu jsme za\u010dali na bezplatn\u00e9m parkovi\u0161ti, kter\u00e9 je ozna\u010deno na map\u011b. Stezka pro kola vedla hned vedle. Pokud se v t\u00e9to oblasti nach\u00e1z\u00edte, ur\u010dit\u011b si tuto trasu p\u0159idejte do sv\u00e9ho itiner\u00e1\u0159e!<\/p>\n<\/div><\/div><\/div><\/div><div class=\"et_pb_row_12 et_pb_row et_block_row\"><div class=\"et_pb_column_20 et_pb_column et_pb_column_1_3 et_block_column et_pb_css_mix_blend_mode_passthrough\"><div class=\"et_pb_image_7 et_pb_image et_pb_module et_block_module\"><span class=\"et_pb_image_wrap\"><img loading=\"lazy\" decoding=\"async\" src=\"https:\/\/www.jsltravels.com\/cs\/wp-content\/uploads\/2025\/08\/Majka.jpg\" width=\"600\" height=\"800\" srcset=\"https:\/\/www.jsltravels.com\/cs\/wp-content\/uploads\/2025\/08\/Majka.jpg 600w, https:\/\/www.jsltravels.com\/cs\/wp-content\/uploads\/2025\/08\/Majka-480x640.jpg 480w\" sizes=\"(min-width: 0px) and (max-width: 480px) 480px, (min-width: 481px) 600px, 100vw\" class=\"wp-image-267525\" title=\"Majka\" alt=\"Stav\u011bn\u00ed m\u00e1jky v rakousk\u00e9m Hallstattu, b\u00edl\u00fd a \u017elut\u00fd d\u016fm a lid\u00e9, kte\u0159\u00ed pom\u00e1haj\u00ed s jej\u00ed instalac\u00ed\" \/><\/span><\/div><\/div><div class=\"et_pb_column_21 et_pb_column et_pb_column_1_3 et_block_column et_pb_css_mix_blend_mode_passthrough\"><div class=\"et_pb_image_8 et_pb_image et_pb_module et_block_module\"><span class=\"et_pb_image_wrap\"><img loading=\"lazy\" decoding=\"async\" src=\"https:\/\/www.jsltravels.com\/cs\/wp-content\/uploads\/2025\/08\/Labuti-jezero.jpg\" width=\"600\" height=\"800\" srcset=\"https:\/\/www.jsltravels.com\/cs\/wp-content\/uploads\/2025\/08\/Labuti-jezero.jpg 600w, https:\/\/www.jsltravels.com\/cs\/wp-content\/uploads\/2025\/08\/Labuti-jezero-480x640.jpg 480w\" sizes=\"(min-width: 0px) and (max-width: 480px) 480px, (min-width: 481px) 600px, 100vw\" class=\"wp-image-267523\" title=\"Labut\u00ed jezero\" alt=\"Labu\u0165 uprost\u0159ed jezera\" \/><\/span><\/div><\/div><div class=\"et_pb_column_22 et_pb_column et_pb_column_1_3 et-last-child et_block_column et_pb_css_mix_blend_mode_passthrough\"><div class=\"et_pb_image_9 et_pb_image et_pb_module et_block_module\"><span class=\"et_pb_image_wrap\"><img loading=\"lazy\" decoding=\"async\" src=\"https:\/\/www.jsltravels.com\/cs\/wp-content\/uploads\/2025\/08\/Louka.jpg\" width=\"600\" height=\"800\" srcset=\"https:\/\/www.jsltravels.com\/cs\/wp-content\/uploads\/2025\/08\/Louka.jpg 600w, https:\/\/www.jsltravels.com\/cs\/wp-content\/uploads\/2025\/08\/Louka-480x640.jpg 480w\" sizes=\"(min-width: 0px) and (max-width: 480px) 480px, (min-width: 481px) 600px, 100vw\" class=\"wp-image-267524\" title=\"Louka\" alt=\"Louka poset\u00e1 pampeli\u0161kami, kolem lesy a modr\u00e1 obloha\" \/><\/span><\/div><\/div><\/div><div class=\"et_pb_row_13 et_pb_row et_block_row\"><div class=\"et_pb_column_23 et_pb_column et_pb_column_1_3 et_block_column et_pb_column_empty et_pb_css_mix_blend_mode_passthrough\"><\/div><div class=\"et_pb_column_24 et_pb_column et_pb_column_1_3 et_block_column et_pb_css_mix_blend_mode_passthrough\"><div class=\"et_pb_code_2 et_pb_code et_pb_module\"><div class=\"et_pb_code_inner\"><iframe loading=\"lazy\" src=\"https:\/\/www.google.com\/maps\/d\/embed?mid=1Z6N-PHLSb4A96JpXIDW_NgR7PngVPsQ&ehbc=2E312F\" width=\"640\" height=\"480\"><\/iframe><\/div><\/div><\/div><div class=\"et_pb_column_25 et_pb_column et_pb_column_1_3 et-last-child et_block_column et_pb_column_empty et_pb_css_mix_blend_mode_passthrough\"><\/div><\/div><div class=\"et_pb_row_14 et_pb_row et_block_row\"><div class=\"et_pb_column_26 et_pb_column et_pb_column_4_4 et-last-child et_block_column et_pb_css_mix_blend_mode_passthrough\"><div class=\"et_pb_text_7 et_pb_text et_pb_bg_layout_light et_pb_module et_block_module\"><div class=\"et_pb_text_inner\"><h2 data-start=\"0\" data-end=\"38\">V\u00fdlet do Salzburgu \u2013 Mozartovo rodi\u0161t\u011b<\/h2>\n<p data-start=\"40\" data-end=\"306\">Na\u0161e cesta za\u010dala v Kuchlu, kde jsme pohodln\u011b zaparkovali u Salzachsk\u00e9ho jezera, hned vedle cyklostezky. Salzburg je opravdu cyklisticky p\u0159\u00edv\u011btiv\u00e9 m\u011bsto, ale propl\u00e9tat se mezi davy lid\u00ed? To je skoro sport samo o sob\u011b! I tak jsme se tomu poddali a u\u017eili si to naplno.<\/p>\n<p data-start=\"308\" data-end=\"568\" data-is-last-node=\"\" data-is-only-node=\"\">Jedn\u00edm z nejlep\u0161\u00edch z\u00e1\u017eitk\u016f byla j\u00edzda na Hohensalzburgskou pevnost. V\u00fdstup byl n\u00e1ro\u010dn\u00fd, ale ten v\u00fdhled z vrcholu \u2013 naprosto \u00fachvatn\u00fd! Spojen\u00ed m\u011bstsk\u00e9 atmosf\u00e9ry a majest\u00e1tn\u00edch alpsk\u00fdch hor vypadalo jako z pohlednice. Opravdu to st\u00e1lo za ka\u017ed\u00fd vynalo\u017een\u00fd z\u00e1b\u011br!<\/p>\n<\/div><\/div><\/div><\/div><div class=\"et_pb_row_15 et_pb_row et_block_row\"><div class=\"et_pb_column_27 et_pb_column et_pb_column_1_3 et_block_column et_pb_css_mix_blend_mode_passthrough\"><div class=\"et_pb_image_10 et_pb_image et_pb_module et_block_module\"><span class=\"et_pb_image_wrap\"><img loading=\"lazy\" decoding=\"async\" src=\"https:\/\/www.jsltravels.com\/cs\/wp-content\/uploads\/2025\/08\/Tram.jpg\" width=\"600\" height=\"800\" srcset=\"https:\/\/www.jsltravels.com\/cs\/wp-content\/uploads\/2025\/08\/Tram.jpg 600w, https:\/\/www.jsltravels.com\/cs\/wp-content\/uploads\/2025\/08\/Tram-480x640.jpg 480w\" sizes=\"(min-width: 0px) and (max-width: 480px) 480px, (min-width: 481px) 600px, 100vw\" class=\"wp-image-267535\" title=\"Tram\" alt=\"Velk\u00e1 lanovka vyj\u00ed\u017ed\u00ed vysoko k hradu v Salzburku\" \/><\/span><\/div><\/div><div class=\"et_pb_column_28 et_pb_column et_pb_column_1_3 et_block_column et_pb_css_mix_blend_mode_passthrough\"><div class=\"et_pb_image_11 et_pb_image et_pb_module et_block_module\"><span class=\"et_pb_image_wrap\"><img loading=\"lazy\" decoding=\"async\" src=\"https:\/\/www.jsltravels.com\/cs\/wp-content\/uploads\/2025\/08\/Kola.jpg\" width=\"600\" height=\"800\" srcset=\"https:\/\/www.jsltravels.com\/cs\/wp-content\/uploads\/2025\/08\/Kola.jpg 600w, https:\/\/www.jsltravels.com\/cs\/wp-content\/uploads\/2025\/08\/Kola-480x640.jpg 480w\" sizes=\"(min-width: 0px) and (max-width: 480px) 480px, (min-width: 481px) 600px, 100vw\" class=\"wp-image-267538\" title=\"Kola\" alt=\"Velk\u00e1 lanovka vyj\u00ed\u017ed\u00ed vysoko k hradu v Salzburku\" \/><\/span><\/div><\/div><div class=\"et_pb_column_29 et_pb_column et_pb_column_1_3 et-last-child et_block_column et_pb_css_mix_blend_mode_passthrough\"><div class=\"et_pb_image_12 et_pb_image et_pb_module et_block_module\"><span class=\"et_pb_image_wrap\"><img loading=\"lazy\" decoding=\"async\" src=\"https:\/\/www.jsltravels.com\/cs\/wp-content\/uploads\/2025\/08\/Precle.jpg\" width=\"600\" height=\"800\" srcset=\"https:\/\/www.jsltravels.com\/cs\/wp-content\/uploads\/2025\/08\/Precle.jpg 600w, https:\/\/www.jsltravels.com\/cs\/wp-content\/uploads\/2025\/08\/Precle-480x640.jpg 480w\" sizes=\"(min-width: 0px) and (max-width: 480px) 480px, (min-width: 481px) 600px, 100vw\" class=\"wp-image-267539\" title=\"Precle\" alt=\"Precl\u00edky ve v\u00fdkladn\u00ed sk\u0159\u00edni\" \/><\/span><\/div><\/div><\/div><div class=\"et_pb_row_16 et_pb_row et_block_row\"><div class=\"et_pb_column_30 et_pb_column et_pb_column_1_2 et_block_column et_pb_css_mix_blend_mode_passthrough\"><div class=\"et_pb_image_13 et_pb_image et_pb_module et_block_module\"><span class=\"et_pb_image_wrap\"><img loading=\"lazy\" decoding=\"async\" src=\"https:\/\/www.jsltravels.com\/cs\/wp-content\/uploads\/2025\/08\/Salzburg-Hrad.jpg\" width=\"800\" height=\"600\" srcset=\"https:\/\/www.jsltravels.com\/cs\/wp-content\/uploads\/2025\/08\/Salzburg-Hrad.jpg 800w, https:\/\/www.jsltravels.com\/cs\/wp-content\/uploads\/2025\/08\/Salzburg-Hrad-480x360.jpg 480w\" sizes=\"(min-width: 0px) and (max-width: 480px) 480px, (min-width: 481px) 800px, 100vw\" class=\"wp-image-267540\" title=\"Salzburg Hrad\" alt=\"Hrad v Salzburgu pod modrou oblohou\" \/><\/span><\/div><\/div><div class=\"et_pb_column_31 et_pb_column et_pb_column_1_2 et-last-child et_block_column et_pb_css_mix_blend_mode_passthrough\"><div class=\"et_pb_code_3 et_pb_code et_pb_module\"><div class=\"et_pb_code_inner\"><iframe loading=\"lazy\" src=\"https:\/\/www.google.com\/maps\/d\/embed?mid=1uvF2nfiWJawHo0bBZstr8GF_Natm-_k&ehbc=2E312F\" width=\"640\" height=\"480\"><\/iframe><\/div><\/div><\/div><\/div><div class=\"et_pb_row_17 et_pb_row et_block_row\"><div class=\"et_pb_column_32 et_pb_column et_pb_column_4_4 et-last-child et_block_column et_pb_css_mix_blend_mode_passthrough\"><div class=\"et_pb_text_8 et_pb_text et_pb_bg_layout_light et_pb_module et_block_module\"><div class=\"et_pb_text_inner\"><div dir=\"ltr\" style=\"text-align: center;\">\n<h2 data-start=\"0\" data-end=\"11\">Wolfgangsee<\/h2>\n<p data-start=\"13\" data-end=\"429\" data-is-last-node=\"\" data-is-only-node=\"\">Na\u0161e j\u00edzda kolem Wolfgangsee byla \u00fa\u017easn\u00e1! Abychom trochu zm\u011bnili rytmus, zvolili jsme krat\u0161\u00ed trasu \u2013 cyklistika ze Stroblu do Sankt Gilgenu, pak trajekt do Ried Falkenstein a n\u00e1sledn\u011b jsme \u0161lapali do St. Wolfgangu a zp\u011bt do Stroblu. Vstupenky na trajekt st\u00e1ly 7,50 dolaru na osobu a stejn\u00e9 mno\u017estv\u00ed i za kolo, k zakoupen\u00ed na p\u0159\u00edstavn\u00ed pokladn\u011b. Bylo to skv\u011bl\u00e9 zpest\u0159en\u00ed na\u0161eho v\u00fdletu a n\u011bco, co bavilo na\u0161eho mal\u00e9ho!<\/p>\n<\/div>\n<div dir=\"ltr\">\n<blockquote>\n<div dir=\"ltr\"><\/div>\n<\/blockquote>\n<\/div>\n<p>&nbsp;<\/p>\n<\/div><\/div><\/div><\/div><div class=\"et_pb_row_18 et_pb_row et_block_row\"><div class=\"et_pb_column_33 et_pb_column et_pb_column_1_3 et_block_column et_pb_css_mix_blend_mode_passthrough\"><div class=\"et_pb_image_14 et_pb_image et_pb_module et_block_module\"><span class=\"et_pb_image_wrap\"><img loading=\"lazy\" decoding=\"async\" src=\"https:\/\/www.jsltravels.com\/cs\/wp-content\/uploads\/2025\/08\/Rakousko.jpg\" width=\"800\" height=\"600\" srcset=\"https:\/\/www.jsltravels.com\/cs\/wp-content\/uploads\/2025\/08\/Rakousko.jpg 800w, https:\/\/www.jsltravels.com\/cs\/wp-content\/uploads\/2025\/08\/Rakousko-480x360.jpg 480w\" sizes=\"(min-width: 0px) and (max-width: 480px) 480px, (min-width: 481px) 800px, 100vw\" class=\"wp-image-267541\" title=\"Rakousko\" alt=\"\u017dena sed\u00ed s drinkem na molu a d\u00edv\u00e1 se na sv\u011btle tyrkysovou vodu s kopci za n\u00ed\" \/><\/span><\/div><\/div><div class=\"et_pb_column_34 et_pb_column et_pb_column_1_3 et_block_column et_pb_css_mix_blend_mode_passthrough\"><div class=\"et_pb_image_15 et_pb_image et_pb_module et_block_module\"><span class=\"et_pb_image_wrap\"><img loading=\"lazy\" decoding=\"async\" src=\"https:\/\/www.jsltravels.com\/cs\/wp-content\/uploads\/2025\/08\/Molo.jpg\" width=\"800\" height=\"600\" srcset=\"https:\/\/www.jsltravels.com\/cs\/wp-content\/uploads\/2025\/08\/Molo.jpg 800w, https:\/\/www.jsltravels.com\/cs\/wp-content\/uploads\/2025\/08\/Molo-480x360.jpg 480w\" sizes=\"(min-width: 0px) and (max-width: 480px) 480px, (min-width: 481px) 800px, 100vw\" class=\"wp-image-267526\" title=\"Molo\" alt=\"Molo s malou lo\u010fkou, v d\u00e1lce kostel v Rakousku\" \/><\/span><\/div><\/div><div class=\"et_pb_column_35 et_pb_column et_pb_column_1_3 et-last-child et_block_column et_pb_css_mix_blend_mode_passthrough\"><div class=\"et_pb_image_16 et_pb_image et_pb_module et_block_module\"><span class=\"et_pb_image_wrap\"><img loading=\"lazy\" decoding=\"async\" src=\"https:\/\/www.jsltravels.com\/cs\/wp-content\/uploads\/2025\/08\/Voda.jpg\" width=\"800\" height=\"600\" srcset=\"https:\/\/www.jsltravels.com\/cs\/wp-content\/uploads\/2025\/08\/Voda.jpg 800w, https:\/\/www.jsltravels.com\/cs\/wp-content\/uploads\/2025\/08\/Voda-480x360.jpg 480w\" sizes=\"(min-width: 0px) and (max-width: 480px) 480px, (min-width: 481px) 800px, 100vw\" class=\"wp-image-267542\" title=\"Voda\" alt=\"D\u0159ev\u011bn\u00e1 bouda s molem u pr\u016fzra\u010dn\u00e9 vody a horami v pozad\u00ed\" \/><\/span><\/div><\/div><\/div><div class=\"et_pb_row_19 et_pb_row et_block_row\"><div class=\"et_pb_column_36 et_pb_column et_pb_column_1_3 et_block_column et_pb_column_empty et_pb_css_mix_blend_mode_passthrough\"><\/div><div class=\"et_pb_column_37 et_pb_column et_pb_column_1_3 et_block_column et_pb_css_mix_blend_mode_passthrough\"><div class=\"et_pb_code_4 et_pb_code et_pb_module\"><div class=\"et_pb_code_inner\"><iframe loading=\"lazy\" src=\"https:\/\/www.google.com\/maps\/d\/embed?mid=1V_gCH3vdxj-r2QCopTjeekkCmEewW2w&ehbc=2E312F\" width=\"640\" height=\"480\"><\/iframe><\/div><\/div><\/div><div class=\"et_pb_column_38 et_pb_column et_pb_column_1_3 et-last-child et_block_column et_pb_column_empty et_pb_css_mix_blend_mode_passthrough\"><\/div><\/div><div class=\"et_pb_row_20 et_pb_row et_block_row\"><div class=\"et_pb_column_39 et_pb_column et_pb_column_4_4 et-last-child et_block_column et_pb_css_mix_blend_mode_passthrough\"><div class=\"et_pb_text_9 et_pb_text et_pb_bg_layout_light et_pb_module et_block_module\"><div class=\"et_pb_text_inner\"><h3 style=\"text-align: center;\">Vych\u00e1zka nakonec<\/h3>\n<div dir=\"ltr\" style=\"text-align: center;\">\n<p>&nbsp;<\/p>\n<\/div>\n<h3 style=\"text-align: center;\"><\/h3>\n<\/div><\/div><div class=\"et_pb_text_10 et_pb_text et_pb_bg_layout_light et_pb_module et_block_module\"><div class=\"et_pb_text_inner\"><div dir=\"ltr\" style=\"text-align: center;\">Ur\u010dit\u011b nevynechejte p\u0159\u00edle\u017eitost proj\u00edt se po jezern\u00ed promen\u00e1d\u011b ve Stroblu. Nab\u00edz\u00ed \u00fachvatn\u00fd v\u00fdhled na slunce, kter\u00e9 zapad\u00e1 za hory a oza\u0159uje vodu z\u00e1\u0159iv\u00fdmi odst\u00edny. Je to ide\u00e1ln\u00ed m\u00edsto pro nezapomenuteln\u00fd z\u00e1\u017eitek ze z\u00e1padu slunce!<\/div>\n<div dir=\"ltr\">\n<blockquote>\n<div dir=\"ltr\"><\/div>\n<\/blockquote>\n<\/div>\n<p>&nbsp;<\/p>\n<\/div><\/div><\/div><\/div><div class=\"et_pb_row_21 et_pb_row et_block_row\"><div class=\"et_pb_column_40 et_pb_column et_pb_column_1_3 et_block_column et_pb_css_mix_blend_mode_passthrough\"><div class=\"et_pb_image_17 et_pb_image et_pb_module et_block_module\"><span class=\"et_pb_image_wrap\"><img loading=\"lazy\" decoding=\"async\" src=\"https:\/\/www.jsltravels.com\/cs\/wp-content\/uploads\/2025\/08\/Jezero-Rakousko.jpg\" width=\"600\" height=\"800\" srcset=\"https:\/\/www.jsltravels.com\/cs\/wp-content\/uploads\/2025\/08\/Jezero-Rakousko.jpg 600w, https:\/\/www.jsltravels.com\/cs\/wp-content\/uploads\/2025\/08\/Jezero-Rakousko-480x640.jpg 480w\" sizes=\"(min-width: 0px) and (max-width: 480px) 480px, (min-width: 481px) 600px, 100vw\" class=\"wp-image-267520\" title=\"Jezero Rakousko\" alt=\"\u017dena sed\u00ed na z\u00e1bradl\u00ed a d\u00edv\u00e1 se do pr\u016fzra\u010dn\u00e9 vody, v pozad\u00ed hory\" \/><\/span><\/div><\/div><div class=\"et_pb_column_41 et_pb_column et_pb_column_1_3 et_block_column et_pb_css_mix_blend_mode_passthrough\"><div class=\"et_pb_image_18 et_pb_image et_pb_module et_block_module\"><span class=\"et_pb_image_wrap\"><img loading=\"lazy\" decoding=\"async\" src=\"https:\/\/www.jsltravels.com\/cs\/wp-content\/uploads\/2025\/08\/Odraz.jpg\" width=\"600\" height=\"800\" srcset=\"https:\/\/www.jsltravels.com\/cs\/wp-content\/uploads\/2025\/08\/Odraz.jpg 600w, https:\/\/www.jsltravels.com\/cs\/wp-content\/uploads\/2025\/08\/Odraz-480x640.jpg 480w\" sizes=\"(min-width: 0px) and (max-width: 480px) 480px, (min-width: 481px) 600px, 100vw\" class=\"wp-image-267543\" title=\"Odraz\" alt=\"Pr\u016fzra\u010dn\u00e1 voda s kameny a horami v d\u00e1lce\" \/><\/span><\/div><\/div><div class=\"et_pb_column_42 et_pb_column et_pb_column_1_3 et-last-child et_block_column et_pb_css_mix_blend_mode_passthrough\"><div class=\"et_pb_image_19 et_pb_image et_pb_module et_block_module\"><span class=\"et_pb_image_wrap\"><img loading=\"lazy\" decoding=\"async\" src=\"https:\/\/www.jsltravels.com\/cs\/wp-content\/uploads\/2025\/08\/Pohoda.jpg\" width=\"600\" height=\"800\" srcset=\"https:\/\/www.jsltravels.com\/cs\/wp-content\/uploads\/2025\/08\/Pohoda.jpg 600w, https:\/\/www.jsltravels.com\/cs\/wp-content\/uploads\/2025\/08\/Pohoda-480x640.jpg 480w\" sizes=\"(min-width: 0px) and (max-width: 480px) 480px, (min-width: 481px) 600px, 100vw\" class=\"wp-image-267544\" title=\"Pohoda\" alt=\"\u017dena a d\u00edt\u011b sed\u00ed na d\u0159ev\u011bn\u00fdch lavi\u010dk\u00e1ch a sleduj\u00ed z\u00e1pad slunce nad jezerem\" \/><\/span><\/div><\/div><\/div><div class=\"et_pb_row_22 et_pb_row et_block_row\"><div class=\"et_pb_column_43 et_pb_column et_pb_column_1_2 et_block_column et_pb_css_mix_blend_mode_passthrough\"><div class=\"et_pb_image_20 et_pb_image et_pb_module et_block_module\"><span class=\"et_pb_image_wrap\"><img loading=\"lazy\" decoding=\"async\" src=\"https:\/\/www.jsltravels.com\/cs\/wp-content\/uploads\/2025\/08\/Strobl.jpg\" width=\"800\" height=\"600\" srcset=\"https:\/\/www.jsltravels.com\/cs\/wp-content\/uploads\/2025\/08\/Strobl.jpg 800w, https:\/\/www.jsltravels.com\/cs\/wp-content\/uploads\/2025\/08\/Strobl-480x360.jpg 480w\" sizes=\"(min-width: 0px) and (max-width: 480px) 480px, (min-width: 481px) 800px, 100vw\" class=\"wp-image-267533\" title=\"Strobl\" alt=\"Odraz hor a zapadu slunce na hladin\u011b vody v Rakousku\" \/><\/span><\/div><\/div><div class=\"et_pb_column_44 et_pb_column et_pb_column_1_2 et-last-child et_block_column et_pb_css_mix_blend_mode_passthrough\"><div class=\"et_pb_image_21 et_pb_image et_pb_module et_block_module\"><span class=\"et_pb_image_wrap\"><img loading=\"lazy\" decoding=\"async\" src=\"https:\/\/www.jsltravels.com\/cs\/wp-content\/uploads\/2025\/08\/Sunset.jpg\" width=\"800\" height=\"600\" srcset=\"https:\/\/www.jsltravels.com\/cs\/wp-content\/uploads\/2025\/08\/Sunset.jpg 800w, https:\/\/www.jsltravels.com\/cs\/wp-content\/uploads\/2025\/08\/Sunset-480x360.jpg 480w\" sizes=\"(min-width: 0px) and (max-width: 480px) 480px, (min-width: 481px) 800px, 100vw\" class=\"wp-image-267545\" title=\"Sunset\" alt=\"Z\u00e1pad slunce nad vodou, zelen\u00e9 hory a d\u0159ev\u011bn\u00e1 bouda\" \/><\/span><\/div><\/div><\/div><div class=\"et_pb_row_23 et_pb_row et_block_row\"><div class=\"et_pb_column_45 et_pb_column et_pb_column_4_4 et-last-child et_block_column et_pb_css_mix_blend_mode_passthrough\"><div class=\"et_pb_code_5 et_pb_code et_pb_text_align_center et_clickable et_pb_module\"><div class=\"et_pb_code_inner\">MAPY - Interaktivn\u00ed mapu otev\u0159ete kliknut\u00edm na fotky map. Za\u0161krtnut\u00edm zvolte trasy, kter\u00e9 chcete zobrazit.<\/div><\/div><\/div><\/div><div class=\"et_pb_row_24 et_pb_row et_block_row\"><div class=\"et_pb_column_46 et_pb_column et_pb_column_4_4 et-last-child et_block_column et_pb_css_mix_blend_mode_passthrough\"><div class=\"et_pb_text_11 et_pb_text et_pb_bg_layout_light et_pb_module et_block_module et_pb_text_align_center\"><div class=\"et_pb_text_inner\"><p><span>For more European town recommendations,\u00a0<\/span><a href=\"http:\/\/jsltravels.com\/europe\/\" target=\"_blank\" rel=\"noopener\">click here! \u2728<\/a><\/p>\n<\/div><\/div><\/div><\/div><div class=\"et_pb_row_25 et_pb_row et_block_row\"><div class=\"et_pb_column_47 et_pb_column et_pb_column_4_4 et-last-child et_block_column et_pb_css_mix_blend_mode_passthrough\"><div class=\"et_pb_code_6 et_pb_code et_pb_module\"><div class=\"et_pb_code_inner\"><script async src=\"https:\/\/c108.travelpayouts.com\/content?trs=336892&shmarker=560753&place=rakousko&items=3&locale=en-US&powered_by=true&promo_id=4039\" charset=\"utf-8\"><\/script><\/div><\/div><\/div><\/div><\/div><div class=\"et_pb_section_2 et_pb_section et_section_regular et_block_section\"><div class=\"et_pb_row_26 et_pb_row et_block_row\"><div class=\"et_pb_column_48 et_pb_column et_pb_column_4_4 et-last-child et_block_column et_pb_css_mix_blend_mode_passthrough\"><div class=\"et_pb_text_12 et_pb_text et_pb_bg_layout_light et_pb_module et_block_module preset--module--divi-text--6a37cb13-2b94-42a8-bab7-ee75b1380e65\"><div class=\"et_pb_text_inner\"><p><strong>Upozorn\u011bn\u00ed<\/strong>: Tato \u010d\u00e1st obsahuje <strong>affiliate odkazy<\/strong>. To znamen\u00e1, \u017ee pokud kliknete a n\u011bco si koup\u00edte nebo zarezervujete, mohu z\u00edskat malou provizi \u2014 **<strong>bez jak\u00fdchkoli dodate\u010dn\u00fdch n\u00e1klad\u016f pro v\u00e1s<\/strong>**. Doporu\u010duji pouze slu\u017eby, kter\u00e9 sama pou\u017e\u00edv\u00e1m nebo kter\u00fdm opravdu v\u011b\u0159\u00edm. D\u011bkuji, \u017ee t\u00edmto zp\u016fsobem podporujete m\u016fj blog!<\/p>\n<p>&nbsp;<\/p>\n<\/div><\/div><\/div><\/div><div class=\"et_pb_row_27 et_pb_row et_pb_row_5col et_block_row et_block_row_5col\"><div class=\"et_pb_column_49 et_pb_column et_pb_column_1_5 et_block_column et_pb_css_mix_blend_mode_passthrough\"><div class=\"et_pb_text_13 et_pb_text et_pb_bg_layout_light et_pb_module et_block_module preset--module--divi-text--6a37cb13-2b94-42a8-bab7-ee75b1380e65\"><div class=\"et_pb_text_inner\"><p style=\"text-align: center;\"><strong>Cestuj chyt\u0159e a levn\u011bji<\/strong><\/p>\n<\/div><\/div><div class=\"et_pb_image_22 et_pb_image et_pb_module et_block_module\"><span class=\"et_pb_image_wrap\"><img loading=\"lazy\" decoding=\"async\" src=\"https:\/\/www.jsltravels.com\/cs\/wp-content\/uploads\/2025\/07\/letiste-airport.png\" width=\"980\" height=\"980\" srcset=\"https:\/\/www.jsltravels.com\/cs\/wp-content\/uploads\/2025\/07\/letiste-airport.png 980w, https:\/\/www.jsltravels.com\/cs\/wp-content\/uploads\/2025\/07\/letiste-airport-480x480.png 480w\" sizes=\"(min-width: 0px) and (max-width: 480px) 480px, (min-width: 481px) 980px, 100vw\" class=\"wp-image-267026\" title=\"letiste-airport\" alt=\"Blue suitcase with a yellow stripe, featuring a handle and wheels. Attached is a luggage tag with an airplane symbol, conveying travel.\" \/><\/span><\/div><div class=\"et_pb_blurb_0 et_pb_blurb et_pb_bg_layout_light et_pb_text_align_center et_pb_blurb_position_top et_pb_module et_block_module\"><div class=\"et_pb_blurb_content\"><div class=\"et_pb_main_blurb_image\"><span class=\"et_pb_image_wrap et_pb_only_image_mode_wrap\"><img decoding=\"async\" src=\"http:\/\/jsltravels.com\/wp-content\/uploads\/2024\/10\/letiste-airport.png\" \/><\/span><\/div><div class=\"et_pb_blurb_container\"><div class=\"et_pb_blurb_description\"><p>Ne\u010dekej a vyraz hned! Najdi nejlep\u0161\u00ed letenky za super ceny a za\u010dni sv\u00e9 dal\u0161\u00ed dobrodru\u017estv\u00ed je\u0161t\u011b dnes! \u21d3<\/p>\n<p><a href=\"https:\/\/cheapoair.tpx.lt\/L8xJmq7q\" target=\"_blank\" rel=\"noopener\"> flight deals<\/a>\u00a0<\/p>\n<\/div><\/div><\/div><\/div><\/div><div class=\"et_pb_column_50 et_pb_column et_pb_column_1_5 et_block_column et_pb_css_mix_blend_mode_passthrough\"><div class=\"et_pb_text_14 et_pb_text et_pb_bg_layout_light et_pb_module et_block_module preset--module--divi-text--6a37cb13-2b94-42a8-bab7-ee75b1380e65\"><div class=\"et_pb_text_inner\"><p style=\"text-align: center;\"><strong>Najdi ubytov\u00e1n\u00ed na m\u00edru<\/strong><\/p>\n<\/div><\/div><div class=\"et_pb_image_23 et_pb_image et_pb_module et_block_module\"><span class=\"et_pb_image_wrap\"><img loading=\"lazy\" decoding=\"async\" src=\"https:\/\/www.jsltravels.com\/cs\/wp-content\/uploads\/2025\/07\/hotel-zvonek.png\" width=\"980\" height=\"980\" srcset=\"https:\/\/www.jsltravels.com\/cs\/wp-content\/uploads\/2025\/07\/hotel-zvonek.png 980w, https:\/\/www.jsltravels.com\/cs\/wp-content\/uploads\/2025\/07\/hotel-zvonek-480x480.png 480w\" sizes=\"(min-width: 0px) and (max-width: 480px) 480px, (min-width: 481px) 980px, 100vw\" class=\"wp-image-267027\" title=\"hotel-zvonek\" alt=\"Illustration of a blue hotel door hanger with a yellow service bell on it. The bell has motion lines, suggesting ringing, conveying prompt service.\" \/><\/span><\/div><div class=\"et_pb_blurb_1 et_pb_blurb et_pb_bg_layout_light et_pb_text_align_center et_pb_blurb_position_top et_pb_module et_block_module\"><div class=\"et_pb_blurb_content\"><div class=\"et_pb_main_blurb_image\"><span class=\"et_pb_image_wrap et_pb_only_image_mode_wrap\"><img decoding=\"async\" src=\"http:\/\/jsltravels.com\/wp-content\/uploads\/2024\/10\/hotel-zvonek.png\" \/><\/span><\/div><div class=\"et_pb_blurb_container\"><div class=\"et_pb_blurb_description\"><p>Najdi ubytov\u00e1n\u00ed podle sv\u00fdch p\u0159edstav na <a href=\"https:\/\/booking.tp.st\/bU1dhdHU\" target=\"_blank\" rel=\"noopener\">Booking.com<\/a> nebo <a href=\"https:\/\/agoda.tp.st\/ybqLuoG3\" target=\"_blank\" rel=\"noopener\">Agoda.com<\/a><\/p>\n<\/div><\/div><\/div><\/div><\/div><div class=\"et_pb_column_51 et_pb_column et_pb_column_1_5 et_block_column et_pb_css_mix_blend_mode_passthrough\"><div class=\"et_pb_text_15 et_pb_text et_pb_bg_layout_light et_pb_module et_block_module preset--module--divi-text--6a37cb13-2b94-42a8-bab7-ee75b1380e65\"><div class=\"et_pb_text_inner\"><p style=\"text-align: center;\"><strong>Cestuj stylov\u011b<\/strong><\/p>\n<\/div><\/div><div class=\"et_pb_image_24 et_pb_image et_pb_module et_block_module\"><span class=\"et_pb_image_wrap\"><img loading=\"lazy\" decoding=\"async\" src=\"https:\/\/www.jsltravels.com\/cs\/wp-content\/uploads\/2025\/07\/pujcovna-rent-car.png\" width=\"980\" height=\"980\" srcset=\"https:\/\/www.jsltravels.com\/cs\/wp-content\/uploads\/2025\/07\/pujcovna-rent-car.png 980w, https:\/\/www.jsltravels.com\/cs\/wp-content\/uploads\/2025\/07\/pujcovna-rent-car-480x480.png 480w\" sizes=\"(min-width: 0px) and (max-width: 480px) 480px, (min-width: 481px) 980px, 100vw\" class=\"wp-image-267028\" title=\"pujcovna-rent-car\" alt=\"A pair of yellow keys attached to a blue key tag featuring a simple black car icon. The image conveys vehicle-related themes.\" \/><\/span><\/div><div class=\"et_pb_blurb_2 et_pb_blurb et_pb_bg_layout_light et_pb_blurb_position_top et_pb_module et_block_module\"><div class=\"et_pb_blurb_content\"><div class=\"et_pb_main_blurb_image\"><span class=\"et_pb_image_wrap et_pb_only_image_mode_wrap\"><img decoding=\"async\" src=\"http:\/\/jsltravels.com\/wp-content\/uploads\/2024\/10\/pujcovna-rent-car.png\" \/><\/span><\/div><div class=\"et_pb_blurb_container\"><div class=\"et_pb_blurb_description\"><p style=\"text-align: center;\">Rezervuj si auto podle sv\u00fdch p\u0159edstav s\u00a0<a href=\"https:\/\/rentalcars.tp.st\/2tvWugZd\" target=\"_blank\" rel=\"noopener\">Rentalcars.<\/a><\/p>\n<\/div><\/div><\/div><\/div><\/div><div class=\"et_pb_column_52 et_pb_column et_pb_column_1_5 et_block_column et_pb_css_mix_blend_mode_passthrough\"><div class=\"et_pb_text_16 et_pb_text et_pb_bg_layout_light et_pb_module et_block_module preset--module--divi-text--6a37cb13-2b94-42a8-bab7-ee75b1380e65\"><div class=\"et_pb_text_inner\"><p style=\"text-align: center;\"><strong>Bezpe\u010dn\u011b na internetu<\/strong><\/p>\n<\/div><\/div><div class=\"et_pb_image_25 et_pb_image et_pb_module et_block_module\"><span class=\"et_pb_image_wrap\"><img loading=\"lazy\" decoding=\"async\" src=\"https:\/\/www.jsltravels.com\/cs\/wp-content\/uploads\/2025\/07\/wifi-sit.png\" width=\"980\" height=\"980\" srcset=\"https:\/\/www.jsltravels.com\/cs\/wp-content\/uploads\/2025\/07\/wifi-sit.png 980w, https:\/\/www.jsltravels.com\/cs\/wp-content\/uploads\/2025\/07\/wifi-sit-480x480.png 480w\" sizes=\"(min-width: 0px) and (max-width: 480px) 480px, (min-width: 481px) 980px, 100vw\" class=\"wp-image-267029\" title=\"wifi-sit\" alt=\"Three curved blue lines form a Wi-Fi symbol above a yellow circle, on a white background. The design suggests connectivity and modern technology.\" \/><\/span><\/div><div class=\"et_pb_blurb_3 et_pb_blurb et_pb_bg_layout_light et_pb_blurb_position_top et_pb_module et_block_module\"><div class=\"et_pb_blurb_content\"><div class=\"et_pb_main_blurb_image\"><span class=\"et_pb_image_wrap et_pb_only_image_mode_wrap\"><img decoding=\"async\" src=\"http:\/\/jsltravels.com\/wp-content\/uploads\/2024\/10\/wifi-sit.png\" \/><\/span><\/div><div class=\"et_pb_blurb_container\"><div class=\"et_pb_blurb_description\"><p>Cestuj bezpe\u010dn\u011b, chra\u0148 sv\u00e1 data s VPN od <a href=\"https:\/\/get.surfshark.net\/aff_c?offer_id=1679&amp;aff_id=34459&amp;source=www.jsltravels.com\" target=\"_blank\" rel=\"noopener\">Surfshark.<\/a><\/p>\n<\/div><\/div><\/div><\/div><\/div><div class=\"et_pb_column_53 et_pb_column et_pb_column_1_5 et-last-child et_block_column et_pb_css_mix_blend_mode_passthrough\"><div class=\"et_pb_text_17 et_pb_text et_pb_bg_layout_light et_pb_module et_block_module preset--module--divi-text--6a37cb13-2b94-42a8-bab7-ee75b1380e65\"><div class=\"et_pb_text_inner\"><p style=\"text-align: center;\"><strong>Kup si l\u00edstek dop\u0159edu<\/strong><\/p>\n<\/div><\/div><div class=\"et_pb_image_26 et_pb_image et_pb_module et_block_module\"><span class=\"et_pb_image_wrap\"><img loading=\"lazy\" decoding=\"async\" src=\"https:\/\/www.jsltravels.com\/cs\/wp-content\/uploads\/2025\/07\/vstupenka-ticket.png\" width=\"980\" height=\"980\" srcset=\"https:\/\/www.jsltravels.com\/cs\/wp-content\/uploads\/2025\/07\/vstupenka-ticket.png 980w, https:\/\/www.jsltravels.com\/cs\/wp-content\/uploads\/2025\/07\/vstupenka-ticket-480x480.png 480w\" sizes=\"(min-width: 0px) and (max-width: 480px) 480px, (min-width: 481px) 980px, 100vw\" class=\"wp-image-267030\" title=\"vstupenka-ticket\" alt=\"A stylized blue ticket with a yellow top edge featuring numbers. It has the word &quot;TICKET&quot; written in bold blue letters and a yellow circle accent.\" \/><\/span><\/div><div class=\"et_pb_blurb_4 et_pb_blurb et_pb_bg_layout_light et_pb_text_align_center et_pb_blurb_position_top et_pb_module et_block_module\"><div class=\"et_pb_blurb_content\"><div class=\"et_pb_main_blurb_image\"><span class=\"et_pb_image_wrap et_pb_only_image_mode_wrap\"><img decoding=\"async\" src=\"http:\/\/jsltravels.com\/wp-content\/uploads\/2024\/10\/vstupenka-ticket.png\" \/><\/span><\/div><div class=\"et_pb_blurb_container\"><div class=\"et_pb_blurb_description\"><p>Kup vstupenky na <a href=\"https:\/\/getyourguide.tp.st\/zP4xD4xO\" target=\"_blank\" rel=\"noopener\">nejlep\u0161\u00ed prohl\u00eddky a atrakce<\/a> p\u0159edem.<br \/><a href=\"https:\/\/getyourguide.tp.st\/zP4xD4xO\" target=\"_blank\" rel=\"noopener\"><\/a>\u00a0<\/p>\n<\/div><\/div><\/div><\/div><\/div><\/div><\/div><div class=\"et_pb_section_3 et_pb_section et_section_regular et_block_section\"><div class=\"et_pb_row_28 et_pb_row et_block_row\"><div class=\"et_pb_column_54 et_pb_column et_pb_column_4_4 et-last-child et_block_column et_pb_css_mix_blend_mode_passthrough\"><div class=\"et_pb_post_nav_0 et_pb_posts_nav nav-single et_pb_module et_flex_module\"><span class=\"nav-previous\"><a href=\"https:\/\/www.jsltravels.com\/cs\/kjeragbolten-odvazili-byste-se\" rel=\"prev\" class=\"\"><span class=\"meta-nav\">&larr; <\/span><span class=\"nav-label\">Kjeragbolten \u2013 Odv\u00e1\u017eili byste se?<\/span><\/a><\/span><span class=\"nav-next\"><a href=\"https:\/\/www.jsltravels.com\/cs\/pruvodce-prahou-co-videt\" rel=\"next\" class=\"\"><span class=\"nav-label\">Pr\u016fvodce Prahou: Co vid\u011bt<\/span><span class=\"meta-nav\"> &rarr;<\/span><\/a><\/span><\/div><\/div><\/div><\/div><div class=\"et_pb_section_4 et_pb_section et_section_regular et_block_section\"><div class=\"et_pb_row_29 et_pb_row et_block_row\"><div class=\"et_pb_column_55 et_pb_column et_pb_column_4_4 et-last-child et_block_column et_pb_css_mix_blend_mode_passthrough\"><div class=\"et_pb_blog_0 et_pb_blog et_pb_bg_layout_light et_pb_posts et_pb_module\"><div class=\"et_pb_ajax_pagination_container\"><div class=\"et_pb_posts et_grid_module\"><article class=\"et_pb_post et_pb_post_id_268731 clearfix et_pb_blog_item_0_0 post-268731 post type-post status-publish format-standard has-post-thumbnail hentry category-destinace category-kalifornie category-severni-amerika category-uncategorized category-zivot-v-usa\"><div class=\"et_pb_image_container\"><a href=\"https:\/\/www.jsltravels.com\/cs\/meho-psa-ustknul-chrestys-v-los-angeles\" class=\"entry-featured-image-url\"><img loading=\"lazy\" decoding=\"async\" src=\"https:\/\/www.jsltravels.com\/cs\/wp-content\/uploads\/2026\/03\/rattlesnake-LA.png\" width=\"1536\" height=\"1024\" alt=\"Coiled rattlesnake at sunset\" class=\"\" \/><span data-icon=\"\ue050\" class=\"et_overlay et_pb_inline_icon\"><\/span><\/a><\/div><h2 class=\"entry-title\"><a href=\"https:\/\/www.jsltravels.com\/cs\/meho-psa-ustknul-chrestys-v-los-angeles\">M\u00e9ho psa u\u0161tknul ch\u0159est\u00fd\u0161 v Los Angeles<\/a><\/h2><p class=\"post-meta\"><span class=\"entry-categories\"><a href=\"https:\/\/www.jsltravels.com\/cs\/category\/destinace\" rel=\"tag\">Destinace<\/a>, <a href=\"https:\/\/www.jsltravels.com\/cs\/category\/destinace\/severni-amerika\/kalifornie\" rel=\"tag\">Kalifornie<\/a>, <a href=\"https:\/\/www.jsltravels.com\/cs\/category\/destinace\/severni-amerika\" rel=\"tag\">Severn\u00ed Amerika<\/a>, <a href=\"https:\/\/www.jsltravels.com\/cs\/category\/uncategorized\" rel=\"tag\">Uncategorized<\/a>, <a href=\"https:\/\/www.jsltravels.com\/cs\/category\/zivot-v-usa\" rel=\"tag\">\u017divot-v-usa<\/a><\/span><\/p><div class=\"post-content\"><div class=\"post-content-inner\"><\/div><\/div><\/article><article class=\"et_pb_post et_pb_post_id_268676 clearfix et_pb_blog_item_0_1 post-268676 post type-post status-publish format-standard has-post-thumbnail hentry category-chorvatsko category-destinace category-evropa\"><div class=\"et_pb_image_container\"><a href=\"https:\/\/www.jsltravels.com\/cs\/top-7-mist-v-chorvatsku-z-naseho-roadtripu\" class=\"entry-featured-image-url\"><img loading=\"lazy\" decoding=\"async\" src=\"https:\/\/www.jsltravels.com\/cs\/wp-content\/uploads\/2026\/02\/Split-dinner.jpg\" width=\"600\" height=\"800\" alt=\"Letn\u00ed ve\u010de\u0159e v historick\u00e9m centru Splitu s v\u00fdhledem na mo\u0159e, Chorvatsko\" class=\"\" \/><span data-icon=\"\ue050\" class=\"et_overlay et_pb_inline_icon\"><\/span><\/a><\/div><h2 class=\"entry-title\"><a href=\"https:\/\/www.jsltravels.com\/cs\/top-7-mist-v-chorvatsku-z-naseho-roadtripu\">TOP 7 m\u00edst v Chorvatsku z na\u0161eho roadtripu<\/a><\/h2><p class=\"post-meta\"><span class=\"entry-categories\"><a href=\"https:\/\/www.jsltravels.com\/cs\/category\/destinace\/evropa\/chorvatsko\" rel=\"tag\">Chorvatsko<\/a>, <a href=\"https:\/\/www.jsltravels.com\/cs\/category\/destinace\" rel=\"tag\">Destinace<\/a>, <a href=\"https:\/\/www.jsltravels.com\/cs\/category\/destinace\/evropa\" rel=\"tag\">Evropa<\/a><\/span><\/p><div class=\"post-content\"><div class=\"post-content-inner\"><\/div><\/div><\/article><article class=\"et_pb_post et_pb_post_id_268659 clearfix et_pb_blog_item_0_2 post-268659 post type-post status-publish format-standard has-post-thumbnail hentry category-destinace category-zivot-v-usa\"><div class=\"et_pb_image_container\"><a href=\"https:\/\/www.jsltravels.com\/cs\/jak-prezit-leden\" class=\"entry-featured-image-url\"><img loading=\"lazy\" decoding=\"async\" src=\"https:\/\/www.jsltravels.com\/cs\/wp-content\/uploads\/2026\/01\/Lets-explore-the-world-together.png\" width=\"1536\" height=\"1024\" alt=\"Jak p\u0159e\u017e\u00edt leden vision board\" class=\"\" \/><span data-icon=\"\ue050\" class=\"et_overlay et_pb_inline_icon\"><\/span><\/a><\/div><h2 class=\"entry-title\"><a href=\"https:\/\/www.jsltravels.com\/cs\/jak-prezit-leden\">Jak p\u0159e\u017e\u00edt leden<\/a><\/h2><p class=\"post-meta\"><span class=\"entry-categories\"><a href=\"https:\/\/www.jsltravels.com\/cs\/category\/destinace\" rel=\"tag\">Destinace<\/a>, <a href=\"https:\/\/www.jsltravels.com\/cs\/category\/zivot-v-usa\" rel=\"tag\">\u017divot-v-usa<\/a><\/span><\/p><div class=\"post-content\"><div class=\"post-content-inner\"><\/div><\/div><\/article><\/div><\/div><\/div><\/div><\/div><\/div>","protected":false},"excerpt":{"rendered":"<p>Rakousko nab\u00edz\u00ed jedine\u010dn\u00e9 trasy pro elektrokola, kter\u00e9 jsou ide\u00e1ln\u00ed pro v\u0161echny v\u011bkov\u00e9 kategorie, od d\u011bt\u00ed po seniory, a zaru\u010duj\u00ed nezapomenuteln\u00e9 z\u00e1\u017eitky v malebn\u00e9 krajin\u011b.<\/p>\n","protected":false},"author":1,"featured_media":266567,"comment_status":"open","ping_status":"open","sticky":false,"template":"","format":"standard","meta":{"footnotes":""},"categories":[41,42,58],"tags":[],"post_folder":[40],"class_list":["post-259302","post","type-post","status-publish","format-standard","has-post-thumbnail","hentry","category-destinace","category-evropa","category-rakousko"],"_links":{"self":[{"href":"https:\/\/www.jsltravels.com\/cs\/wp-json\/wp\/v2\/posts\/259302","targetHints":{"allow":["GET"]}}],"collection":[{"href":"https:\/\/www.jsltravels.com\/cs\/wp-json\/wp\/v2\/posts"}],"about":[{"href":"https:\/\/www.jsltravels.com\/cs\/wp-json\/wp\/v2\/types\/post"}],"author":[{"embeddable":true,"href":"https:\/\/www.jsltravels.com\/cs\/wp-json\/wp\/v2\/users\/1"}],"replies":[{"embeddable":true,"href":"https:\/\/www.jsltravels.com\/cs\/wp-json\/wp\/v2\/comments?post=259302"}],"version-history":[{"count":5,"href":"https:\/\/www.jsltravels.com\/cs\/wp-json\/wp\/v2\/posts\/259302\/revisions"}],"predecessor-version":[{"id":268776,"href":"https:\/\/www.jsltravels.com\/cs\/wp-json\/wp\/v2\/posts\/259302\/revisions\/268776"}],"wp:featuredmedia":[{"embeddable":true,"href":"https:\/\/www.jsltravels.com\/cs\/wp-json\/wp\/v2\/media\/266567"}],"wp:attachment":[{"href":"https:\/\/www.jsltravels.com\/cs\/wp-json\/wp\/v2\/media?parent=259302"}],"wp:term":[{"taxonomy":"category","embeddable":true,"href":"https:\/\/www.jsltravels.com\/cs\/wp-json\/wp\/v2\/categories?post=259302"},{"taxonomy":"post_tag","embeddable":true,"href":"https:\/\/www.jsltravels.com\/cs\/wp-json\/wp\/v2\/tags?post=259302"},{"taxonomy":"post_folder","embeddable":true,"href":"https:\/\/www.jsltravels.com\/cs\/wp-json\/wp\/v2\/post_folder?post=259302"}],"curies":[{"name":"wp","href":"https:\/\/api.w.org\/{rel}","templated":true}]}}