{"id":260911,"date":"2024-10-28T10:26:51","date_gmt":"2024-10-28T10:26:51","guid":{"rendered":"http:\/\/jsltravels.com\/?p=260911"},"modified":"2026-04-01T06:43:38","modified_gmt":"2026-04-01T06:43:38","slug":"objevte-barcelonu-top-10-atrakci-a-tipy-pro-vasi-navstevu","status":"publish","type":"post","link":"https:\/\/www.jsltravels.com\/cs\/objevte-barcelonu-top-10-atrakci-a-tipy-pro-vasi-navstevu","title":{"rendered":"Objevte Barcelonu: Top 10 atrakc\u00ed a tipy pro va\u0161i n\u00e1v\u0161t\u011bvu"},"content":{"rendered":"<div class=\"et_pb_section_0 et_pb_section et_section_regular et_block_section\"><div class=\"et_pb_row_0 et_pb_row et_pb_gutters1 et_block_row\"><div class=\"et_pb_column_0 et_pb_column et_pb_column_1_2 et_block_column et_pb_css_mix_blend_mode_passthrough\"><div class=\"et_pb_text_0 et_pb_text et_pb_bg_layout_light et_pb_module et_block_module\"><div class=\"et_pb_text_inner\"><h1 class=\"entry-title\">Objevte Barcelonu: Top 10 atrakc\u00ed a tipy pro va\u0161i n\u00e1v\u0161t\u011bvu<\/h1>\n<\/div><\/div><\/div><div class=\"et_pb_column_1 et_pb_column et_pb_column_1_2 et-last-child et_block_column et_pb_column_empty et_pb_css_mix_blend_mode_passthrough\"><\/div><\/div><\/div><div class=\"et_pb_section_1 et_pb_section et_section_regular et_block_section\"><div class=\"et_pb_row_1 et_pb_row et_block_row\"><div class=\"et_pb_column_2 et_pb_column et_pb_column_4_4 et-last-child et_block_column et_pb_css_mix_blend_mode_passthrough\"><div class=\"et_pb_text_1 et_pb_text et_pb_bg_layout_light et_pb_module et_block_module\"><div class=\"et_pb_text_inner\"><p style=\"text-align: center;\">Barcelona, pulzuj\u00edc\u00ed hlavn\u00ed m\u011bsto Katal\u00e1nska, je m\u011bsto bohat\u00e9 na kulturu, historii a \u00fachvatnou architekturu. Od dechberouc\u00edch d\u011bl Antoniho Gaud\u00edho a\u017e po ru\u0161n\u00e9 trhy \u2013 Barcelona nab\u00edz\u00ed n\u011bco pro ka\u017ed\u00e9ho. Pokud pl\u00e1nujete n\u00e1v\u0161t\u011bvu, zde je komplexn\u00ed pr\u016fvodce po hlavn\u00edch atrakc\u00edch, jak se tam dostat, informace o vstupn\u00e9m a tipy, kde se ubytovat a naj\u00edst \u2013 zejm\u00e9na pro na\u0161e vegansk\u00e9 p\u0159\u00e1tele!<\/p>\n<\/div><\/div><\/div><\/div><div class=\"et_pb_row_2 et_pb_row et_block_row\"><div class=\"et_pb_column_3 et_pb_column et_pb_column_4_4 et-last-child et_block_column et_pb_css_mix_blend_mode_passthrough\"><div class=\"et_pb_image_0 et_pb_image et_pb_module et_block_module\"><a href=\"https:\/\/www.jsltravels.com\/cs\/wp-content\/uploads\/2025\/09\/Barcelona-Spanelsko.jpg\" class=\"et_pb_lightbox_image\" alt=\"\u017dena ve slune\u010dn\u00edch br\u00fdl\u00edch stoj\u00ed u zdi zdoben\u00e9 barevnou mozaikou.\"><span class=\"et_pb_image_wrap\"><img loading=\"lazy\" decoding=\"async\" src=\"https:\/\/www.jsltravels.com\/cs\/wp-content\/uploads\/2025\/09\/Barcelona-Spanelsko.jpg\" width=\"600\" height=\"800\" srcset=\"https:\/\/www.jsltravels.com\/cs\/wp-content\/uploads\/2025\/09\/Barcelona-Spanelsko.jpg 600w, https:\/\/www.jsltravels.com\/cs\/wp-content\/uploads\/2025\/09\/Barcelona-Spanelsko-480x640.jpg 480w\" sizes=\"(min-width: 0px) and (max-width: 480px) 480px, (min-width: 481px) 600px, 100vw\" class=\"wp-image-268116\" title=\"Barcelona Spanelsko\" alt=\"\u017dena ve slune\u010dn\u00edch br\u00fdl\u00edch stoj\u00ed u zdi zdoben\u00e9 barevnou mozaikou.\" \/><\/span><\/a><\/div><\/div><\/div><div class=\"et_pb_row_3 et_pb_row et_block_row\"><div class=\"et_pb_column_4 et_pb_column et_pb_column_4_4 et-last-child et_block_column et_pb_css_mix_blend_mode_passthrough\"><div class=\"et_pb_heading_0 et_pb_heading et_pb_module et_block_module\"><div class=\"et_pb_heading_container\"><h4 class=\"et_pb_module_header\">Top 10 atrakc\u00ed v Barcelon\u011b<\/h4><\/div><\/div><\/div><\/div><div class=\"et_pb_row_4 et_pb_row et_block_row\"><div class=\"et_pb_column_5 et_pb_column et_pb_column_4_4 et-last-child et_block_column et_pb_css_mix_blend_mode_passthrough\"><div class=\"et_pb_text_2 et_pb_text et_pb_bg_layout_light et_pb_module et_block_module\"><div class=\"et_pb_text_inner\"><p><strong>Sagrada Fam\u00edlia<\/strong><\/p>\n<p>Popis: Tato ikonick\u00e1 bazilika, navr\u017een\u00e1 Antoniem Gaud\u00edm, je pam\u00e1tkou UNESCO a symbolem Barcelony.<br \/>Vstupn\u00e9: P\u0159ibli\u017en\u011b 26 \u20ac pro dosp\u011bl\u00e9; sn\u00ed\u017een\u00e9 ceny pro studenty a seniory.<br \/>Jak se tam dostat: Metro: L2 (fialov\u00e1 linka) a L5 (modr\u00e1 linka) na stanici Sagrada Fam\u00edlia.<\/p>\n<hr \/>\n<p><strong>Park G\u00fcell<\/strong><\/p>\n<p>Popis: Dal\u0161\u00ed mistrovsk\u00e9 d\u00edlo Gaud\u00edho, tento park je pln\u00fd barevn\u00fdch mozaik a fantastick\u00fdch struktur.<br \/>Vstupn\u00e9: 10 \u20ac pro dosp\u011bl\u00e9; voln\u00fd p\u0159\u00edstup do n\u011bkter\u00fdch \u010d\u00e1st\u00ed parku.<br \/>Jak se tam dostat: Autobus: 24, 92, nebo metro: L3 (zelen\u00e1 linka) na Vallcarca.<\/p>\n<hr \/>\n<p><strong>Gothic Quarter (Barri G\u00f2tic)<\/strong><\/p>\n<p>Popis: Prozkoumejte \u00fazk\u00e9 st\u0159edov\u011bk\u00e9 ulice pln\u00e9 historie, obchod\u016f a malebn\u00fdch kav\u00e1ren.<br \/>Vstupn\u00e9: Voln\u00e9 proch\u00e1zen\u00ed, ale n\u011bkter\u00e9 atrakce mohou \u00fa\u010dtovat poplatek.<br \/>Jak se tam dostat: Metro: L4 (\u017elut\u00e1 linka) na Jaume I.<\/p>\n<hr \/>\n<p><strong>Casa Batll\u00f3<\/strong><\/p>\n<p>Popis: Modernistick\u00e1 budova navr\u017een\u00e1 Gaud\u00edm, zn\u00e1m\u00e1 svou jedine\u010dnou architekturou a barevnou fas\u00e1dou.<br \/>Vstupn\u00e9: P\u0159ibli\u017en\u011b 25 \u20ac pro dosp\u011bl\u00e9.<br \/>Jak se tam dostat: Metro: L2 (fialov\u00e1 linka) na Passeig de Gr\u00e0cia.<\/p>\n<hr \/>\n<p><strong>La Rambla<\/strong><\/p>\n<p>Popis: Slavn\u00e1 ulice v srdci m\u011bsta, ide\u00e1ln\u00ed pro proch\u00e1zky, stolov\u00e1n\u00ed a nakupov\u00e1n\u00ed.<br \/>Vstupn\u00e9: Zdarma.<br \/>Jak se tam dostat: Metro: L3 (zelen\u00e1 linka) na Liceu.<\/p>\n<hr \/>\n<p><strong>Montju\u00efc<\/strong><\/p>\n<p>Popis: Kopec s v\u00fdhledem na m\u011bsto, domov park\u016f, zahrad a hradu Montju\u00efc.<br \/>Vstupn\u00e9: Vstup do hradu je 5 \u20ac; parky jsou zdarma.<br \/>Jak se tam dostat: Lanovka z Parc de Montju\u00efc nebo autobus: 150.<\/p>\n<hr \/>\n<p><strong>Picasso Museum<\/strong><\/p>\n<p>Popis: Rozs\u00e1hl\u00e1 sb\u00edrka d\u011bl Pabla Picassa, zam\u011b\u0159en\u00e1 na jeho formativn\u00ed l\u00e9ta.<br \/>Vstupn\u00e9: 12 \u20ac pro dosp\u011bl\u00e9; zdarma ve \u010dtvrtek ve\u010der.<br \/>Jak se tam dostat: Metro: L4 (\u017elut\u00e1 linka) na Jaume I.<\/p>\n<hr \/>\n<p><strong>Mercat de Sant Josep de la Boqueria<\/strong><\/p>\n<p>Popis: Ru\u0161n\u00fd trh nab\u00edzej\u00edc\u00ed \u010derstv\u00e9 produkty, maso a m\u00edstn\u00ed speciality.<br \/>Vstupn\u00e9: Zdarma.<br \/>Jak se tam dostat: Metro: L3 (zelen\u00e1 linka) na Liceu.<\/p>\n<hr \/>\n<p><strong>Camp Nou<\/strong><\/p>\n<p>Popis: Domovsk\u00fd stadion FC Barcelona, nab\u00edzej\u00edc\u00ed prohl\u00eddky a muzeum.<br \/>Vstupn\u00e9: P\u0159ibli\u017en\u011b 26 \u20ac za prohl\u00eddku muzea a stadionu.<br \/>Jak se tam dostat: Metro: L3 (zelen\u00e1 linka) na Les Corts.<\/p>\n<hr \/>\n<p><strong>Tibidabo Amusement Park<\/strong><\/p>\n<p>Popis: Vintage z\u00e1bavn\u00ed park s \u00fachvatn\u00fdmi v\u00fdhledy na m\u011bsto.<br \/>Vstupn\u00e9: 28 \u20ac za celodenn\u00ed vstup; n\u011bkter\u00e9 atrakce mohou m\u00edt dal\u0161\u00ed poplatky.<br \/>Jak se tam dostat: Tramvaj: 196 na z\u00e1kladnu, pot\u00e9 lanovka nahoru.<\/p>\n<\/div><\/div><\/div><\/div><div class=\"et_pb_row_5 et_pb_row et_block_row\"><div class=\"et_pb_column_6 et_pb_column et_pb_column_1_3 et_block_column et_pb_css_mix_blend_mode_passthrough\"><div class=\"et_pb_image_1 et_pb_image et_pb_module et_block_module\"><a href=\"https:\/\/www.jsltravels.com\/cs\/wp-content\/uploads\/2025\/09\/Casa-Batllo-Gaudi.jpg\" class=\"et_pb_lightbox_image\" alt=\"Ve\u010dern\u011b osv\u011btlen\u00e1 Casa Batll\u00f3 v Barcelon\u011b.\"><span class=\"et_pb_image_wrap\"><img loading=\"lazy\" decoding=\"async\" src=\"https:\/\/www.jsltravels.com\/cs\/wp-content\/uploads\/2025\/09\/Casa-Batllo-Gaudi.jpg\" width=\"600\" height=\"800\" srcset=\"https:\/\/www.jsltravels.com\/cs\/wp-content\/uploads\/2025\/09\/Casa-Batllo-Gaudi.jpg 600w, https:\/\/www.jsltravels.com\/cs\/wp-content\/uploads\/2025\/09\/Casa-Batllo-Gaudi-480x640.jpg 480w\" sizes=\"(min-width: 0px) and (max-width: 480px) 480px, (min-width: 481px) 600px, 100vw\" class=\"wp-image-268119\" title=\"Casa Batllo Gaudi\" alt=\"Ve\u010dern\u011b osv\u011btlen\u00e1 Casa Batll\u00f3 v Barcelon\u011b.\" \/><\/span><\/a><\/div><\/div><div class=\"et_pb_column_7 et_pb_column et_pb_column_1_3 et_block_column et_pb_css_mix_blend_mode_passthrough\"><div class=\"et_pb_image_2 et_pb_image et_pb_module et_block_module\"><a href=\"https:\/\/www.jsltravels.com\/cs\/wp-content\/uploads\/2025\/09\/Casa-Batllo.jpg\" class=\"et_pb_lightbox_image\" alt=\"\u017dena stoj\u00ed p\u0159ed Casa Batll\u00f3 v Barcelon\u011b.\"><span class=\"et_pb_image_wrap\"><img loading=\"lazy\" decoding=\"async\" src=\"https:\/\/www.jsltravels.com\/cs\/wp-content\/uploads\/2025\/09\/Casa-Batllo.jpg\" width=\"600\" height=\"800\" srcset=\"https:\/\/www.jsltravels.com\/cs\/wp-content\/uploads\/2025\/09\/Casa-Batllo.jpg 600w, https:\/\/www.jsltravels.com\/cs\/wp-content\/uploads\/2025\/09\/Casa-Batllo-480x640.jpg 480w\" sizes=\"(min-width: 0px) and (max-width: 480px) 480px, (min-width: 481px) 600px, 100vw\" class=\"wp-image-268120\" title=\"Casa Batllo\" alt=\"\u017dena stoj\u00ed p\u0159ed Casa Batll\u00f3 v Barcelon\u011b.\" \/><\/span><\/a><\/div><\/div><div class=\"et_pb_column_8 et_pb_column et_pb_column_1_3 et-last-child et_block_column et_pb_css_mix_blend_mode_passthrough\"><div class=\"et_pb_image_3 et_pb_image et_pb_module et_block_module\"><a href=\"https:\/\/www.jsltravels.com\/cs\/wp-content\/uploads\/2025\/09\/Park-Guell-Barcelona.jpg\" class=\"et_pb_lightbox_image\" alt=\"Lid\u00e9 proch\u00e1zej\u00ed Park G\u00fcell za slune\u010dn\u00e9ho dne.\"><span class=\"et_pb_image_wrap\"><img loading=\"lazy\" decoding=\"async\" src=\"https:\/\/www.jsltravels.com\/cs\/wp-content\/uploads\/2025\/09\/Park-Guell-Barcelona.jpg\" width=\"600\" height=\"800\" srcset=\"https:\/\/www.jsltravels.com\/cs\/wp-content\/uploads\/2025\/09\/Park-Guell-Barcelona.jpg 600w, https:\/\/www.jsltravels.com\/cs\/wp-content\/uploads\/2025\/09\/Park-Guell-Barcelona-480x640.jpg 480w\" sizes=\"(min-width: 0px) and (max-width: 480px) 480px, (min-width: 481px) 600px, 100vw\" class=\"wp-image-268121\" title=\"Park Guell Barcelona\" alt=\"Lid\u00e9 proch\u00e1zej\u00ed Park G\u00fcell za slune\u010dn\u00e9ho dne.\" \/><\/span><\/a><\/div><\/div><\/div><div class=\"et_pb_row_6 et_pb_row et_block_row\"><div class=\"et_pb_column_9 et_pb_column et_pb_column_1_3 et_block_column et_pb_css_mix_blend_mode_passthrough\"><div class=\"et_pb_image_4 et_pb_image et_pb_module et_block_module\"><a href=\"https:\/\/www.jsltravels.com\/cs\/wp-content\/uploads\/2025\/09\/Park-Guell.jpg\" class=\"et_pb_lightbox_image\" alt=\"\u017dena v b\u00edl\u00e9m tri\u010dku p\u00f3zuje u barevn\u00e9 mozaikov\u00e9 sochy v Park G\u00fcell.\"><span class=\"et_pb_image_wrap\"><img loading=\"lazy\" decoding=\"async\" src=\"https:\/\/www.jsltravels.com\/cs\/wp-content\/uploads\/2025\/09\/Park-Guell.jpg\" width=\"600\" height=\"800\" srcset=\"https:\/\/www.jsltravels.com\/cs\/wp-content\/uploads\/2025\/09\/Park-Guell.jpg 600w, https:\/\/www.jsltravels.com\/cs\/wp-content\/uploads\/2025\/09\/Park-Guell-480x640.jpg 480w\" sizes=\"(min-width: 0px) and (max-width: 480px) 480px, (min-width: 481px) 600px, 100vw\" class=\"wp-image-268122\" title=\"Park Guell\" alt=\"\u017dena v b\u00edl\u00e9m tri\u010dku p\u00f3zuje u barevn\u00e9 mozaikov\u00e9 sochy v Park G\u00fcell.\" \/><\/span><\/a><\/div><\/div><div class=\"et_pb_column_10 et_pb_column et_pb_column_1_3 et_block_column et_pb_css_mix_blend_mode_passthrough\"><div class=\"et_pb_image_5 et_pb_image et_pb_module et_block_module\"><a href=\"https:\/\/www.jsltravels.com\/cs\/wp-content\/uploads\/2025\/09\/Sagrada-Familia.jpg\" title=\"Sagrada Familia\" class=\"et_pb_lightbox_image\" alt=\"\u017dena v \u010dern\u00e9m tri\u010dku sed\u00ed p\u0159ed Sagrada Fam\u00edlia v Barcelon\u011b za slunn\u00e9ho dne.\"><span class=\"et_pb_image_wrap\"><img loading=\"lazy\" decoding=\"async\" src=\"https:\/\/www.jsltravels.com\/cs\/wp-content\/uploads\/2025\/09\/Sagrada-Familia.jpg\" alt=\"\u017dena v \u010dern\u00e9m tri\u010dku sed\u00ed p\u0159ed Sagrada Fam\u00edlia v Barcelon\u011b za slunn\u00e9ho dne.\" title=\"Sagrada Familia\" width=\"600\" height=\"800\" srcset=\"https:\/\/www.jsltravels.com\/cs\/wp-content\/uploads\/2025\/09\/Sagrada-Familia.jpg 600w, https:\/\/www.jsltravels.com\/cs\/wp-content\/uploads\/2025\/09\/Sagrada-Familia-480x640.jpg 480w\" sizes=\"(min-width: 0px) and (max-width: 480px) 480px, (min-width: 481px) 600px, 100vw\" class=\"wp-image-268123\" \/><\/span><\/a><\/div><\/div><div class=\"et_pb_column_11 et_pb_column et_pb_column_1_3 et-last-child et_block_column et_pb_css_mix_blend_mode_passthrough\"><div class=\"et_pb_image_6 et_pb_image et_pb_module et_block_module\"><a href=\"https:\/\/www.jsltravels.com\/cs\/wp-content\/uploads\/2025\/09\/Sagrada.jpg\" class=\"et_pb_lightbox_image\" alt=\"Sagrada Fam\u00edlia v Barcelon\u011b.\"><span class=\"et_pb_image_wrap\"><img loading=\"lazy\" decoding=\"async\" src=\"https:\/\/www.jsltravels.com\/cs\/wp-content\/uploads\/2025\/09\/Sagrada.jpg\" width=\"600\" height=\"800\" srcset=\"https:\/\/www.jsltravels.com\/cs\/wp-content\/uploads\/2025\/09\/Sagrada.jpg 600w, https:\/\/www.jsltravels.com\/cs\/wp-content\/uploads\/2025\/09\/Sagrada-480x640.jpg 480w\" sizes=\"(min-width: 0px) and (max-width: 480px) 480px, (min-width: 481px) 600px, 100vw\" class=\"wp-image-268124\" title=\"Sagrada\" alt=\"Sagrada Fam\u00edlia v Barcelon\u011b.\" \/><\/span><\/a><\/div><\/div><\/div><div class=\"et_pb_row_7 et_pb_row et_block_row\"><div class=\"et_pb_column_12 et_pb_column et_pb_column_4_4 et-last-child et_block_column et_pb_css_mix_blend_mode_passthrough\"><div class=\"et_pb_text_3 et_pb_text et_pb_bg_layout_light et_pb_module et_block_module\"><div class=\"et_pb_text_inner\"><h3 class=\"wp-block-heading\" style=\"text-align: center;\">Jak se tam dostat<\/h3>\n<div dir=\"ltr\" style=\"text-align: center;\">\n<p>&nbsp;<\/p>\n<\/div>\n<\/div><\/div><div class=\"et_pb_text_4 et_pb_text et_pb_bg_layout_light et_pb_module et_block_module\"><div class=\"et_pb_text_inner\"><p>Barcelona je snadno dostupn\u00e1 letecky, vlakem a autem. Hlavn\u00ed leti\u0161t\u011b, Leti\u0161t\u011b Barcelona-El Prat (BCN), se nach\u00e1z\u00ed asi 12 km od centra m\u011bsta. Z leti\u0161t\u011b m\u016f\u017eete vyu\u017e\u00edt Aerobus, vlak nebo taxi, abyste se dostali do m\u011bsta.<\/p>\n<\/div><\/div><\/div><\/div><div class=\"et_pb_row_8 et_pb_row et_block_row\"><div class=\"et_pb_column_13 et_pb_column et_pb_column_4_4 et-last-child et_block_column et_pb_css_mix_blend_mode_passthrough\"><div class=\"et_pb_heading_1 et_pb_heading et_pb_module et_block_module\"><div class=\"et_pb_heading_container\"><h4 class=\"et_pb_module_header\">Kde se ubytovat<\/h4><\/div><\/div><\/div><\/div><div class=\"et_pb_row_9 et_pb_row et_block_row\"><div class=\"et_pb_column_14 et_pb_column et_pb_column_4_4 et-last-child et_block_column et_pb_css_mix_blend_mode_passthrough\"><div class=\"et_pb_text_5 et_pb_text et_pb_bg_layout_light et_pb_module et_block_module\"><div class=\"et_pb_text_inner\"><p><strong>Budget:<\/strong> <a href=\"https:\/\/www.booking.com\/searchresults.en-gb.html?aid=311984&amp;label=hostel-one-sants-Q8MRiMKP%2A5Rc%2ACh4AjycWgS392993734458%3Apl%3Ata%3Ap1%3Ap21%2C093%2C000%3Aac%3Aap%3Aneg%3Afi%3Atikwd-32366426101%3Alp1003839%3Ali%3Adec%3Adm%3Appccp%3DUmFuZG9tSVYkc2RlIyh9YTQUGSsRwx9_3qo3uPTHyoo&amp;gclid=Cj0KCQiA_9u5BhCUARIsABbMSPtjp0KfW3cMFV04OgAGKOO-7NlLd1-K1mD0wFwqx-sreDeg_wxGs8oaAmfREALw_wcB&amp;highlighted_hotels=389779&amp;checkin=2025-01-27&amp;redirected=1&amp;city=-372490&amp;hlrd=with_av&amp;source=hotel&amp;checkout=2025-01-28&amp;keep_landing=1&amp;sid=8157ada333e0ff2abe84f5bf678c3f33\" target=\"_blank\" rel=\"noopener\">Hostel One<\/a> \u2013 Soci\u00e1ln\u00ed hostel nach\u00e1zej\u00edc\u00ed se bl\u00edzko gotick\u00e9 \u010dtvrti, ide\u00e1ln\u00ed pro setk\u00e1n\u00ed s ostatn\u00edmi cestovateli.<br \/><strong>St\u0159edn\u00ed t\u0159\u00edda:<\/strong> <a href=\"https:\/\/www.booking.com\/searchresults.en-gb.html?ss=Hotel+Jazz%2C+Barcelona%2C+Catalonia%2C+Spain&amp;ssne=Barcelona&amp;ssne_untouched=Barcelona&amp;highlighted_hotels=389779&amp;label=hostel-one-sants-Q8MRiMKP*5Rc*Ch4AjycWgS392993734458%3Apl%3Ata%3Ap1%3Ap21%2C093%2C000%3Aac%3Aap%3Aneg%3Afi%3Atikwd-32366426101%3Alp1003839%3Ali%3Adec%3Adm%3Appccp%3DUmFuZG9tSVYkc2RlIyh9YTQUGSsRwx9_3qo3uPTHyoo&amp;sid=8157ada333e0ff2abe84f5bf678c3f33&amp;aid=311984&amp;lang=en-gb&amp;sb=1&amp;src_elem=sb&amp;src=searchresults&amp;dest_id=90560&amp;dest_type=hotel&amp;ac_position=0&amp;ac_click_type=b&amp;ac_langcode=en&amp;ac_suggestion_list_length=3&amp;search_selected=true&amp;search_pageview_id=947b579d14e70c79&amp;ac_meta=GhA5NDdiNTc5ZDE0ZTcwYzc5IAAoATICZW46DmphenogQmFyY2Vsb25hQABKAFAA&amp;checkin=2025-01-27&amp;checkout=2025-01-28&amp;group_adults=2&amp;no_rooms=1&amp;group_children=0\" target=\"_blank\" rel=\"noopener\">Hotel Jazz<\/a> \u2013 Stylov\u00fd hotel s venkovn\u00edm baz\u00e9nem a bl\u00edzkost\u00ed mnoha atrakc\u00ed.<br \/><strong>Luxus:<\/strong> <a href=\"https:\/\/www.booking.com\/searchresults.en-gb.html?ss=W+Barcelona%2C+Barcelona%2C+Catalonia%2C+Spain&amp;ssne=Barcelona&amp;ssne_untouched=Barcelona&amp;highlighted_hotels=389779&amp;label=hostel-one-sants-Q8MRiMKP*5Rc*Ch4AjycWgS392993734458%253Apl%253Ata%253Ap1%253Ap21%252C093%252C000%253Aac%253Aap%253Aneg%253Afi%253Atikwd-32366426101%253Alp1003839%253Ali%253Adec%253Adm%253Appccp%253DUmFuZG9tSVYkc2RlIyh9YTQUGSsRwx9_3qo3uPTHyoo&amp;aid=311984&amp;lang=en-gb&amp;sb=1&amp;src_elem=sb&amp;src=searchresults&amp;dest_id=49226&amp;dest_type=hotel&amp;ac_position=0&amp;ac_click_type=b&amp;ac_langcode=en&amp;ac_suggestion_list_length=5&amp;search_selected=true&amp;search_pageview_id=86ed57c01f3d059b&amp;ac_meta=GhA4NmVkNTdjMDFmM2QwNTliIAAoATICZW46C1cgQmFyY2Vsb25hQABKAFAA&amp;checkin=2025-01-27&amp;checkout=2025-01-28&amp;group_adults=2&amp;no_rooms=1&amp;group_children=0\" target=\"_blank\" rel=\"noopener\">W Barcelona<\/a> \u2013 Zn\u00e1m\u00fd sv\u00fdmi \u00fachvatn\u00fdmi v\u00fdhledy a pl\u00e1\u017eovou polohou, tento hotel nab\u00edz\u00ed luxusn\u00ed vybaven\u00ed.<\/p>\n<\/div><\/div><\/div><\/div><div class=\"et_pb_row_10 et_pb_row et_block_row\"><div class=\"et_pb_column_15 et_pb_column et_pb_column_4_4 et-last-child et_block_column et_pb_css_mix_blend_mode_passthrough\"><div class=\"et_pb_code_0 et_pb_code et_pb_module\"><div class=\"et_pb_code_inner\"><script async src=\"https:\/\/c108.travelpayouts.com\/content?trs=336892&shmarker=560753&place=barcelona&items=3&locale=en-US&powered_by=true&promo_id=4039\" charset=\"utf-8\"><\/script><\/div><\/div><\/div><\/div><div class=\"et_pb_row_11 et_pb_row et_block_row\"><div class=\"et_pb_column_16 et_pb_column et_pb_column_4_4 et-last-child et_block_column et_pb_css_mix_blend_mode_passthrough\"><div class=\"et_pb_text_6 et_pb_text et_pb_bg_layout_light et_pb_module et_block_module\"><div class=\"et_pb_text_inner\"><h3 class=\"wp-block-heading\" style=\"text-align: center;\">Vegansk\u00e1 sc\u00e9na v Barcelon\u011b<\/h3>\n<div dir=\"ltr\" style=\"text-align: center;\">\n<p>&nbsp;<\/p>\n<\/div>\n<\/div><\/div><\/div><\/div><div class=\"et_pb_row_12 et_pb_row et_block_row\"><div class=\"et_pb_column_17 et_pb_column et_pb_column_4_4 et-last-child et_block_column et_pb_css_mix_blend_mode_passthrough\"><div class=\"et_pb_text_7 et_pb_text et_pb_bg_layout_light et_pb_module et_block_module\"><div class=\"et_pb_text_inner\"><p>Barcelona m\u00e1 rostouc\u00ed veganskou sc\u00e9nu s mnoha mo\u017enostmi:<\/p>\n<p><strong>Teresa Carles<\/strong><br \/>Obl\u00edben\u00e1 vegetari\u00e1nsk\u00e1 restaurace s mnoha vegansk\u00fdmi mo\u017enostmi, nab\u00edzej\u00edc\u00ed kreativn\u00ed menu z m\u00edstn\u00edch surovin.<\/p>\n<p><strong>Veggie Garden<\/strong><br \/>Barevn\u00e9 m\u00edsto zn\u00e1m\u00e9 sv\u00fdmi cenov\u011b dostupn\u00fdmi vegetari\u00e1nsk\u00fdmi a vegansk\u00fdmi pokrmy inspirovan\u00fdmi sv\u011btov\u00fdmi kuchyn\u011bmi.<\/p>\n<p><strong>Rasoterra<\/strong><br \/>Vegetari\u00e1nsk\u00e9 bistro zam\u011b\u0159en\u00e9 na m\u00edstn\u00ed, organick\u00e9 suroviny, nab\u00edzej\u00edc\u00ed \u0161irokou \u0161k\u00e1lu lahodn\u00fdch vegansk\u00fdch j\u00eddel.<\/p>\n<p><strong>The Green Spot<\/strong><br \/>Trendy restaurace s rozs\u00e1hl\u00fdm menu rostlinn\u00fdch pokrm\u016f, ide\u00e1ln\u00ed pro sofistikovan\u011bj\u0161\u00ed gastronomick\u00fd z\u00e1\u017eitek.<\/p>\n<p><strong>Ch\u00f6k<\/strong><br \/>Cukr\u00e1rna specializuj\u00edc\u00ed se na donuty a \u010dokol\u00e1dy, s r\u016fzn\u00fdmi vegansk\u00fdmi pochoutkami.<\/p>\n<\/div><\/div><\/div><\/div><div class=\"et_pb_row_13 et_pb_row et_block_row\"><div class=\"et_pb_column_18 et_pb_column et_pb_column_1_3 et_block_column et_pb_css_mix_blend_mode_passthrough\"><div class=\"et_pb_image_7 et_pb_image et_pb_module et_block_module\"><span class=\"et_pb_image_wrap\"><img loading=\"lazy\" decoding=\"async\" src=\"https:\/\/www.jsltravels.com\/cs\/wp-content\/uploads\/2025\/09\/Barcelona-Fruit-Market.jpg\" width=\"600\" height=\"800\" srcset=\"https:\/\/www.jsltravels.com\/cs\/wp-content\/uploads\/2025\/09\/Barcelona-Fruit-Market.jpg 600w, https:\/\/www.jsltravels.com\/cs\/wp-content\/uploads\/2025\/09\/Barcelona-Fruit-Market-480x640.jpg 480w\" sizes=\"(min-width: 0px) and (max-width: 480px) 480px, (min-width: 481px) 600px, 100vw\" class=\"wp-image-268117\" title=\"Barcelona Fruit Market\" alt=\"Ovoce, zelenina a kv\u011btiny vystaven\u00e9 na venkovn\u00edm trhu v Barcelon\u011b.\" \/><\/span><\/div><\/div><div class=\"et_pb_column_19 et_pb_column et_pb_column_1_3 et_block_column et_pb_css_mix_blend_mode_passthrough\"><div class=\"et_pb_image_8 et_pb_image et_pb_module et_block_module\"><span class=\"et_pb_image_wrap\"><img loading=\"lazy\" decoding=\"async\" src=\"https:\/\/www.jsltravels.com\/cs\/wp-content\/uploads\/2025\/09\/semena.jpg\" width=\"600\" height=\"800\" srcset=\"https:\/\/www.jsltravels.com\/cs\/wp-content\/uploads\/2025\/09\/semena.jpg 600w, https:\/\/www.jsltravels.com\/cs\/wp-content\/uploads\/2025\/09\/semena-480x640.jpg 480w\" sizes=\"(min-width: 0px) and (max-width: 480px) 480px, (min-width: 481px) 600px, 100vw\" class=\"wp-image-268125\" title=\"semena\" alt=\"Sem\u00ednka a o\u0159echy na tr\u017ei\u0161ti v Barcelon\u011b.\" \/><\/span><\/div><\/div><div class=\"et_pb_column_20 et_pb_column et_pb_column_1_3 et-last-child et_block_column et_pb_css_mix_blend_mode_passthrough\"><div class=\"et_pb_image_9 et_pb_image et_pb_module et_block_module\"><span class=\"et_pb_image_wrap\"><img loading=\"lazy\" decoding=\"async\" src=\"https:\/\/www.jsltravels.com\/cs\/wp-content\/uploads\/2025\/09\/barcelona-market.jpg\" width=\"600\" height=\"800\" srcset=\"https:\/\/www.jsltravels.com\/cs\/wp-content\/uploads\/2025\/09\/barcelona-market.jpg 600w, https:\/\/www.jsltravels.com\/cs\/wp-content\/uploads\/2025\/09\/barcelona-market-480x640.jpg 480w\" sizes=\"(min-width: 0px) and (max-width: 480px) 480px, (min-width: 481px) 600px, 100vw\" class=\"wp-image-268118\" title=\"barcelona market\" alt=\"Trhy v Barcelon\u011b.\" \/><\/span><\/div><\/div><\/div><div class=\"et_pb_row_14 et_pb_row et_block_row\"><div class=\"et_pb_column_21 et_pb_column et_pb_column_4_4 et-last-child et_block_column et_pb_css_mix_blend_mode_passthrough\"><div class=\"et_pb_text_8 et_pb_text et_pb_bg_layout_light et_pb_module et_block_module\"><div class=\"et_pb_text_inner\"><h3 class=\"wp-block-heading\" style=\"text-align: center;\">Zaj\u00edmavosti o Barcelon\u011b<\/h3>\n<h3 style=\"text-align: center;\"><\/h3>\n<\/div><\/div><div class=\"et_pb_text_9 et_pb_text et_pb_bg_layout_light et_pb_module et_block_module\"><div class=\"et_pb_text_inner\"><p><strong>Zaj\u00edmavosti o Barcelon\u011b<\/strong><\/p>\n<p><strong>Sagrada Fam\u00edlia je st\u00e1le nedokon\u010den\u00e1:<\/strong> Stavba ikonick\u00e9 baziliky Antonia Gaud\u00edho za\u010dala v roce 1882 a o\u010dek\u00e1v\u00e1 se, \u017ee bude dokon\u010dena v roce 2026, co\u017e bude v\u00fdro\u010d\u00ed sto let od Gaud\u00edho smrti.<\/p>\n<p><strong>Domov prvn\u00edho \u201eN\u00e1kupn\u00edho r\u00e1je\u201c na sv\u011bt\u011b:<\/strong> Slavn\u00e1 ulice Passeig de Gr\u00e0cia je zn\u00e1m\u00e1 sv\u00fdmi luxusn\u00edmi butiky a n\u00e1vrh\u00e1\u0159sk\u00fdmi obchody, co\u017e z n\u00ed \u010din\u00ed jedno z prvn\u00edch m\u00edst na sv\u011bt\u011b uzn\u00e1van\u00fdch jako n\u00e1kupn\u00ed destinace.<\/p>\n<p><strong>Park G\u00fcell byl p\u016fvodn\u011b pl\u00e1nov\u00e1n jako obytn\u00e1 oblast:<\/strong> Gaud\u00ed navrhl Park G\u00fcell jako soukrom\u00fd bytov\u00fd projekt, ale nakonec byl p\u0159etvo\u0159en na ve\u0159ejn\u00fd park. Dnes je to pam\u00e1tka UNESCO.<\/p>\n<p><strong>Katal\u00e1nsk\u00fd jazyk:<\/strong> Krom\u011b \u0161pan\u011bl\u0161tiny je katal\u00e1n\u0161tina ofici\u00e1ln\u00edm jazykem v Katal\u00e1nsku (region, kde se Barcelona nach\u00e1z\u00ed). Je b\u011b\u017en\u011b pou\u017e\u00edvan\u00e1 a zobrazen\u00e1 na ve\u0159ejn\u00fdch cedul\u00edch.<\/p>\n<p><strong>M\u0159\u00ed\u017eka Eixample:<\/strong> \u010ctvr\u0165 Eixample, zn\u00e1m\u00e1 svou m\u0159\u00ed\u017ekovou strukturou, byla navr\u017eena Ildefonsem Cerd\u00e0 v 19. stolet\u00ed a je charakteristick\u00e1 \u0161irok\u00fdmi ulicemi a zaoblen\u00fdmi rohy, kter\u00e9 pom\u00e1haj\u00ed zlep\u0161ovat plynulost dopravy.<\/p>\n<p><strong>M\u011bsto Gaud\u00edho:<\/strong> Barcelonu \u010dasto naz\u00fdvaj\u00ed \u201eM\u011bsto Gaud\u00edho\u201c kv\u016fli mnoha d\u00edl\u016fm architekta roztrou\u0161en\u00fdm po cel\u00e9m m\u011bst\u011b, v\u010detn\u011b Casa Batll\u00f3, Casa Mil\u00e0 (La Pedrera) a Parku G\u00fcell.<\/p>\n<p><strong>\u010ctvr\u0165 Gr\u00e0cia:<\/strong> Gr\u00e0cia je zn\u00e1m\u00e1 sv\u00fdm boh\u00e9msk\u00fdm duchem a nez\u00e1visl\u00fdmi butiky. P\u016fvodn\u011b byla samostatnou vesnic\u00ed, ne\u017e byla za\u010dlen\u011bna do Barcelony, a st\u00e1le si uchov\u00e1v\u00e1 sv\u016fj jedine\u010dn\u00fd \u0161arm a m\u00edstn\u00ed atmosf\u00e9ru.<\/p>\n<p><strong>Fanou\u0161kovsk\u00e1 z\u00e1kladna FC Barcelona:<\/strong> Fotbalov\u00fd klub FC Barcelona nen\u00ed pouze jedn\u00edm z nej\u00fasp\u011b\u0161n\u011bj\u0161\u00edch klub\u016f v historii fotbalu, ale m\u00e1 tak\u00e9 fanou\u0161kovskou z\u00e1kladnu p\u0159es 300 milion\u016f lid\u00ed po cel\u00e9m sv\u011bt\u011b. Jejich stadion, Camp Nou, je nejv\u011bt\u0161\u00ed v Evrop\u011b.<\/p>\n<p><strong>Nejv\u011bt\u0161\u00ed gotick\u00e1 \u010dtvr\u0165 v Evrop\u011b:<\/strong> Gotick\u00e1 \u010dtvr\u0165 v Barcelon\u011b (Barri G\u00f2tic) obsahuje n\u011bkter\u00e9 z nejstar\u0161\u00edch budov ve m\u011bst\u011b a je nejv\u011bt\u0161\u00ed gotickou \u010dtvrt\u00ed v Evrop\u011b.<\/p>\n<p><strong>Pl\u00e1\u017e je um\u011ble vytvo\u0159en\u00e1:<\/strong> Obl\u00edben\u00e9 pl\u00e1\u017ee m\u011bsta, jako je Barceloneta, byly vybudov\u00e1ny v p\u0159\u00edprav\u011b na olympi\u00e1du v roce 1992. P\u0159edt\u00edm byla pob\u0159e\u017en\u00ed oblast p\u0159ev\u00e1\u017en\u011b pr\u016fmyslov\u00e1.<\/p>\n<p><strong>M\u011bsto park\u016f:<\/strong> Barcelona se py\u0161n\u00ed v\u00edce ne\u017e 70 parky, kter\u00e9 poskytuj\u00ed dostatek zelen\u00fdch ploch pro relaxaci a voln\u00fd \u010das. Mezi nejzn\u00e1m\u011bj\u0161\u00ed pat\u0159\u00ed Montju\u00efc, Parc de la Ciutadella a Parc del Laberint d'Horta.<\/p>\n<p><strong>Muzeum \u010dokol\u00e1dy:<\/strong> Barcelona m\u00e1 muzeum v\u011bnovan\u00e9 \u010dokol\u00e1d\u011b (Museu de la Xocolata), kde se n\u00e1v\u0161t\u011bvn\u00edci mohou dozv\u011bd\u011bt o historii \u010dokol\u00e1dy a u\u017e\u00edt si lahodn\u00e9 ochutn\u00e1vky.<\/p>\n<\/div><\/div><\/div><\/div><div class=\"et_pb_row_15 et_pb_row et_block_row\"><div class=\"et_pb_column_22 et_pb_column et_pb_column_4_4 et-last-child et_block_column et_pb_css_mix_blend_mode_passthrough\"><div class=\"et_pb_code_1 et_pb_code et_pb_module\"><div class=\"et_pb_code_inner\"><script async src=\"https:\/\/c108.travelpayouts.com\/content?trs=336892&shmarker=560753&place=Las%20Vegas&items=3&locale=en-US&powered_by=true&promo_id=4039\" charset=\"utf-8\"><\/script><\/div><\/div><\/div><\/div><\/div><div class=\"et_pb_section_2 et_pb_section et_section_regular et_block_section\"><div class=\"et_pb_row_16 et_pb_row et_block_row\"><div class=\"et_pb_column_23 et_pb_column et_pb_column_4_4 et-last-child et_block_column et_pb_css_mix_blend_mode_passthrough\"><div class=\"et_pb_text_10 et_pb_text et_pb_bg_layout_light et_pb_module et_block_module preset--module--divi-text--6a37cb13-2b94-42a8-bab7-ee75b1380e65\"><div class=\"et_pb_text_inner\"><p><strong>Upozorn\u011bn\u00ed<\/strong>: Tato \u010d\u00e1st obsahuje <strong>affiliate odkazy<\/strong>. To znamen\u00e1, \u017ee pokud kliknete a n\u011bco si koup\u00edte nebo zarezervujete, mohu z\u00edskat malou provizi \u2014 **<strong>bez jak\u00fdchkoli dodate\u010dn\u00fdch n\u00e1klad\u016f pro v\u00e1s<\/strong>**. Doporu\u010duji pouze slu\u017eby, kter\u00e9 sama pou\u017e\u00edv\u00e1m nebo kter\u00fdm opravdu v\u011b\u0159\u00edm. D\u011bkuji, \u017ee t\u00edmto zp\u016fsobem podporujete m\u016fj blog!<\/p>\n<p>&nbsp;<\/p>\n<\/div><\/div><\/div><\/div><div class=\"et_pb_row_17 et_pb_row et_pb_row_5col et_block_row et_block_row_5col\"><div class=\"et_pb_column_24 et_pb_column et_pb_column_1_5 et_block_column et_pb_css_mix_blend_mode_passthrough\"><div class=\"et_pb_text_11 et_pb_text et_pb_bg_layout_light et_pb_module et_block_module preset--module--divi-text--6a37cb13-2b94-42a8-bab7-ee75b1380e65\"><div class=\"et_pb_text_inner\"><p style=\"text-align: center;\"><strong>Cestuj chyt\u0159e a levn\u011bji<\/strong><\/p>\n<\/div><\/div><div class=\"et_pb_image_10 et_pb_image et_pb_module et_block_module\"><span class=\"et_pb_image_wrap\"><img loading=\"lazy\" decoding=\"async\" src=\"https:\/\/www.jsltravels.com\/cs\/wp-content\/uploads\/2025\/07\/letiste-airport.png\" width=\"980\" height=\"980\" srcset=\"https:\/\/www.jsltravels.com\/cs\/wp-content\/uploads\/2025\/07\/letiste-airport.png 980w, https:\/\/www.jsltravels.com\/cs\/wp-content\/uploads\/2025\/07\/letiste-airport-480x480.png 480w\" sizes=\"(min-width: 0px) and (max-width: 480px) 480px, (min-width: 481px) 980px, 100vw\" class=\"wp-image-267026\" title=\"letiste-airport\" alt=\"Blue suitcase with a yellow stripe, featuring a handle and wheels. Attached is a luggage tag with an airplane symbol, conveying travel.\" \/><\/span><\/div><div class=\"et_pb_blurb_0 et_pb_blurb et_pb_bg_layout_light et_pb_text_align_center et_pb_blurb_position_top et_pb_module et_block_module\"><div class=\"et_pb_blurb_content\"><div class=\"et_pb_main_blurb_image\"><span class=\"et_pb_image_wrap et_pb_only_image_mode_wrap\"><img decoding=\"async\" src=\"http:\/\/jsltravels.com\/wp-content\/uploads\/2024\/10\/letiste-airport.png\" \/><\/span><\/div><div class=\"et_pb_blurb_container\"><div class=\"et_pb_blurb_description\"><p>Ne\u010dekej a vyraz hned! Najdi nejlep\u0161\u00ed letenky za super ceny a za\u010dni sv\u00e9 dal\u0161\u00ed dobrodru\u017estv\u00ed je\u0161t\u011b dnes! \u21d3<\/p>\n<p><a href=\"https:\/\/cheapoair.tpx.lt\/L8xJmq7q\" target=\"_blank\" rel=\"noopener\"> flight deals<\/a>\u00a0<\/p>\n<\/div><\/div><\/div><\/div><\/div><div class=\"et_pb_column_25 et_pb_column et_pb_column_1_5 et_block_column et_pb_css_mix_blend_mode_passthrough\"><div class=\"et_pb_text_12 et_pb_text et_pb_bg_layout_light et_pb_module et_block_module preset--module--divi-text--6a37cb13-2b94-42a8-bab7-ee75b1380e65\"><div class=\"et_pb_text_inner\"><p style=\"text-align: center;\"><strong>Najdi ubytov\u00e1n\u00ed na m\u00edru<\/strong><\/p>\n<\/div><\/div><div class=\"et_pb_image_11 et_pb_image et_pb_module et_block_module\"><span class=\"et_pb_image_wrap\"><img loading=\"lazy\" decoding=\"async\" src=\"https:\/\/www.jsltravels.com\/cs\/wp-content\/uploads\/2025\/07\/hotel-zvonek.png\" width=\"980\" height=\"980\" srcset=\"https:\/\/www.jsltravels.com\/cs\/wp-content\/uploads\/2025\/07\/hotel-zvonek.png 980w, https:\/\/www.jsltravels.com\/cs\/wp-content\/uploads\/2025\/07\/hotel-zvonek-480x480.png 480w\" sizes=\"(min-width: 0px) and (max-width: 480px) 480px, (min-width: 481px) 980px, 100vw\" class=\"wp-image-267027\" title=\"hotel-zvonek\" alt=\"Illustration of a blue hotel door hanger with a yellow service bell on it. The bell has motion lines, suggesting ringing, conveying prompt service.\" \/><\/span><\/div><div class=\"et_pb_blurb_1 et_pb_blurb et_pb_bg_layout_light et_pb_text_align_center et_pb_blurb_position_top et_pb_module et_block_module\"><div class=\"et_pb_blurb_content\"><div class=\"et_pb_main_blurb_image\"><span class=\"et_pb_image_wrap et_pb_only_image_mode_wrap\"><img decoding=\"async\" src=\"http:\/\/jsltravels.com\/wp-content\/uploads\/2024\/10\/hotel-zvonek.png\" \/><\/span><\/div><div class=\"et_pb_blurb_container\"><div class=\"et_pb_blurb_description\"><p>Najdi ubytov\u00e1n\u00ed podle sv\u00fdch p\u0159edstav na <a href=\"https:\/\/booking.tp.st\/bU1dhdHU\" target=\"_blank\" rel=\"noopener\">Booking.com<\/a> nebo <a href=\"https:\/\/agoda.tp.st\/ybqLuoG3\" target=\"_blank\" rel=\"noopener\">Agoda.com<\/a><\/p>\n<\/div><\/div><\/div><\/div><\/div><div class=\"et_pb_column_26 et_pb_column et_pb_column_1_5 et_block_column et_pb_css_mix_blend_mode_passthrough\"><div class=\"et_pb_text_13 et_pb_text et_pb_bg_layout_light et_pb_module et_block_module preset--module--divi-text--6a37cb13-2b94-42a8-bab7-ee75b1380e65\"><div class=\"et_pb_text_inner\"><p style=\"text-align: center;\"><strong>Cestuj stylov\u011b<\/strong><\/p>\n<\/div><\/div><div class=\"et_pb_image_12 et_pb_image et_pb_module et_block_module\"><span class=\"et_pb_image_wrap\"><img loading=\"lazy\" decoding=\"async\" src=\"https:\/\/www.jsltravels.com\/cs\/wp-content\/uploads\/2025\/07\/pujcovna-rent-car.png\" width=\"980\" height=\"980\" srcset=\"https:\/\/www.jsltravels.com\/cs\/wp-content\/uploads\/2025\/07\/pujcovna-rent-car.png 980w, https:\/\/www.jsltravels.com\/cs\/wp-content\/uploads\/2025\/07\/pujcovna-rent-car-480x480.png 480w\" sizes=\"(min-width: 0px) and (max-width: 480px) 480px, (min-width: 481px) 980px, 100vw\" class=\"wp-image-267028\" title=\"pujcovna-rent-car\" alt=\"A pair of yellow keys attached to a blue key tag featuring a simple black car icon. The image conveys vehicle-related themes.\" \/><\/span><\/div><div class=\"et_pb_blurb_2 et_pb_blurb et_pb_bg_layout_light et_pb_blurb_position_top et_pb_module et_block_module\"><div class=\"et_pb_blurb_content\"><div class=\"et_pb_main_blurb_image\"><span class=\"et_pb_image_wrap et_pb_only_image_mode_wrap\"><img decoding=\"async\" src=\"http:\/\/jsltravels.com\/wp-content\/uploads\/2024\/10\/pujcovna-rent-car.png\" \/><\/span><\/div><div class=\"et_pb_blurb_container\"><div class=\"et_pb_blurb_description\"><p style=\"text-align: center;\">Rezervuj si auto podle sv\u00fdch p\u0159edstav s\u00a0<a href=\"https:\/\/rentalcars.tp.st\/2tvWugZd\" target=\"_blank\" rel=\"noopener\">Rentalcars.<\/a><\/p>\n<\/div><\/div><\/div><\/div><\/div><div class=\"et_pb_column_27 et_pb_column et_pb_column_1_5 et_block_column et_pb_css_mix_blend_mode_passthrough\"><div class=\"et_pb_text_14 et_pb_text et_pb_bg_layout_light et_pb_module et_block_module preset--module--divi-text--6a37cb13-2b94-42a8-bab7-ee75b1380e65\"><div class=\"et_pb_text_inner\"><p style=\"text-align: center;\"><strong>Bezpe\u010dn\u011b na internetu<\/strong><\/p>\n<\/div><\/div><div class=\"et_pb_image_13 et_pb_image et_pb_module et_block_module\"><span class=\"et_pb_image_wrap\"><img loading=\"lazy\" decoding=\"async\" src=\"https:\/\/www.jsltravels.com\/cs\/wp-content\/uploads\/2025\/07\/wifi-sit.png\" width=\"980\" height=\"980\" srcset=\"https:\/\/www.jsltravels.com\/cs\/wp-content\/uploads\/2025\/07\/wifi-sit.png 980w, https:\/\/www.jsltravels.com\/cs\/wp-content\/uploads\/2025\/07\/wifi-sit-480x480.png 480w\" sizes=\"(min-width: 0px) and (max-width: 480px) 480px, (min-width: 481px) 980px, 100vw\" class=\"wp-image-267029\" title=\"wifi-sit\" alt=\"Three curved blue lines form a Wi-Fi symbol above a yellow circle, on a white background. The design suggests connectivity and modern technology.\" \/><\/span><\/div><div class=\"et_pb_blurb_3 et_pb_blurb et_pb_bg_layout_light et_pb_blurb_position_top et_pb_module et_block_module\"><div class=\"et_pb_blurb_content\"><div class=\"et_pb_main_blurb_image\"><span class=\"et_pb_image_wrap et_pb_only_image_mode_wrap\"><img decoding=\"async\" src=\"http:\/\/jsltravels.com\/wp-content\/uploads\/2024\/10\/wifi-sit.png\" \/><\/span><\/div><div class=\"et_pb_blurb_container\"><div class=\"et_pb_blurb_description\"><p>Cestuj bezpe\u010dn\u011b, chra\u0148 sv\u00e1 data s VPN od <a href=\"https:\/\/get.surfshark.net\/aff_c?offer_id=1679&amp;aff_id=34459&amp;source=www.jsltravels.com\" target=\"_blank\" rel=\"noopener\">Surfshark.<\/a><\/p>\n<\/div><\/div><\/div><\/div><\/div><div class=\"et_pb_column_28 et_pb_column et_pb_column_1_5 et-last-child et_block_column et_pb_css_mix_blend_mode_passthrough\"><div class=\"et_pb_text_15 et_pb_text et_pb_bg_layout_light et_pb_module et_block_module preset--module--divi-text--6a37cb13-2b94-42a8-bab7-ee75b1380e65\"><div class=\"et_pb_text_inner\"><p style=\"text-align: center;\"><strong>Kup si l\u00edstek dop\u0159edu<\/strong><\/p>\n<\/div><\/div><div class=\"et_pb_image_14 et_pb_image et_pb_module et_block_module\"><span class=\"et_pb_image_wrap\"><img loading=\"lazy\" decoding=\"async\" src=\"https:\/\/www.jsltravels.com\/cs\/wp-content\/uploads\/2025\/07\/vstupenka-ticket.png\" width=\"980\" height=\"980\" srcset=\"https:\/\/www.jsltravels.com\/cs\/wp-content\/uploads\/2025\/07\/vstupenka-ticket.png 980w, https:\/\/www.jsltravels.com\/cs\/wp-content\/uploads\/2025\/07\/vstupenka-ticket-480x480.png 480w\" sizes=\"(min-width: 0px) and (max-width: 480px) 480px, (min-width: 481px) 980px, 100vw\" class=\"wp-image-267030\" title=\"vstupenka-ticket\" alt=\"A stylized blue ticket with a yellow top edge featuring numbers. It has the word &quot;TICKET&quot; written in bold blue letters and a yellow circle accent.\" \/><\/span><\/div><div class=\"et_pb_blurb_4 et_pb_blurb et_pb_bg_layout_light et_pb_text_align_center et_pb_blurb_position_top et_pb_module et_block_module\"><div class=\"et_pb_blurb_content\"><div class=\"et_pb_main_blurb_image\"><span class=\"et_pb_image_wrap et_pb_only_image_mode_wrap\"><img decoding=\"async\" src=\"http:\/\/jsltravels.com\/wp-content\/uploads\/2024\/10\/vstupenka-ticket.png\" \/><\/span><\/div><div class=\"et_pb_blurb_container\"><div class=\"et_pb_blurb_description\"><p>Kup vstupenky na <a href=\"https:\/\/getyourguide.tp.st\/zP4xD4xO\" target=\"_blank\" rel=\"noopener\">nejlep\u0161\u00ed prohl\u00eddky a atrakce<\/a> p\u0159edem.<br \/><a href=\"https:\/\/getyourguide.tp.st\/zP4xD4xO\" target=\"_blank\" rel=\"noopener\"><\/a>\u00a0<\/p>\n<\/div><\/div><\/div><\/div><\/div><\/div><\/div><div class=\"et_pb_section_3 et_pb_section et_section_regular et_block_section\"><div class=\"et_pb_row_18 et_pb_row et_block_row\"><div class=\"et_pb_column_29 et_pb_column et_pb_column_4_4 et-last-child et_block_column et_pb_css_mix_blend_mode_passthrough\"><div class=\"et_pb_post_nav_0 et_pb_posts_nav nav-single et_pb_module et_flex_module\"><span class=\"nav-previous\"><a href=\"https:\/\/www.jsltravels.com\/cs\/pruvodce-po-isla-mujeres-nejlepsi-aktivity-a-kde-se-ubytovat\" rel=\"prev\" class=\"\"><span class=\"meta-nav\">&larr; <\/span><span class=\"nav-label\">Pr\u016fvodce po Isla Mujeres: Nejlep\u0161\u00ed aktivity a kde se ubytovat<\/span><\/a><\/span><span class=\"nav-next\"><a href=\"https:\/\/www.jsltravels.com\/cs\/objevte-koh-yao-yai-kde-se-ubytovat-najist-a-co-podniknout\" rel=\"next\" class=\"\"><span class=\"nav-label\">Objevte Koh Yao Yai: Kde se ubytovat, naj\u00edst a co podniknout<\/span><span class=\"meta-nav\"> &rarr;<\/span><\/a><\/span><\/div><\/div><\/div><\/div><div class=\"et_pb_section_4 et_pb_section et_section_regular et_block_section\"><div class=\"et_pb_row_19 et_pb_row et_block_row\"><div class=\"et_pb_column_30 et_pb_column et_pb_column_4_4 et-last-child et_block_column et_pb_css_mix_blend_mode_passthrough\"><div class=\"et_pb_blog_0 et_pb_blog et_pb_bg_layout_light et_pb_posts et_pb_module\"><div class=\"et_pb_ajax_pagination_container\"><div class=\"et_pb_posts et_grid_module\"><article class=\"et_pb_post et_pb_post_id_268731 clearfix et_pb_blog_item_0_0 post-268731 post type-post status-publish format-standard has-post-thumbnail hentry category-destinace category-kalifornie category-severni-amerika category-uncategorized category-zivot-v-usa\"><div class=\"et_pb_image_container\"><a href=\"https:\/\/www.jsltravels.com\/cs\/meho-psa-ustknul-chrestys-v-los-angeles\" class=\"entry-featured-image-url\"><img loading=\"lazy\" decoding=\"async\" src=\"https:\/\/www.jsltravels.com\/cs\/wp-content\/uploads\/2026\/03\/rattlesnake-LA.png\" width=\"1536\" height=\"1024\" alt=\"Coiled rattlesnake at sunset\" class=\"\" \/><span data-icon=\"\ue050\" class=\"et_overlay et_pb_inline_icon\"><\/span><\/a><\/div><h2 class=\"entry-title\"><a href=\"https:\/\/www.jsltravels.com\/cs\/meho-psa-ustknul-chrestys-v-los-angeles\">M\u00e9ho psa u\u0161tknul ch\u0159est\u00fd\u0161 v Los Angeles<\/a><\/h2><p class=\"post-meta\"><span class=\"entry-categories\"><a href=\"https:\/\/www.jsltravels.com\/cs\/category\/destinace\" rel=\"tag\">Destinace<\/a>, <a href=\"https:\/\/www.jsltravels.com\/cs\/category\/destinace\/severni-amerika\/kalifornie\" rel=\"tag\">Kalifornie<\/a>, <a href=\"https:\/\/www.jsltravels.com\/cs\/category\/destinace\/severni-amerika\" rel=\"tag\">Severn\u00ed Amerika<\/a>, <a href=\"https:\/\/www.jsltravels.com\/cs\/category\/uncategorized\" rel=\"tag\">Uncategorized<\/a>, <a href=\"https:\/\/www.jsltravels.com\/cs\/category\/zivot-v-usa\" rel=\"tag\">\u017divot-v-usa<\/a><\/span><\/p><div class=\"post-content\"><div class=\"post-content-inner\"><\/div><\/div><\/article><article class=\"et_pb_post et_pb_post_id_268676 clearfix et_pb_blog_item_0_1 post-268676 post type-post status-publish format-standard has-post-thumbnail hentry category-chorvatsko category-destinace category-evropa\"><div class=\"et_pb_image_container\"><a href=\"https:\/\/www.jsltravels.com\/cs\/top-7-mist-v-chorvatsku-z-naseho-roadtripu\" class=\"entry-featured-image-url\"><img loading=\"lazy\" decoding=\"async\" src=\"https:\/\/www.jsltravels.com\/cs\/wp-content\/uploads\/2026\/02\/Split-dinner.jpg\" width=\"600\" height=\"800\" alt=\"Letn\u00ed ve\u010de\u0159e v historick\u00e9m centru Splitu s v\u00fdhledem na mo\u0159e, Chorvatsko\" class=\"\" \/><span data-icon=\"\ue050\" class=\"et_overlay et_pb_inline_icon\"><\/span><\/a><\/div><h2 class=\"entry-title\"><a href=\"https:\/\/www.jsltravels.com\/cs\/top-7-mist-v-chorvatsku-z-naseho-roadtripu\">TOP 7 m\u00edst v Chorvatsku z na\u0161eho roadtripu<\/a><\/h2><p class=\"post-meta\"><span class=\"entry-categories\"><a href=\"https:\/\/www.jsltravels.com\/cs\/category\/destinace\/evropa\/chorvatsko\" rel=\"tag\">Chorvatsko<\/a>, <a href=\"https:\/\/www.jsltravels.com\/cs\/category\/destinace\" rel=\"tag\">Destinace<\/a>, <a href=\"https:\/\/www.jsltravels.com\/cs\/category\/destinace\/evropa\" rel=\"tag\">Evropa<\/a><\/span><\/p><div class=\"post-content\"><div class=\"post-content-inner\"><\/div><\/div><\/article><article class=\"et_pb_post et_pb_post_id_268659 clearfix et_pb_blog_item_0_2 post-268659 post type-post status-publish format-standard has-post-thumbnail hentry category-destinace category-zivot-v-usa\"><div class=\"et_pb_image_container\"><a href=\"https:\/\/www.jsltravels.com\/cs\/jak-prezit-leden\" class=\"entry-featured-image-url\"><img loading=\"lazy\" decoding=\"async\" src=\"https:\/\/www.jsltravels.com\/cs\/wp-content\/uploads\/2026\/01\/Lets-explore-the-world-together.png\" width=\"1536\" height=\"1024\" alt=\"Jak p\u0159e\u017e\u00edt leden vision board\" class=\"\" \/><span data-icon=\"\ue050\" class=\"et_overlay et_pb_inline_icon\"><\/span><\/a><\/div><h2 class=\"entry-title\"><a href=\"https:\/\/www.jsltravels.com\/cs\/jak-prezit-leden\">Jak p\u0159e\u017e\u00edt leden<\/a><\/h2><p class=\"post-meta\"><span class=\"entry-categories\"><a href=\"https:\/\/www.jsltravels.com\/cs\/category\/destinace\" rel=\"tag\">Destinace<\/a>, <a href=\"https:\/\/www.jsltravels.com\/cs\/category\/zivot-v-usa\" rel=\"tag\">\u017divot-v-usa<\/a><\/span><\/p><div class=\"post-content\"><div class=\"post-content-inner\"><\/div><\/div><\/article><\/div><\/div><\/div><\/div><\/div><\/div>","protected":false},"excerpt":{"rendered":"<p>Objevte Barcelonu &#8211; m\u011bsto, kde stihnete pam\u00e1tky m\u011bsta i pl\u00e1\u017eov\u00e9 vlny b\u011bhem jedin\u00e9ho dokonal\u00e9ho dne.<\/p>\n","protected":false},"author":1,"featured_media":268123,"comment_status":"open","ping_status":"open","sticky":false,"template":"","format":"standard","meta":{"footnotes":""},"categories":[41,42,54],"tags":[],"post_folder":[40],"class_list":["post-260911","post","type-post","status-publish","format-standard","has-post-thumbnail","hentry","category-destinace","category-evropa","category-spanelsko"],"_links":{"self":[{"href":"https:\/\/www.jsltravels.com\/cs\/wp-json\/wp\/v2\/posts\/260911","targetHints":{"allow":["GET"]}}],"collection":[{"href":"https:\/\/www.jsltravels.com\/cs\/wp-json\/wp\/v2\/posts"}],"about":[{"href":"https:\/\/www.jsltravels.com\/cs\/wp-json\/wp\/v2\/types\/post"}],"author":[{"embeddable":true,"href":"https:\/\/www.jsltravels.com\/cs\/wp-json\/wp\/v2\/users\/1"}],"replies":[{"embeddable":true,"href":"https:\/\/www.jsltravels.com\/cs\/wp-json\/wp\/v2\/comments?post=260911"}],"version-history":[{"count":5,"href":"https:\/\/www.jsltravels.com\/cs\/wp-json\/wp\/v2\/posts\/260911\/revisions"}],"predecessor-version":[{"id":268814,"href":"https:\/\/www.jsltravels.com\/cs\/wp-json\/wp\/v2\/posts\/260911\/revisions\/268814"}],"wp:featuredmedia":[{"embeddable":true,"href":"https:\/\/www.jsltravels.com\/cs\/wp-json\/wp\/v2\/media\/268123"}],"wp:attachment":[{"href":"https:\/\/www.jsltravels.com\/cs\/wp-json\/wp\/v2\/media?parent=260911"}],"wp:term":[{"taxonomy":"category","embeddable":true,"href":"https:\/\/www.jsltravels.com\/cs\/wp-json\/wp\/v2\/categories?post=260911"},{"taxonomy":"post_tag","embeddable":true,"href":"https:\/\/www.jsltravels.com\/cs\/wp-json\/wp\/v2\/tags?post=260911"},{"taxonomy":"post_folder","embeddable":true,"href":"https:\/\/www.jsltravels.com\/cs\/wp-json\/wp\/v2\/post_folder?post=260911"}],"curies":[{"name":"wp","href":"https:\/\/api.w.org\/{rel}","templated":true}]}}