{"id":265881,"date":"2025-05-04T13:22:25","date_gmt":"2025-05-04T13:22:25","guid":{"rendered":"https:\/\/jsltravels.com\/?p=265881"},"modified":"2026-04-01T06:44:09","modified_gmt":"2026-04-01T06:44:09","slug":"cheb-ceska-republika-mesto-s-bohatou-historii","status":"publish","type":"post","link":"https:\/\/www.jsltravels.com\/cs\/cheb-ceska-republika-mesto-s-bohatou-historii","title":{"rendered":"Cheb, \u010cesk\u00e1 republika: M\u011bsto s bohatou histori\u00ed"},"content":{"rendered":"<div class=\"et_pb_section_0 et_pb_section et_section_regular et_block_section\"><div class=\"et_pb_row_0 et_pb_row et_pb_gutters1 et_block_row\"><div class=\"et_pb_column_0 et_pb_column et_pb_column_1_2 et_block_column et_pb_css_mix_blend_mode_passthrough\"><div class=\"et_pb_text_0 et_pb_text et_pb_bg_layout_light et_pb_module et_block_module\"><div class=\"et_pb_text_inner\"><h1 data-pm-slice=\"1 1 []\">Cheb, \u010cesk\u00e1 republika: M\u011bsto s bohatou histori\u00ed<\/h1>\n<\/div><\/div><\/div><div class=\"et_pb_column_1 et_pb_column et_pb_column_1_2 et-last-child et_block_column et_pb_column_empty et_pb_css_mix_blend_mode_passthrough\"><\/div><\/div><\/div><div class=\"et_pb_section_1 et_pb_section et_section_regular et_block_section\"><div class=\"et_pb_row_1 et_pb_row et_block_row\"><div class=\"et_pb_column_2 et_pb_column et_pb_column_4_4 et-last-child et_block_column et_pb_css_mix_blend_mode_passthrough\"><div class=\"et_pb_text_1 et_pb_text et_pb_bg_layout_light et_pb_module et_block_module\"><div class=\"et_pb_text_inner\"><h2 data-start=\"110\" data-end=\"165\">V\u00edtejte v Chebu: M\u011bsto pln\u00e9 historie na z\u00e1pad\u011b \u010cech<\/h2>\n<p class=\"\" data-start=\"167\" data-end=\"421\">Cheb najdete na \u00fapln\u00e9m z\u00e1pad\u011b \u010ceska, jen kousek od n\u011bmeck\u00fdch hranic. Nen\u00ed tak slavn\u00fd jako Praha nebo Karlovy Vary, tak\u017ee ho spousta lid\u00ed m\u00edj\u00ed. A to je \u0161koda \u2013 m\u00e1 toti\u017e skv\u011blou atmosf\u00e9ru, kr\u00e1sn\u00e9 historick\u00e9 centrum a spoustu klidn\u00fdch m\u00edst bez dav\u016f turist\u016f.<\/p>\n<p class=\"\" data-start=\"423\" data-end=\"573\">A proto\u017ee bydl\u00edme nedaleko, rozhodla jsem se sepsat p\u00e1r tip\u016f, co tady nevynechat, kam se pod\u00edvat v okol\u00ed a kde se d\u00e1 dob\u0159e naj\u00edst \u2013 i kdy\u017e jste vegan.<\/p>\n<\/div><\/div><\/div><\/div><div class=\"et_pb_row_2 et_pb_row et_block_row\"><div class=\"et_pb_column_3 et_pb_column et_pb_column_4_4 et-last-child et_block_column et_pb_css_mix_blend_mode_passthrough\"><div class=\"et_pb_text_2 et_pb_text et_pb_bg_layout_light et_pb_module et_block_module\"><div class=\"et_pb_text_inner\"><h2 data-start=\"0\" data-end=\"27\">Trocha chebsk\u00e9 historie<\/h2>\n<p class=\"\" data-start=\"29\" data-end=\"207\">Historie Chebu sah\u00e1 a\u017e do 9. stolet\u00ed \u2013 a na ka\u017ed\u00e9m kroku je to zn\u00e1t. V centru m\u011bsta naraz\u00edte na hr\u00e1zd\u011bn\u00e9 domy, dl\u00e1\u017ed\u011bn\u00e9 uli\u010dky a budovy, kter\u00e9 vypadaj\u00ed jako vyst\u0159i\u017een\u00e9 z poh\u00e1dky.<\/p>\n<p class=\"\" data-start=\"209\" data-end=\"436\">Jedn\u00edm z nejzn\u00e1m\u011bj\u0161\u00edch m\u00edst je \u0160pal\u00ed\u010dek \u2013 skupina barevn\u00fdch st\u0159edov\u011bk\u00fdch domk\u016f p\u0159\u00edmo na hlavn\u00edm n\u00e1m\u011bst\u00ed. Hned za nimi se nach\u00e1z\u00ed Chebsk\u00fd hrad, jeden z m\u00e1la c\u00edsa\u0159sk\u00fdch pal\u00e1c\u016f v \u010cesku, s kr\u00e1snou rom\u00e1nskou kapl\u00ed a zbytky opevn\u011bn\u00ed.<\/p>\n<p class=\"\" data-start=\"438\" data-end=\"598\">Cheb je taky zn\u00e1m\u00fd t\u00edm, \u017ee pr\u00e1v\u011b tady byl zavra\u017ed\u011bn Albrecht z Vald\u0161tejna, slavn\u00fd vojev\u016fdce z doby t\u0159icetilet\u00e9 v\u00e1lky \u2013 historie tu na v\u00e1s d\u00fdchne na ka\u017ed\u00e9m rohu!<\/p>\n<\/div><\/div><\/div><\/div><div class=\"et_pb_row_3 et_pb_row et_block_row\"><div class=\"et_pb_column_4 et_pb_column et_pb_column_1_3 et_block_column et_pb_css_mix_blend_mode_passthrough\"><div class=\"et_pb_image_0 et_pb_image et_pb_module et_block_module\"><a href=\"https:\/\/www.jsltravels.com\/cs\/wp-content\/uploads\/2025\/09\/Cheb-v-noci.jpg\" class=\"et_pb_lightbox_image\" alt=\"Mu\u017e nese d\u00edt\u011b na ramenou a proch\u00e1z\u00ed \u00fazkou ulic\u00ed po setm\u011bn\u00ed v Chebu.\"><span class=\"et_pb_image_wrap\"><img loading=\"lazy\" decoding=\"async\" src=\"https:\/\/www.jsltravels.com\/cs\/wp-content\/uploads\/2025\/09\/Cheb-v-noci.jpg\" width=\"600\" height=\"800\" srcset=\"https:\/\/www.jsltravels.com\/cs\/wp-content\/uploads\/2025\/09\/Cheb-v-noci.jpg 600w, https:\/\/www.jsltravels.com\/cs\/wp-content\/uploads\/2025\/09\/Cheb-v-noci-480x640.jpg 480w\" sizes=\"(min-width: 0px) and (max-width: 480px) 480px, (min-width: 481px) 600px, 100vw\" class=\"wp-image-268312\" title=\"Cheb v noci\" alt=\"Mu\u017e nese d\u00edt\u011b na ramenou a proch\u00e1z\u00ed \u00fazkou ulic\u00ed po setm\u011bn\u00ed v Chebu.\" \/><\/span><\/a><\/div><\/div><div class=\"et_pb_column_5 et_pb_column et_pb_column_1_3 et_block_column et_pb_css_mix_blend_mode_passthrough\"><div class=\"et_pb_image_1 et_pb_image et_pb_module et_block_module\"><a href=\"https:\/\/www.jsltravels.com\/cs\/wp-content\/uploads\/2025\/09\/Cheb-Spalicek.jpg\" class=\"et_pb_lightbox_image\" alt=\"Zn\u00e1m\u00e9 budovy v Chebu, \u0160pal\u00ed\u010dek.\"><span class=\"et_pb_image_wrap\"><img loading=\"lazy\" decoding=\"async\" src=\"https:\/\/www.jsltravels.com\/cs\/wp-content\/uploads\/2025\/09\/Cheb-Spalicek.jpg\" width=\"600\" height=\"800\" srcset=\"https:\/\/www.jsltravels.com\/cs\/wp-content\/uploads\/2025\/09\/Cheb-Spalicek.jpg 600w, https:\/\/www.jsltravels.com\/cs\/wp-content\/uploads\/2025\/09\/Cheb-Spalicek-480x640.jpg 480w\" sizes=\"(min-width: 0px) and (max-width: 480px) 480px, (min-width: 481px) 600px, 100vw\" class=\"wp-image-268311\" title=\"Cheb Spalicek\" alt=\"Zn\u00e1m\u00e9 budovy v Chebu, \u0160pal\u00ed\u010dek.\" \/><\/span><\/a><\/div><\/div><div class=\"et_pb_column_6 et_pb_column et_pb_column_1_3 et-last-child et_block_column et_pb_css_mix_blend_mode_passthrough\"><div class=\"et_pb_image_2 et_pb_image et_pb_module et_block_module\"><a href=\"https:\/\/www.jsltravels.com\/cs\/wp-content\/uploads\/2025\/09\/Cheb-zima.jpg\" class=\"et_pb_lightbox_image\" alt=\"Kluzi\u0161t\u011b postaven\u00e9 na n\u00e1m\u011bst\u00ed v Chebu s osv\u011btlen\u00fdm \u0160pal\u00ed\u010dkem v pozad\u00ed.\"><span class=\"et_pb_image_wrap\"><img loading=\"lazy\" decoding=\"async\" src=\"https:\/\/www.jsltravels.com\/cs\/wp-content\/uploads\/2025\/09\/Cheb-zima.jpg\" width=\"600\" height=\"800\" srcset=\"https:\/\/www.jsltravels.com\/cs\/wp-content\/uploads\/2025\/09\/Cheb-zima.jpg 600w, https:\/\/www.jsltravels.com\/cs\/wp-content\/uploads\/2025\/09\/Cheb-zima-480x640.jpg 480w\" sizes=\"(min-width: 0px) and (max-width: 480px) 480px, (min-width: 481px) 600px, 100vw\" class=\"wp-image-268313\" title=\"Cheb zima\" alt=\"Kluzi\u0161t\u011b postaven\u00e9 na n\u00e1m\u011bst\u00ed v Chebu s osv\u011btlen\u00fdm \u0160pal\u00ed\u010dkem v pozad\u00ed.\" \/><\/span><\/a><\/div><\/div><\/div><div class=\"et_pb_row_4 et_pb_row et_block_row\"><div class=\"et_pb_column_7 et_pb_column et_pb_column_4_4 et-last-child et_block_column et_pb_css_mix_blend_mode_passthrough\"><div class=\"et_pb_text_3 et_pb_text et_pb_bg_layout_light et_pb_module et_block_module\"><div class=\"et_pb_text_inner\"><h2 data-start=\"0\" data-end=\"20\">Co d\u011blat v Chebu<\/h2>\n<p class=\"\" data-start=\"22\" data-end=\"38\"><strong data-start=\"22\" data-end=\"38\">Chebsk\u00fd hrad<\/strong><\/p>\n<p class=\"\" data-start=\"40\" data-end=\"154\">Projd\u011bte si z\u0159\u00edceninu, vylezte na \u010cernou v\u011b\u017e a u\u017eijte si v\u00fdhled na cel\u00e9 m\u011bsto. Rom\u00e1nsk\u00e1 kaple je opravdov\u00fd unik\u00e1t.<\/p>\n<p class=\"\" data-start=\"156\" data-end=\"342\">Vstupn\u00e9:<br data-start=\"164\" data-end=\"167\" \/>Pln\u00e9 vstupn\u00e9: 120 K\u010d<br data-start=\"187\" data-end=\"190\" \/>Sn\u00ed\u017een\u00e9 vstupn\u00e9 (d\u011bti 6\u201315 let, studenti, senio\u0159i 65+): 60 K\u010d<br data-start=\"251\" data-end=\"254\" \/>Rodinn\u00e9 vstupn\u00e9 (2 dosp\u011bl\u00ed + 2 d\u011bti): 300 K\u010d<br data-start=\"298\" data-end=\"301\" \/>D\u011bti do 6 let, ZTP s doprovodem: zdarma<\/p>\n<hr class=\"\" data-start=\"344\" data-end=\"347\" \/>\n<p class=\"\" data-start=\"349\" data-end=\"377\"><strong data-start=\"349\" data-end=\"377\">Historick\u00e9 centrum m\u011bsta<\/strong><\/p>\n<p class=\"\" data-start=\"379\" data-end=\"721\">Projd\u011bte se po n\u00e1m\u011bst\u00ed Kr\u00e1le Ji\u0159\u00edho, obdivujte architekturu a nasajte pohodovou atmosf\u00e9ru. P\u0159\u00edmo na n\u00e1m\u011bst\u00ed najdete restauraci U Kr\u00e1le Ji\u0159\u00edho \u2013 nejstar\u0161\u00ed v Chebu, kter\u00e1 funguje u\u017e od 16. stolet\u00ed. <strong data-start=\"575\" data-end=\"607\"><a target=\"_new\" rel=\"noopener\" data-start=\"577\" data-end=\"605\">MAPA<\/a><\/strong> V zim\u011b se tu konaj\u00ed v\u00e1no\u010dn\u00ed trhy, kter\u00e9 rozhodn\u011b stoj\u00ed za n\u00e1v\u0161t\u011bvu. A najdete tu i turistick\u00e9 informa\u010dn\u00ed centrum.<\/p>\n<hr class=\"\" data-start=\"723\" data-end=\"726\" \/>\n<p class=\"\" data-start=\"728\" data-end=\"743\"><strong data-start=\"728\" data-end=\"743\">Retromuseum<\/strong><\/p>\n<p class=\"\" data-start=\"745\" data-end=\"859\">Z\u00e1bavn\u00e9 a trochu bl\u00e1zniv\u00e9 muzeum pln\u00e9 v\u011bc\u00ed ze 70. a 80. let. Bav\u00ed dosp\u011bl\u00e9 a \u010dasto i d\u011bti v\u00edc, ne\u017e by \u010dlov\u011bk \u010dekal!<\/p>\n<p class=\"\" data-start=\"861\" data-end=\"905\">Otev\u00edrac\u00ed doba: \u00fater\u00fd a\u017e ned\u011ble, 10:00\u201317:00<\/p>\n<p class=\"\" data-start=\"907\" data-end=\"1193\">Vstupn\u00e9:<br data-start=\"915\" data-end=\"918\" \/>100 K\u010d (z\u00e1kladn\u00ed)<br data-start=\"935\" data-end=\"938\" \/>70 K\u010d (sn\u00ed\u017een\u00e9 \u2013 senio\u0159i 60+, studenti S\u0160 a V\u0160)<br data-start=\"985\" data-end=\"988\" \/>20 K\u010d (\u017e\u00e1ci Z\u0160, studenti S\u0160 v hromadn\u00fdch n\u00e1v\u0161t\u011bv\u00e1ch)<br data-start=\"1040\" data-end=\"1043\" \/>Zdarma (\u010dlenov\u00e9 klubu galerie, dr\u017eitel\u00e9 ZTP, \u010dlenov\u00e9 Rady galeri\u00ed, Sdru\u017een\u00ed historik\u016f um\u011bn\u00ed, ICOM, dr\u017eitel\u00e9 Karlovarsk\u00e9 karty, d\u011bti p\u0159ed\u0161koln\u00edho v\u011bku)<\/p>\n<hr class=\"\" data-start=\"1195\" data-end=\"1198\" \/>\n<p class=\"\" data-start=\"1200\" data-end=\"1212\"><strong data-start=\"1200\" data-end=\"1212\">Krajinka<\/strong><\/p>\n<p class=\"\" data-start=\"1214\" data-end=\"1491\">Obl\u00edben\u00e9 m\u00edsto m\u00edstn\u00edch pro rodinn\u00e9 v\u00fdlety: zdarma si tu m\u016f\u017eete zahr\u00e1t minigolf, proj\u00edt lanov\u00e9 p\u0159ek\u00e1\u017eky, zajezdit si na skate ramp\u011b, zacvi\u010dit si ve venkovn\u00ed posilovn\u011b nebo si jen u\u017e\u00edt h\u0159i\u0161t\u011b a okoln\u00ed p\u0159\u00edrodu. Najdete tu i bistro s ob\u010derstven\u00edm. <strong data-start=\"1459\" data-end=\"1491\"><a target=\"_new\" rel=\"noopener\" data-start=\"1461\" data-end=\"1489\">MAPA<\/a><\/strong><\/p>\n<\/div><\/div><\/div><\/div><div class=\"et_pb_row_5 et_pb_row et_block_row\"><div class=\"et_pb_column_8 et_pb_column et_pb_column_1_3 et_block_column et_pb_css_mix_blend_mode_passthrough\"><div class=\"et_pb_image_3 et_pb_image et_pb_module et_block_module\"><span class=\"et_pb_image_wrap\"><img loading=\"lazy\" decoding=\"async\" src=\"https:\/\/www.jsltravels.com\/cs\/wp-content\/uploads\/2025\/09\/Kostel.jpg\" width=\"600\" height=\"800\" srcset=\"https:\/\/www.jsltravels.com\/cs\/wp-content\/uploads\/2025\/09\/Kostel.jpg 600w, https:\/\/www.jsltravels.com\/cs\/wp-content\/uploads\/2025\/09\/Kostel-480x640.jpg 480w\" sizes=\"(min-width: 0px) and (max-width: 480px) 480px, (min-width: 481px) 600px, 100vw\" class=\"wp-image-268320\" title=\"Kostel\" alt=\"Kostel s v\u011b\u017ei\u010dkami v Chebu pod modrou oblohou.\" \/><\/span><\/div><\/div><div class=\"et_pb_column_9 et_pb_column et_pb_column_1_3 et_block_column et_pb_css_mix_blend_mode_passthrough\"><div class=\"et_pb_image_4 et_pb_image et_pb_module et_block_module\"><span class=\"et_pb_image_wrap\"><img loading=\"lazy\" decoding=\"async\" src=\"https:\/\/www.jsltravels.com\/cs\/wp-content\/uploads\/2025\/09\/Krajinka-most.jpg\" width=\"600\" height=\"800\" srcset=\"https:\/\/www.jsltravels.com\/cs\/wp-content\/uploads\/2025\/09\/Krajinka-most.jpg 600w, https:\/\/www.jsltravels.com\/cs\/wp-content\/uploads\/2025\/09\/Krajinka-most-480x640.jpg 480w\" sizes=\"(min-width: 0px) and (max-width: 480px) 480px, (min-width: 481px) 600px, 100vw\" class=\"wp-image-268321\" title=\"Krajinka most\" alt=\"Dlouh\u00e1 l\u00e1vka p\u0159es \u0159eku na Krajince v Chebu.\" \/><\/span><\/div><\/div><div class=\"et_pb_column_10 et_pb_column et_pb_column_1_3 et-last-child et_block_column et_pb_css_mix_blend_mode_passthrough\"><div class=\"et_pb_image_5 et_pb_image et_pb_module et_block_module\"><span class=\"et_pb_image_wrap\"><img loading=\"lazy\" decoding=\"async\" src=\"https:\/\/www.jsltravels.com\/cs\/wp-content\/uploads\/2025\/09\/Hurvinek.jpg\" width=\"600\" height=\"800\" srcset=\"https:\/\/www.jsltravels.com\/cs\/wp-content\/uploads\/2025\/09\/Hurvinek.jpg 600w, https:\/\/www.jsltravels.com\/cs\/wp-content\/uploads\/2025\/09\/Hurvinek-480x640.jpg 480w\" sizes=\"(min-width: 0px) and (max-width: 480px) 480px, (min-width: 481px) 600px, 100vw\" class=\"wp-image-268317\" title=\"Hurvinek\" alt=\"Chlapec s helmou na hlav\u011b pod\u00e1v\u00e1 ruku bronzov\u00e9 so\u0161e Hurv\u00ednka.\" \/><\/span><\/div><\/div><\/div><div class=\"et_pb_row_6 et_pb_row et_block_row\"><div class=\"et_pb_column_11 et_pb_column et_pb_column_1_3 et_block_column et_pb_css_mix_blend_mode_passthrough\"><div class=\"et_pb_image_6 et_pb_image et_pb_module et_block_module\"><span class=\"et_pb_image_wrap\"><img loading=\"lazy\" decoding=\"async\" src=\"https:\/\/www.jsltravels.com\/cs\/wp-content\/uploads\/2025\/09\/Kayak-Skalka.jpg\" width=\"600\" height=\"800\" srcset=\"https:\/\/www.jsltravels.com\/cs\/wp-content\/uploads\/2025\/09\/Kayak-Skalka.jpg 600w, https:\/\/www.jsltravels.com\/cs\/wp-content\/uploads\/2025\/09\/Kayak-Skalka-480x640.jpg 480w\" sizes=\"(min-width: 0px) and (max-width: 480px) 480px, (min-width: 481px) 600px, 100vw\" class=\"wp-image-268319\" title=\"Kayak Skalka\" alt=\"Mu\u017e a chlapec ve vest\u011b na k\u00e1noi.\" \/><\/span><\/div><\/div><div class=\"et_pb_column_12 et_pb_column et_pb_column_1_3 et_block_column et_pb_css_mix_blend_mode_passthrough\"><div class=\"et_pb_image_7 et_pb_image et_pb_module et_block_module\"><span class=\"et_pb_image_wrap\"><img loading=\"lazy\" decoding=\"async\" src=\"https:\/\/www.jsltravels.com\/cs\/wp-content\/uploads\/2025\/09\/Krajinka.jpg\" width=\"600\" height=\"800\" srcset=\"https:\/\/www.jsltravels.com\/cs\/wp-content\/uploads\/2025\/09\/Krajinka.jpg 600w, https:\/\/www.jsltravels.com\/cs\/wp-content\/uploads\/2025\/09\/Krajinka-480x640.jpg 480w\" sizes=\"(min-width: 0px) and (max-width: 480px) 480px, (min-width: 481px) 600px, 100vw\" class=\"wp-image-268322\" title=\"Krajinka\" alt=\"\u017dena p\u00f3zuje p\u0159ed oran\u017eovou budovou s odrazem ve vod\u011b pod modrou oblohou.\" \/><\/span><\/div><\/div><div class=\"et_pb_column_13 et_pb_column et_pb_column_1_3 et-last-child et_block_column et_pb_css_mix_blend_mode_passthrough\"><div class=\"et_pb_image_8 et_pb_image et_pb_module et_block_module\"><span class=\"et_pb_image_wrap\"><img loading=\"lazy\" decoding=\"async\" src=\"https:\/\/www.jsltravels.com\/cs\/wp-content\/uploads\/2025\/09\/Cheb-Hrad.jpg\" width=\"600\" height=\"800\" srcset=\"https:\/\/www.jsltravels.com\/cs\/wp-content\/uploads\/2025\/09\/Cheb-Hrad.jpg 600w, https:\/\/www.jsltravels.com\/cs\/wp-content\/uploads\/2025\/09\/Cheb-Hrad-480x640.jpg 480w\" sizes=\"(min-width: 0px) and (max-width: 480px) 480px, (min-width: 481px) 600px, 100vw\" class=\"wp-image-268310\" title=\"Cheb Hrad\" alt=\"Vstup do hradu v Chebu s velkou \u010dernou v\u011b\u017e\u00ed, kv\u011btinami a mu\u017eem nesouc\u00edm chlapce na ramenou.\" \/><\/span><\/div><\/div><\/div><div class=\"et_pb_row_7 et_pb_row et_block_row\"><div class=\"et_pb_column_14 et_pb_column et_pb_column_4_4 et-last-child et_block_column et_pb_css_mix_blend_mode_passthrough\"><div class=\"et_pb_text_4 et_pb_text et_pb_bg_layout_light et_pb_module et_block_module\"><div class=\"et_pb_text_inner\"><article class=\"text-token-text-primary w-full\" dir=\"auto\" data-testid=\"conversation-turn-36\" data-scroll-anchor=\"true\">\n<div class=\"text-base my-auto mx-auto py-5 [--thread-content-margin:--spacing(4)] @[37rem]:[--thread-content-margin:--spacing(6)] @[70rem]:[--thread-content-margin:--spacing(12)] px-(--thread-content-margin)\">\n<div class=\"[--thread-content-max-width:32rem] @[34rem]:[--thread-content-max-width:40rem] @[64rem]:[--thread-content-max-width:48rem] mx-auto flex max-w-(--thread-content-max-width) flex-1 text-base gap-4 md:gap-5 lg:gap-6 group\/turn-messages focus-visible:outline-hidden\" tabindex=\"-1\">\n<div class=\"group\/conversation-turn relative flex w-full min-w-0 flex-col agent-turn\">\n<div class=\"relative flex-col gap-1 md:gap-3\">\n<div class=\"flex max-w-full flex-col grow\">\n<div class=\"min-h-8 text-message relative flex w-full flex-col items-end gap-2 text-start break-words whitespace-normal [.text-message+&amp;]:mt-5\" dir=\"auto\" data-message-author-role=\"assistant\" data-message-id=\"40fa5ae1-7687-4ece-aecd-69f2f46862cc\" data-message-model-slug=\"gpt-4o-mini\">\n<div class=\"flex w-full flex-col gap-1 empty:hidden first:pt-[3px]\">\n<div class=\"markdown prose dark:prose-invert w-full break-words light\">\n<h2 data-start=\"0\" data-end=\"59\">V\u00fdlety z Chebu<\/h2>\n<h3 data-start=\"0\" data-end=\"59\">\ud83d\udccd Franti\u0161kovy L\u00e1zn\u011b (10 min j\u00edzdy)<\/h3>\n<p class=\"\" data-start=\"61\" data-end=\"124\">Kouzeln\u00e9 l\u00e1ze\u0148sk\u00e9 m\u011bsto s kr\u00e1sn\u00fdmi parky a miner\u00e1ln\u00edmi prameny.<\/p>\n<p>&nbsp;<\/p>\n<\/div>\n<\/div>\n<\/div>\n<\/div>\n<\/div>\n<\/div>\n<\/div>\n<\/div>\n<\/article>\n<\/div><\/div><\/div><\/div><div class=\"et_pb_row_8 et_pb_row et_block_row\"><div class=\"et_pb_column_15 et_pb_column et_pb_column_1_3 et_block_column et_pb_css_mix_blend_mode_passthrough\"><div class=\"et_pb_image_9 et_pb_image et_pb_module et_block_module\"><span class=\"et_pb_image_wrap\"><img loading=\"lazy\" decoding=\"async\" src=\"https:\/\/www.jsltravels.com\/cs\/wp-content\/uploads\/2025\/09\/Mikrovlak.jpg\" width=\"600\" height=\"800\" srcset=\"https:\/\/www.jsltravels.com\/cs\/wp-content\/uploads\/2025\/09\/Mikrovlak.jpg 600w, https:\/\/www.jsltravels.com\/cs\/wp-content\/uploads\/2025\/09\/Mikrovlak-480x640.jpg 480w\" sizes=\"(min-width: 0px) and (max-width: 480px) 480px, (min-width: 481px) 600px, 100vw\" class=\"wp-image-268324\" title=\"Mikrovlak\" alt=\"\u017dena a d\u011bti na vl\u00e1\u010dku z Franti\u0161kov\u00fdch L\u00e1zn\u00ed.\" \/><\/span><\/div><\/div><div class=\"et_pb_column_16 et_pb_column et_pb_column_1_3 et_block_column et_pb_css_mix_blend_mode_passthrough\"><div class=\"et_pb_image_10 et_pb_image et_pb_module et_block_module\"><span class=\"et_pb_image_wrap\"><img loading=\"lazy\" decoding=\"async\" src=\"https:\/\/www.jsltravels.com\/cs\/wp-content\/uploads\/2025\/09\/Jaro-ve-Fr.-Laznich.jpg\" width=\"600\" height=\"800\" srcset=\"https:\/\/www.jsltravels.com\/cs\/wp-content\/uploads\/2025\/09\/Jaro-ve-Fr.-Laznich.jpg 600w, https:\/\/www.jsltravels.com\/cs\/wp-content\/uploads\/2025\/09\/Jaro-ve-Fr.-Laznich-480x640.jpg 480w\" sizes=\"(min-width: 0px) and (max-width: 480px) 480px, (min-width: 481px) 600px, 100vw\" class=\"wp-image-268318\" title=\"Jaro ve Fr. Laznich\" alt=\"\u017dena se synem p\u0159ed z\u00e1honem r\u016f\u017eov\u00fdch tulip\u00e1n\u016f.\" \/><\/span><\/div><\/div><div class=\"et_pb_column_17 et_pb_column et_pb_column_1_3 et-last-child et_block_column et_pb_css_mix_blend_mode_passthrough\"><div class=\"et_pb_image_11 et_pb_image et_pb_module et_block_module\"><span class=\"et_pb_image_wrap\"><img loading=\"lazy\" decoding=\"async\" src=\"https:\/\/www.jsltravels.com\/cs\/wp-content\/uploads\/2025\/09\/Frantisek.jpg\" width=\"600\" height=\"800\" srcset=\"https:\/\/www.jsltravels.com\/cs\/wp-content\/uploads\/2025\/09\/Frantisek.jpg 600w, https:\/\/www.jsltravels.com\/cs\/wp-content\/uploads\/2025\/09\/Frantisek-480x640.jpg 480w\" sizes=\"(min-width: 0px) and (max-width: 480px) 480px, (min-width: 481px) 600px, 100vw\" class=\"wp-image-268315\" title=\"Frantisek\" alt=\"\u017dena se synem p\u00f3zuj\u00ed p\u0159ed bronzovou sochou Franti\u0161ka ve Franti\u0161kov\u00fdch L\u00e1zn\u00edch.\" \/><\/span><\/div><\/div><\/div><div class=\"et_pb_row_9 et_pb_row et_block_row\"><div class=\"et_pb_column_18 et_pb_column et_pb_column_4_4 et-last-child et_block_column et_pb_css_mix_blend_mode_passthrough\"><div class=\"et_pb_text_5 et_pb_text et_pb_bg_layout_light et_pb_module et_block_module\"><div class=\"et_pb_text_inner\"><article class=\"text-token-text-primary w-full\" dir=\"auto\" data-testid=\"conversation-turn-36\" data-scroll-anchor=\"true\">\n<div class=\"text-base my-auto mx-auto py-5 [--thread-content-margin:--spacing(4)] @[37rem]:[--thread-content-margin:--spacing(6)] @[70rem]:[--thread-content-margin:--spacing(12)] px-(--thread-content-margin)\">\n<div class=\"[--thread-content-max-width:32rem] @[34rem]:[--thread-content-max-width:40rem] @[64rem]:[--thread-content-max-width:48rem] mx-auto flex max-w-(--thread-content-max-width) flex-1 text-base gap-4 md:gap-5 lg:gap-6 group\/turn-messages focus-visible:outline-hidden\" tabindex=\"-1\">\n<div class=\"group\/conversation-turn relative flex w-full min-w-0 flex-col agent-turn\">\n<div class=\"relative flex-col gap-1 md:gap-3\">\n<div class=\"flex max-w-full flex-col grow\">\n<div class=\"min-h-8 text-message relative flex w-full flex-col items-end gap-2 text-start break-words whitespace-normal [.text-message+&amp;]:mt-5\" dir=\"auto\" data-message-author-role=\"assistant\" data-message-id=\"40fa5ae1-7687-4ece-aecd-69f2f46862cc\" data-message-model-slug=\"gpt-4o-mini\">\n<div class=\"flex w-full flex-col gap-1 empty:hidden first:pt-[3px]\">\n<div class=\"markdown prose dark:prose-invert w-full break-words light\">\n<h3 data-start=\"0\" data-end=\"37\">\ud83d\udccd Mari\u00e1nsk\u00e9 L\u00e1zn\u011b (30 min j\u00edzdy)<\/h3>\n<p class=\"\" data-start=\"39\" data-end=\"96\">\u00dachvatn\u00e9 kolon\u00e1dy, zp\u00edvaj\u00edc\u00ed font\u00e1na a poh\u00e1dkov\u00e9 krajiny.<\/p>\n<\/div>\n<\/div>\n<\/div>\n<\/div>\n<\/div>\n<\/div>\n<\/div>\n<\/div>\n<\/article>\n<\/div><\/div><\/div><\/div><div class=\"et_pb_row_10 et_pb_row et_block_row\"><div class=\"et_pb_column_19 et_pb_column et_pb_column_1_2 et_block_column et_pb_css_mix_blend_mode_passthrough\"><div class=\"et_pb_image_12 et_pb_image et_pb_module et_block_module\"><span class=\"et_pb_image_wrap\"><img loading=\"lazy\" decoding=\"async\" src=\"https:\/\/www.jsltravels.com\/cs\/wp-content\/uploads\/2025\/09\/Marianske-Lazne-Kolonada.jpg\" width=\"700\" height=\"700\" srcset=\"https:\/\/www.jsltravels.com\/cs\/wp-content\/uploads\/2025\/09\/Marianske-Lazne-Kolonada.jpg 700w, https:\/\/www.jsltravels.com\/cs\/wp-content\/uploads\/2025\/09\/Marianske-Lazne-Kolonada-480x480.jpg 480w\" sizes=\"(min-width: 0px) and (max-width: 480px) 480px, (min-width: 481px) 700px, 100vw\" class=\"wp-image-268330\" title=\"Marianske Lazne Kolonada\" alt=\"\u017dlut\u00e9 klenby kolon\u00e1dy v Mari\u00e1nsk\u00fdch L\u00e1zn\u00edch.\" \/><\/span><\/div><\/div><div class=\"et_pb_column_20 et_pb_column et_pb_column_1_2 et-last-child et_block_column et_pb_css_mix_blend_mode_passthrough\"><div class=\"et_pb_image_13 et_pb_image et_pb_module et_block_module\"><span class=\"et_pb_image_wrap\"><img loading=\"lazy\" decoding=\"async\" src=\"https:\/\/www.jsltravels.com\/cs\/wp-content\/uploads\/2025\/09\/Marianske-Lazne.jpg\" width=\"700\" height=\"700\" srcset=\"https:\/\/www.jsltravels.com\/cs\/wp-content\/uploads\/2025\/09\/Marianske-Lazne.jpg 700w, https:\/\/www.jsltravels.com\/cs\/wp-content\/uploads\/2025\/09\/Marianske-Lazne-480x480.jpg 480w\" sizes=\"(min-width: 0px) and (max-width: 480px) 480px, (min-width: 481px) 700px, 100vw\" class=\"wp-image-268331\" title=\"Marianske Lazne\" alt=\"Kolon\u00e1da a font\u00e1na v Mari\u00e1nsk\u00fdch L\u00e1zn\u00edch pod modrou oblohou.\" \/><\/span><\/div><\/div><\/div><div class=\"et_pb_row_11 et_pb_row et_block_row\"><div class=\"et_pb_column_21 et_pb_column et_pb_column_4_4 et-last-child et_block_column et_pb_css_mix_blend_mode_passthrough\"><div class=\"et_pb_text_6 et_pb_text et_pb_bg_layout_light et_pb_module et_block_module\"><div class=\"et_pb_text_inner\"><article class=\"text-token-text-primary w-full\" dir=\"auto\" data-testid=\"conversation-turn-36\" data-scroll-anchor=\"true\">\n<div class=\"text-base my-auto mx-auto py-5 [--thread-content-margin:--spacing(4)] @[37rem]:[--thread-content-margin:--spacing(6)] @[70rem]:[--thread-content-margin:--spacing(12)] px-(--thread-content-margin)\">\n<div class=\"[--thread-content-max-width:32rem] @[34rem]:[--thread-content-max-width:40rem] @[64rem]:[--thread-content-max-width:48rem] mx-auto flex max-w-(--thread-content-max-width) flex-1 text-base gap-4 md:gap-5 lg:gap-6 group\/turn-messages focus-visible:outline-hidden\" tabindex=\"-1\">\n<div class=\"group\/conversation-turn relative flex w-full min-w-0 flex-col agent-turn\">\n<div class=\"relative flex-col gap-1 md:gap-3\">\n<div class=\"flex max-w-full flex-col grow\">\n<div class=\"min-h-8 text-message relative flex w-full flex-col items-end gap-2 text-start break-words whitespace-normal [.text-message+&amp;]:mt-5\" dir=\"auto\" data-message-author-role=\"assistant\" data-message-id=\"40fa5ae1-7687-4ece-aecd-69f2f46862cc\" data-message-model-slug=\"gpt-4o-mini\">\n<div class=\"flex w-full flex-col gap-1 empty:hidden first:pt-[3px]\">\n<div class=\"markdown prose dark:prose-invert w-full break-words light\">\n<h3 data-start=\"0\" data-end=\"34\">\ud83d\udccd Karlovy Vary (35 min j\u00edzdy)<\/h3>\n<p class=\"\" data-start=\"36\" data-end=\"114\">Slavn\u00e9 pro term\u00e1ln\u00ed prameny a elegantn\u00ed promen\u00e1dy. Ide\u00e1ln\u00ed na celodenn\u00ed v\u00fdlet.<\/p>\n<p class=\"\" data-start=\"116\" data-end=\"340\">Co vid\u011bt v <a href=\"https:\/\/jsltravels.com\/cs\/karlovy-vary-pruvodce\/\" target=\"_blank\" rel=\"noopener\">Karlov\u00fdch Varech<\/a>? M\u011bli byste ochutnat <a href=\"https:\/\/jsltravels.com\/cs\/prameny-v-karlovych-varech\/\" target=\"_blank\" rel=\"noopener\">hork\u00e9 prameny<\/a>, vyjet <a href=\"https:\/\/jsltravels.com\/cs\/karlovy-vary-a-rozhledna-diana\/\" target=\"_blank\" rel=\"noopener\">lanovkou na Dianu<\/a> nebo nav\u0161t\u00edvit kouzeln\u00e9 <a href=\"https:\/\/jsltravels.com\/cs\/vanocni-dum-v-karlovych-varech\/\" target=\"_blank\" rel=\"noopener\">V\u00e1no\u010dn\u00ed d\u016fm<\/a>? M\u00e1me pro v\u00e1s \u010dl\u00e1nky na v\u0161echna tato m\u00edsta \u2013 pono\u0159te se do nich a napl\u00e1nujte si sv\u016fj dokonal\u00fd v\u00fdlet!<\/p>\n<\/div>\n<\/div>\n<\/div>\n<\/div>\n<\/div>\n<\/div>\n<\/div>\n<\/div>\n<\/article>\n<\/div><\/div><\/div><\/div><div class=\"et_pb_row_12 et_pb_row et_block_row\"><div class=\"et_pb_column_22 et_pb_column et_pb_column_1_3 et_block_column et_pb_css_mix_blend_mode_passthrough\"><div class=\"et_pb_image_14 et_pb_image et_pb_module et_block_module\"><span class=\"et_pb_image_wrap\"><img loading=\"lazy\" decoding=\"async\" src=\"https:\/\/www.jsltravels.com\/cs\/wp-content\/uploads\/2025\/09\/Jeleni-Skok.jpg\" width=\"600\" height=\"800\" srcset=\"https:\/\/www.jsltravels.com\/cs\/wp-content\/uploads\/2025\/09\/Jeleni-Skok.jpg 600w, https:\/\/www.jsltravels.com\/cs\/wp-content\/uploads\/2025\/09\/Jeleni-Skok-480x640.jpg 480w\" sizes=\"(min-width: 0px) and (max-width: 480px) 480px, (min-width: 481px) 600px, 100vw\" class=\"wp-image-268284\" title=\"Jeleni Skok\" alt=\"Kamz\u00edk na vysok\u00e9 sk\u00e1le v Karlov\u00fdch Varech obklopen lesy.\" \/><\/span><\/div><\/div><div class=\"et_pb_column_23 et_pb_column et_pb_column_1_3 et_block_column et_pb_css_mix_blend_mode_passthrough\"><div class=\"et_pb_image_15 et_pb_image et_pb_module et_block_module\"><span class=\"et_pb_image_wrap\"><img loading=\"lazy\" decoding=\"async\" src=\"https:\/\/www.jsltravels.com\/cs\/wp-content\/uploads\/2025\/09\/Karlovy-Vary-2.jpg\" width=\"600\" height=\"800\" srcset=\"https:\/\/www.jsltravels.com\/cs\/wp-content\/uploads\/2025\/09\/Karlovy-Vary-2.jpg 600w, https:\/\/www.jsltravels.com\/cs\/wp-content\/uploads\/2025\/09\/Karlovy-Vary-2-480x640.jpg 480w\" sizes=\"(min-width: 0px) and (max-width: 480px) 480px, (min-width: 481px) 600px, 100vw\" class=\"wp-image-268286\" title=\"Karlovy Vary (2)\" alt=\"Leteck\u00fd pohled na Karlovy Vary.\" \/><\/span><\/div><\/div><div class=\"et_pb_column_24 et_pb_column et_pb_column_1_3 et-last-child et_block_column et_pb_css_mix_blend_mode_passthrough\"><div class=\"et_pb_image_16 et_pb_image et_pb_module et_block_module\"><span class=\"et_pb_image_wrap\"><img loading=\"lazy\" decoding=\"async\" src=\"https:\/\/www.jsltravels.com\/cs\/wp-content\/uploads\/2025\/04\/Hrnek.jpg\" width=\"600\" height=\"800\" srcset=\"https:\/\/www.jsltravels.com\/cs\/wp-content\/uploads\/2025\/04\/Hrnek.jpg 600w, https:\/\/www.jsltravels.com\/cs\/wp-content\/uploads\/2025\/04\/Hrnek-480x640.jpg 480w\" sizes=\"(min-width: 0px) and (max-width: 480px) 480px, (min-width: 481px) 600px, 100vw\" class=\"wp-image-268276\" title=\"Hrnek\" alt=\"L\u00e1ze\u0148sk\u00fd hrne\u010dek z Karlov\u00fdch Var\u016f.\" \/><\/span><\/div><\/div><\/div><div class=\"et_pb_row_13 et_pb_row et_block_row\"><div class=\"et_pb_column_25 et_pb_column et_pb_column_4_4 et-last-child et_block_column et_pb_css_mix_blend_mode_passthrough\"><div class=\"et_pb_text_7 et_pb_text et_pb_bg_layout_light et_pb_module et_block_module\"><div class=\"et_pb_text_inner\"><article class=\"text-token-text-primary w-full\" dir=\"auto\" data-testid=\"conversation-turn-36\" data-scroll-anchor=\"true\">\n<div class=\"text-base my-auto mx-auto py-5 [--thread-content-margin:--spacing(4)] @[37rem]:[--thread-content-margin:--spacing(6)] @[70rem]:[--thread-content-margin:--spacing(12)] px-(--thread-content-margin)\">\n<div class=\"[--thread-content-max-width:32rem] @[34rem]:[--thread-content-max-width:40rem] @[64rem]:[--thread-content-max-width:48rem] mx-auto flex max-w-(--thread-content-max-width) flex-1 text-base gap-4 md:gap-5 lg:gap-6 group\/turn-messages focus-visible:outline-hidden\" tabindex=\"-1\">\n<div class=\"group\/conversation-turn relative flex w-full min-w-0 flex-col agent-turn\">\n<div class=\"relative flex-col gap-1 md:gap-3\">\n<div class=\"flex max-w-full flex-col grow\">\n<div class=\"min-h-8 text-message relative flex w-full flex-col items-end gap-2 text-start break-words whitespace-normal [.text-message+&amp;]:mt-5\" dir=\"auto\" data-message-author-role=\"assistant\" data-message-id=\"40fa5ae1-7687-4ece-aecd-69f2f46862cc\" data-message-model-slug=\"gpt-4o-mini\">\n<div class=\"flex w-full flex-col gap-1 empty:hidden first:pt-[3px]\">\n<div class=\"markdown prose dark:prose-invert w-full break-words light\">\n<h3 data-pm-slice=\"1 1 []\"><\/h3>\n<h3>\ud83d\udccd Loket a Loketsk\u00fd hrad (30 min j\u00edzdy)<\/h3>\n<p>Kouzeln\u00fd hrad na vrcholu kopce obklopen\u00fd ohybem \u0159eky \u2013 vypad\u00e1 to, jako by vypadl z poh\u00e1dky.<\/p>\n<\/div>\n<\/div>\n<\/div>\n<\/div>\n<\/div>\n<\/div>\n<\/div>\n<\/div>\n<\/article>\n<\/div><\/div><\/div><\/div><div class=\"et_pb_row_14 et_pb_row et_block_row\"><div class=\"et_pb_column_26 et_pb_column et_pb_column_1_3 et_block_column et_pb_css_mix_blend_mode_passthrough\"><div class=\"et_pb_image_17 et_pb_image et_pb_module et_block_module\"><span class=\"et_pb_image_wrap\"><img loading=\"lazy\" decoding=\"async\" src=\"https:\/\/www.jsltravels.com\/cs\/wp-content\/uploads\/2025\/07\/Hrad-Loke.jpg\" width=\"600\" height=\"800\" srcset=\"https:\/\/www.jsltravels.com\/cs\/wp-content\/uploads\/2025\/07\/Hrad-Loke.jpg 600w, https:\/\/www.jsltravels.com\/cs\/wp-content\/uploads\/2025\/07\/Hrad-Loke-480x640.jpg 480w\" sizes=\"(min-width: 0px) and (max-width: 480px) 480px, (min-width: 481px) 600px, 100vw\" class=\"wp-image-267049\" title=\"Hrad-Loket\" alt=\"Mu\u017e dr\u017e\u00ed mal\u00e9 d\u00edt\u011b v lokti na most\u011b, za nimi se nach\u00e1z\u00ed hrad Loket, historick\u00e1 kamenn\u00e1 stavba pod modrou oblohou.\" \/><\/span><\/div><\/div><div class=\"et_pb_column_27 et_pb_column et_pb_column_1_3 et_block_column et_pb_css_mix_blend_mode_passthrough\"><div class=\"et_pb_image_18 et_pb_image et_pb_module et_block_module\"><span class=\"et_pb_image_wrap\"><img loading=\"lazy\" decoding=\"async\" src=\"https:\/\/www.jsltravels.com\/cs\/wp-content\/uploads\/2025\/07\/Loket-1.jpg\" width=\"600\" height=\"800\" srcset=\"https:\/\/www.jsltravels.com\/cs\/wp-content\/uploads\/2025\/07\/Loket-1.jpg 600w, https:\/\/www.jsltravels.com\/cs\/wp-content\/uploads\/2025\/07\/Loket-1-480x640.jpg 480w\" sizes=\"(min-width: 0px) and (max-width: 480px) 480px, (min-width: 481px) 600px, 100vw\" class=\"wp-image-267048\" title=\"Loket-1\" alt=\"Kov\u00e1\u0159 pracuje se \u017eelezem p\u0159ed historickou budovou v Lokti.\" \/><\/span><\/div><\/div><div class=\"et_pb_column_28 et_pb_column et_pb_column_1_3 et-last-child et_block_column et_pb_css_mix_blend_mode_passthrough\"><div class=\"et_pb_image_19 et_pb_image et_pb_module et_block_module\"><span class=\"et_pb_image_wrap\"><img loading=\"lazy\" decoding=\"async\" src=\"https:\/\/www.jsltravels.com\/cs\/wp-content\/uploads\/2025\/07\/Svatosske-Skaly-1.jpg\" width=\"600\" height=\"800\" srcset=\"https:\/\/www.jsltravels.com\/cs\/wp-content\/uploads\/2025\/07\/Svatosske-Skaly-1.jpg 600w, https:\/\/www.jsltravels.com\/cs\/wp-content\/uploads\/2025\/07\/Svatosske-Skaly-1-480x640.jpg 480w\" sizes=\"(min-width: 0px) and (max-width: 480px) 480px, (min-width: 481px) 600px, 100vw\" class=\"wp-image-267050\" title=\"Svatosske-Skaly-1\" alt=\"Most p\u0159es Svato\u0161sk\u00e9 sk\u00e1ly, kter\u00e9 se ty\u010d\u00ed nad n\u00edm, obklopen\u00fd zelen\u00fdm lesem a pod modrou oblohou.\" \/><\/span><\/div><\/div><\/div><div class=\"et_pb_row_15 et_pb_row et_block_row\"><div class=\"et_pb_column_29 et_pb_column et_pb_column_4_4 et-last-child et_block_column et_pb_css_mix_blend_mode_passthrough\"><div class=\"et_pb_text_8 et_pb_text et_pb_bg_layout_light et_pb_module et_block_module\"><div class=\"et_pb_text_inner\"><h2 data-start=\"0\" data-end=\"28\">Co d\u011blat v Chebu s d\u011btmi<\/h2>\n<p><strong data-start=\"30\" data-end=\"42\">Krajinka<\/strong> \u2013 Skv\u011bl\u00e9 m\u00edsto pro celodenn\u00ed z\u00e1bavu s d\u011btmi! Najdete zde skatepark, sez\u00f3nn\u00ed lanovou dr\u00e1hu, mini golf s malou restaurac\u00ed, basketbalov\u00e1 h\u0159i\u0161t\u011b, d\u011btsk\u00e1 h\u0159i\u0161t\u011b, venkovn\u00ed posilovnu a n\u011bkolik bister a kav\u00e1ren. Je to snadn\u00e1 proch\u00e1zka z centra Chebu, co\u017e d\u011bl\u00e1 tento v\u00fdlet ide\u00e1ln\u00edm pro rodiny. <a target=\"_new\" rel=\"noopener\" data-start=\"328\" data-end=\"362\">MAP<\/a><\/p>\n<p class=\"\" data-start=\"364\" data-end=\"572\"><strong data-start=\"364\" data-end=\"397\">Aquaforum (Franti\u0161kovy L\u00e1zn\u011b)<\/strong> \u2013 Celoro\u010dn\u00ed kryt\u00fd i venkovn\u00ed aquapark s baz\u00e9ny, skluzavkami a wellness z\u00f3nami. Skv\u011bl\u00e9 pro v\u0161echny v\u011bkov\u00e9 kategorie, ide\u00e1ln\u00ed na de\u0161tiv\u00e9 dny. <a target=\"_new\" rel=\"noopener\" data-start=\"538\" data-end=\"572\">MAPA<\/a><\/p>\n<p class=\"\" data-start=\"574\" data-end=\"1161\"><strong data-start=\"574\" data-end=\"627\">ZOO Amerika &amp; Mini vlak do\/z Franti\u0161kov\u00fdch L\u00e1zn\u00ed<\/strong> \u2013 V \u010dervenci a srpnu jezd\u00ed mal\u00fd turistick\u00fd vl\u00e1\u010dek denn\u011b mezi 11:00 a 17:00 (za p\u0159\u00edzniv\u00e9ho po\u010das\u00ed, proto\u017ee je venkovn\u00ed). J\u00edzda trv\u00e1 asi 10 minut a stoj\u00ed 40 K\u010d jedn\u00edm sm\u011brem, d\u011bti do 15 let plat\u00ed polovinu.<\/p>\n<p data-pm-slice=\"1 1 []\">Mikrovl\u00e1\u010dek vyj\u00ed\u017ed\u00ed v sez\u00f3n\u011b ka\u017edou p\u016flhodinu od informa\u010dn\u00edho centra v centru Franti\u0161kov\u00fdch L\u00e1zn\u00ed <a href=\"https:\/\/mapy.com\/en\/zakladni?source=addr&amp;id=10288874&amp;ds=1&amp;x=12.3493179&amp;y=50.1166440&amp;z=18\" target=\"_blank\" rel=\"noopener\">MAPA<\/a>.<\/p>\n<p class=\"\" data-start=\"574\" data-end=\"1161\">Vlak zastavuje u vstupu do Zoo koutku Amerika. D\u011bti se zde mohou setkat a pohladit zv\u00ed\u0159ata jako lamy, kozy nebo prasata. Zde tak\u00e9 za\u010d\u00edn\u00e1 \u010derven\u00e1 \"srdcov\u00e1 stezka\" \u2014 malebn\u00e1 proch\u00e1zka, kter\u00e1 vede n\u00e1v\u0161t\u011bvn\u00edky zp\u011bt do Franti\u0161kov\u00fdch L\u00e1zn\u00ed. <a target=\"_new\" rel=\"noopener\" data-start=\"1127\" data-end=\"1161\">MAPA<\/a><\/p>\n<p class=\"\" data-start=\"1163\" data-end=\"1558\"><strong data-start=\"1163\" data-end=\"1190\">P\u0159\u00edrodn\u00ed rezervace SOOS<\/strong> \u2013 \u010casto naz\u00fdv\u00e1na \"\u010cesk\u00fd Yellowstone\", tato jedine\u010dn\u00e1 p\u0159\u00edrodn\u00ed rezervace nab\u00edz\u00ed bublaj\u00edc\u00ed miner\u00e1ln\u00ed prameny, ra\u0161elini\u0161t\u011b a zachovalou prav\u011bkou krajinu. M\u016f\u017eete se proch\u00e1zet po vyv\u00fd\u0161en\u00fdch d\u0159ev\u011bn\u00fdch stezk\u00e1ch fascinuj\u00edc\u00edm ter\u00e9nem a dokonce vid\u011bt modely dinosaur\u016f v \u017eivotn\u00ed velikosti, co\u017e je z\u00e1bavn\u00fd a vzd\u011bl\u00e1vac\u00ed v\u00fdlet pro d\u011bti i dosp\u011bl\u00e9. <a target=\"_new\" rel=\"noopener\" data-start=\"1524\" data-end=\"1558\">MAPA<\/a><\/p>\n<p class=\"\" data-start=\"1560\" data-end=\"1915\"><strong data-start=\"1560\" data-end=\"1576\">Hrad Seeberg<\/strong> \u2013 Vra\u0165te se v \u010dase a prozkoumejte jeden z nejl\u00e9pe zachovan\u00fdch st\u0159edov\u011bk\u00fdch hrad\u016f v regionu. Po n\u00e1v\u0161t\u011bv\u011b si m\u016f\u017eete vychutnat j\u00eddlo naproti p\u0159es ulici v Pizzerii Seeberg, kter\u00e1 nab\u00edz\u00ed venkovn\u00ed posezen\u00ed p\u0159\u00edmo vedle velk\u00e9ho d\u011btsk\u00e9ho h\u0159i\u0161t\u011b \u2014 ide\u00e1ln\u00ed pro d\u011bti, kter\u00e9 si mohou hr\u00e1t, zat\u00edmco rodi\u010de odpo\u010d\u00edvaj\u00ed. <a target=\"_new\" rel=\"noopener\" data-start=\"1881\" data-end=\"1915\">MAPA<\/a><\/p>\n<p class=\"\" data-start=\"1917\" data-end=\"2264\"><strong data-start=\"1917\" data-end=\"1952\">Vstupn\u00e9 do hradu Seeberg (2025)<\/strong>:<br \/>\nDosp\u011bl\u00ed: 160 K\u010d<br data-start=\"1969\" data-end=\"1972\" \/>Senio\u0159i, studenti, n\u00e1v\u0161t\u011bvn\u00edci se zdravotn\u00edm posti\u017een\u00edm (ZTP): 140 K\u010d<br data-start=\"2041\" data-end=\"2044\" \/>D\u011bti 6\u201315 let: 80 K\u010d<br data-start=\"2064\" data-end=\"2067\" \/>Rodinn\u00e9 vstupn\u00e9 (2 dosp\u011bl\u00ed + a\u017e 3 d\u011bti): 350 K\u010d<br data-start=\"2114\" data-end=\"2117\" \/>D\u011bti do 6 let a ZTP\/P: zdarma<br data-start=\"2146\" data-end=\"2149\" \/>Zav\u0159eno v pond\u011bl\u00ed a v n\u011bkter\u00fdch zimn\u00edch m\u011bs\u00edc\u00edch. Pro aktu\u00e1ln\u00ed otev\u00edrac\u00ed dobu si zkontrolujte jejich ofici\u00e1ln\u00ed web.<\/p>\n<hr class=\"\" data-start=\"2266\" data-end=\"2269\" \/>\n<h2 data-start=\"2271\" data-end=\"2308\"><\/h2>\n<h2 data-start=\"2271\" data-end=\"2308\">Dal\u0161\u00ed turistick\u00e9 aktivity v Chebu<\/h2>\n<p>&nbsp;<\/p>\n<p class=\"\" data-start=\"2310\" data-end=\"2582\"><strong data-start=\"2310\" data-end=\"2335\">Proch\u00e1zky s pr\u016fvodcem<\/strong> \u2013 V letn\u00edch m\u011bs\u00edc\u00edch jsou k dispozici prohl\u00eddky historick\u00e9ho centra Chebu. Objevte bohatou historii m\u011bsta, legendy a unik\u00e1tn\u00ed architekturu \u2014 v\u010detn\u011b slavn\u00fdch dom\u016f \u0160pal\u00ed\u010dek a Chebsk\u00e9ho hradu \u2014 s m\u00edstn\u00edm pr\u016fvodcem. <a target=\"_new\" rel=\"noopener\" data-start=\"2548\" data-end=\"2582\">MAPA<\/a><\/p>\n<p class=\"\" data-start=\"2584\" data-end=\"2973\"><strong data-start=\"2584\" data-end=\"2623\">Hrad Vild\u0161tejn &amp; St\u0159edov\u011bk\u00e1 hostina<\/strong> \u2013 Kousek za Chebem m\u016f\u017eete nav\u0161t\u00edvit hrad Vild\u0161tejn ve Skaln\u00e9, kr\u00e1sn\u011b zrestaurovanou rom\u00e1nskou pevnost. Pro mnoho n\u00e1v\u0161t\u011bvn\u00edk\u016f je vrcholem st\u0159edov\u011bk\u00e1 s\u00ed\u0148 hostiny, kde si m\u016f\u017eete objednat tradi\u010dn\u00ed st\u0159edov\u011bkou hostinu s kost\u00fdmovan\u00fdmi obsluhami a historickou atmosf\u00e9rou \u2014 z\u00e1bavn\u00fd a pohlcuj\u00edc\u00ed z\u00e1\u017eitek pro dosp\u011bl\u00e9 i d\u011bti. <a target=\"_new\" rel=\"noopener\" data-start=\"2939\" data-end=\"2973\">MAPA<\/a><\/p>\n<p class=\"\" data-start=\"2975\" data-end=\"3176\"><strong data-start=\"2975\" data-end=\"2990\">Cyklostezky<\/strong> \u2013 Cheb je obklopen malebn\u00fdmi cyklotrasami, kter\u00e9 vedou lesy, otev\u0159enou krajinou a pod\u00e9l \u0159eky Oh\u0159e. Stezky jsou dob\u0159e zna\u010den\u00e9 a vhodn\u00e9 pro rodiny, rekrea\u010dn\u00ed cyklisty i zku\u0161en\u011bj\u0161\u00ed jezdce.<\/p>\n<p class=\"\" data-start=\"3178\" data-end=\"3454\"><strong data-start=\"3178\" data-end=\"3206\">Sez\u00f3nn\u00ed festivaly a trhy<\/strong> \u2013 B\u011bhem roku Cheb po\u0159\u00e1d\u00e1 n\u011bkolik festival\u016f a akc\u00ed. Mezi hlavn\u00ed pat\u0159\u00ed st\u0159edov\u011bk\u00e9 trhy, historick\u00e9 rekonstrukce, \u0159emesln\u00e9 trhy a \u017eiv\u00fd v\u00e1no\u010dn\u00ed trh na N\u00e1m\u011bst\u00ed Kr\u00e1le Ji\u0159\u00edho. Tyto akce o\u017eivuj\u00ed m\u011bsto hudbou, kost\u00fdmy, st\u00e1nky s j\u00eddlem a \u0159emesln\u00fdmi v\u00fdrobky.<\/p>\n<p class=\"\" data-start=\"3456\" data-end=\"3885\"><strong data-start=\"3456\" data-end=\"3496\">Rafting na \u0159ece Oh\u0159i (Cheb a\u017e Loket)<\/strong> \u2013 Pro milovn\u00edky outdoorov\u00fdch dobrodru\u017estv\u00ed je rafting na \u0159ece Oh\u0159i z Chebu do st\u0159edov\u011bk\u00e9ho m\u011bsta Loket nezapomenuteln\u00fd z\u00e1\u017eitek. Trasa v\u00e1s zavede kr\u00e1snou p\u0159\u00edrodou a malebn\u00fdmi krajinami, s mo\u017enost\u00ed zastavit se v mal\u00fdch vesnic\u00edch nebo si ud\u011blat piknik po cest\u011b. Pron\u00e1jmy raft\u016f a k\u00e1no\u00ed jsou k dispozici sez\u00f3nn\u011b, obvykle od pozdn\u00edho jara do za\u010d\u00e1tku podzimu. <a target=\"_new\" rel=\"noopener\" data-start=\"3850\" data-end=\"3885\" data-is-last-node=\"\">INFO<\/a><\/p>\n<\/div><\/div><\/div><\/div><div class=\"et_pb_row_16 et_pb_row et_block_row\"><div class=\"et_pb_column_30 et_pb_column et_pb_column_1_3 et_block_column et_pb_css_mix_blend_mode_passthrough\"><div class=\"et_pb_image_20 et_pb_image et_pb_module et_block_module\"><span class=\"et_pb_image_wrap\"><img loading=\"lazy\" decoding=\"async\" src=\"https:\/\/www.jsltravels.com\/cs\/wp-content\/uploads\/2025\/07\/Seeberg-1.jpg\" width=\"600\" height=\"800\" srcset=\"https:\/\/www.jsltravels.com\/cs\/wp-content\/uploads\/2025\/07\/Seeberg-1.jpg 600w, https:\/\/www.jsltravels.com\/cs\/wp-content\/uploads\/2025\/07\/Seeberg-1-480x640.jpg 480w\" sizes=\"(min-width: 0px) and (max-width: 480px) 480px, (min-width: 481px) 600px, 100vw\" class=\"wp-image-267051\" title=\"Seeberg-1\" alt=\"Malebn\u00fd hr\u00e1zd\u011bn\u00fd vodn\u00ed ml\u00fdn s opr\u00fdskan\u00fdm kolem stoj\u00ed u klidn\u00e9ho potoka, obklopen\u00fd stromy bez list\u00ed. Cel\u00e1 sc\u00e9na vyvol\u00e1v\u00e1 rustik\u00e1ln\u00ed a poklidnou atmosf\u00e9ru.\" \/><\/span><\/div><\/div><div class=\"et_pb_column_31 et_pb_column et_pb_column_1_3 et_block_column et_pb_css_mix_blend_mode_passthrough\"><div class=\"et_pb_image_21 et_pb_image et_pb_module et_block_module\"><span class=\"et_pb_image_wrap\"><img loading=\"lazy\" decoding=\"async\" src=\"https:\/\/www.jsltravels.com\/cs\/wp-content\/uploads\/2025\/07\/Vildstejn-Castle-1.jpg\" width=\"600\" height=\"800\" srcset=\"https:\/\/www.jsltravels.com\/cs\/wp-content\/uploads\/2025\/07\/Vildstejn-Castle-1.jpg 600w, https:\/\/www.jsltravels.com\/cs\/wp-content\/uploads\/2025\/07\/Vildstejn-Castle-1-480x640.jpg 480w\" sizes=\"(min-width: 0px) and (max-width: 480px) 480px, (min-width: 481px) 600px, 100vw\" class=\"wp-image-267052\" title=\"Vildstejn-Castle-1\" alt=\"\u017dena v rustik\u00e1ln\u00edm prost\u0159ed\u00ed sed\u00ed u d\u0159ev\u011bn\u00e9ho stolu pod d\u0159ev\u011bnou pergolou. V\u00fdzdobu dopl\u0148uj\u00ed zav\u011b\u0161en\u00e9 m\u011bd\u011bn\u00e9 hrnce, kolo a su\u0161en\u00e1 kuku\u0159ice. Atmosf\u00e9ra je \u00fatuln\u00e1 a uvoln\u011bn\u00e1.\" \/><\/span><\/div><\/div><div class=\"et_pb_column_32 et_pb_column et_pb_column_1_3 et-last-child et_block_column et_pb_css_mix_blend_mode_passthrough\"><div class=\"et_pb_image_22 et_pb_image et_pb_module et_block_module\"><span class=\"et_pb_image_wrap\"><img loading=\"lazy\" decoding=\"async\" src=\"https:\/\/www.jsltravels.com\/cs\/wp-content\/uploads\/2025\/07\/Kafe-1.jpg\" width=\"600\" height=\"800\" srcset=\"https:\/\/www.jsltravels.com\/cs\/wp-content\/uploads\/2025\/07\/Kafe-1.jpg 600w, https:\/\/www.jsltravels.com\/cs\/wp-content\/uploads\/2025\/07\/Kafe-1-480x640.jpg 480w\" sizes=\"(min-width: 0px) and (max-width: 480px) 480px, (min-width: 481px) 600px, 100vw\" class=\"wp-image-267053\" title=\"Kafe-1\" alt=\"Ruka dr\u017e\u00ed b\u00edl\u00fd \u0161\u00e1lek k\u00e1vy na pod\u0161\u00e1lku, v pozad\u00ed se rozprost\u00edr\u00e1 malebn\u00fd v\u00fdhled na evropsk\u00e9 m\u011bste\u010dko. Atmosf\u00e9ra je klidn\u00e1 a malebn\u00e1.\" \/><\/span><\/div><\/div><\/div><div class=\"et_pb_row_17 et_pb_row et_block_row\"><div class=\"et_pb_column_33 et_pb_column et_pb_column_4_4 et-last-child et_block_column et_pb_css_mix_blend_mode_passthrough\"><div class=\"et_pb_text_9 et_pb_text et_pb_bg_layout_light et_pb_module et_block_module\"><div class=\"et_pb_text_inner\"><article class=\"text-token-text-primary w-full\" dir=\"auto\" data-testid=\"conversation-turn-34\" data-scroll-anchor=\"true\">\n<div class=\"text-base my-auto mx-auto py-5 [--thread-content-margin:--spacing(4)] @[37rem]:[--thread-content-margin:--spacing(6)] @[72rem]:[--thread-content-margin:--spacing(16)] px-(--thread-content-margin)\">\n<div class=\"[--thread-content-max-width:32rem] @[34rem]:[--thread-content-max-width:40rem] @[64rem]:[--thread-content-max-width:48rem] mx-auto flex max-w-(--thread-content-max-width) flex-1 text-base gap-4 md:gap-5 lg:gap-6 group\/turn-messages focus-visible:outline-hidden\" tabindex=\"-1\">\n<div class=\"group\/conversation-turn relative flex w-full min-w-0 flex-col agent-turn\">\n<div class=\"relative flex-col gap-1 md:gap-3\">\n<div class=\"flex max-w-full flex-col grow\">\n<div class=\"min-h-8 text-message relative flex w-full flex-col items-end gap-2 text-start break-words whitespace-normal [.text-message+&amp;]:mt-5\" dir=\"auto\" data-message-author-role=\"assistant\" data-message-id=\"7107aeb8-30c0-4649-8f39-676a9d6c3f81\" data-message-model-slug=\"gpt-4o-mini\">\n<div class=\"flex w-full flex-col gap-1 empty:hidden first:pt-[3px]\">\n<div class=\"markdown prose dark:prose-invert w-full break-words light\">\n<h2 data-start=\"0\" data-end=\"27\">Vegansk\u00e1 strava v Chebu<\/h2>\n<p class=\"\" data-start=\"29\" data-end=\"247\"><strong data-start=\"29\" data-end=\"45\">Bagel Lounge<\/strong> \u2013 Tento \u00fatuln\u00fd podnik, kter\u00fd se nach\u00e1z\u00ed p\u0159\u00edmo na hlavn\u00edm n\u00e1m\u011bst\u00ed, nab\u00edz\u00ed n\u011bkolik vegetari\u00e1nsk\u00fdch a vegansk\u00fdch bagel\u016f. Skv\u011bl\u00e9 pro rychl\u00fd ob\u011bd nebo lehkou sva\u010dinu s hezk\u00fdm v\u00fdhledem na historick\u00e9 centrum.<\/p>\n<p class=\"\" data-start=\"249\" data-end=\"619\"><strong data-start=\"249\" data-end=\"270\">Bartholomeus Cheb<\/strong> \u2013 Asijsk\u00e1 restaurace, kter\u00e1 m\u00e1 n\u011bkolik vegansk\u00fdch j\u00eddel, jako jsou avok\u00e1dov\u00e9 rolky, \u010derstv\u00e9 sal\u00e1ty nebo teriyaki udon (bez masa). I kdy\u017e moment\u00e1ln\u011b nenab\u00edzej\u00ed tofu nebo mo\u017enost substituc\u00ed, trochu p\u0159\u00e1telsk\u00e9 komunikace m\u016f\u017ee situaci zm\u011bnit \u2013 nebojte se po\u017e\u00e1dat o vegansk\u00e9 mo\u017enosti a povzbudit je, aby roz\u0161\u00ed\u0159ili sv\u00e9 nab\u00eddky na rostlinn\u00e9 produkty!<\/p>\n<p class=\"\" data-start=\"621\" data-end=\"930\"><strong data-start=\"621\" data-end=\"653\">Manakamana Indian Restaurant<\/strong> \u2013 Chutn\u00e1 volba s n\u011bkolika vegetari\u00e1nsk\u00fdmi a tofu pokrmy, kter\u00e9 jsou jasn\u011b ozna\u010deny v menu. I kdy\u017e pod\u00e1vaj\u00ed maso (v\u010detn\u011b jehn\u011b\u010d\u00edho), st\u00e1le je to jedno z nejlep\u0161\u00edch m\u00edst v Chebu pro uspokojiv\u00fd vegansk\u00fd pokrm. Person\u00e1l je obvykle ochotn\u00fd, pokud zm\u00edn\u00edte sv\u00e9 stravovac\u00ed preference.<\/p>\n<p class=\"\" data-start=\"932\" data-end=\"1134\"><strong data-start=\"932\" data-end=\"961\">KhaiLam Vietnamese Bistro<\/strong> \u2013 Mal\u00e1 vietnamsk\u00e1 restaurace, kter\u00e1 nab\u00edz\u00ed n\u011bkolik vegansk\u00fdch j\u00eddel. Obecn\u011b jsou otev\u0159en\u00ed k p\u0159izp\u016fsoben\u00ed j\u00eddel podle dietn\u00edch pot\u0159eb a r\u00e1di v\u00e1m pomohou naj\u00edt n\u011bco vhodn\u00e9ho.<\/p>\n<p class=\"\" data-start=\"1136\" data-end=\"1159\"><strong data-start=\"1136\" data-end=\"1159\">Pro vlastn\u00ed va\u0159en\u00ed:<\/strong><\/p>\n<p class=\"\" data-start=\"1161\" data-end=\"1371\"><strong data-start=\"1161\" data-end=\"1195\">Albert, Tesco, Lidl &amp; Kaufland<\/strong> \u2013 Tyto hlavn\u00ed supermarkety se nach\u00e1z\u00ed bl\u00edzko sebe a nab\u00edzej\u00ed rostouc\u00ed sortiment rostlinn\u00fdch produkt\u016f v\u010detn\u011b rostlinn\u00fdch ml\u00e9k, pomaz\u00e1nek, vegansk\u00fdch alternativ masa a sva\u010dinek.<\/p>\n<p class=\"\" data-start=\"1373\" data-end=\"1650\"><strong data-start=\"1373\" data-end=\"1386\">Rohl\u00edk.cz<\/strong> \u2013 Pro del\u0161\u00ed pobyty zva\u017ete pou\u017eit\u00ed t\u00e9to online slu\u017eby pro doru\u010den\u00ed potravin. Nab\u00edz\u00ed skv\u011bl\u00fd v\u00fdb\u011br vegansk\u00fdch produkt\u016f v\u010detn\u011b specialit a doru\u010d\u00ed a\u017e k va\u0161im dve\u0159\u00edm.<\/p>\n<\/div>\n<\/div>\n<\/div>\n<\/div>\n<\/div>\n<div class=\"absolute\">\n<div class=\"flex items-center justify-center\"><\/div>\n<\/div>\n<\/div>\n<\/div>\n<\/div>\n<\/article>\n<div class=\"pointer-events-none h-px w-px\" aria-hidden=\"true\" data-edge=\"true\"><\/div>\n<\/div><\/div><\/div><\/div><div class=\"et_pb_row_18 et_pb_row et_block_row\"><div class=\"et_pb_column_34 et_pb_column et_pb_column_4_4 et-last-child et_block_column et_pb_css_mix_blend_mode_passthrough\"><div class=\"et_pb_text_10 et_pb_text et_pb_bg_layout_light et_pb_module et_block_module\"><div class=\"et_pb_text_inner\"><h2 data-pm-slice=\"1 1 []\">Na z\u00e1v\u011br<\/h2>\n<p class=\"\" data-start=\"24\" data-end=\"304\">Cheb mo\u017en\u00e1 nen\u00ed na seznamu ka\u017ed\u00e9ho cestovatele, a pr\u00e1v\u011b v tom tkv\u00ed jeho kouzlo. A\u0165 u\u017e proj\u00ed\u017ed\u00edte Evropou autem, nebo hled\u00e1te klidn\u00e9 m\u00edsto s atmosf\u00e9rou, Cheb v\u00e1s nezklame. P\u0159ije\u010fte kv\u016fli historii, z\u016fsta\u0148te kv\u016fli pohod\u011b \u2014 a nezapome\u0148te si sbalit pohodln\u00e9 boty a dobrodru\u017en\u00e9ho ducha!<\/p>\n<p class=\"\" data-start=\"306\" data-end=\"397\">M\u00e1te ot\u00e1zky nebo pot\u0159ebujete tipy na svou n\u00e1v\u0161t\u011bvu Chebu? Nechte mi koment\u00e1\u0159 \u2014 r\u00e1da pomohu!<\/p>\n<\/div><\/div><div class=\"et_pb_text_11 et_pb_text et_pb_bg_layout_light et_pb_module et_block_module\"><div class=\"et_pb_text_inner\"><p>Objevte dal\u0161\u00ed kouzeln\u00e9 m\u011bsto v \u010cesku: <a href=\"https:\/\/jsltravels.com\/cs\/dvur-kralove-nad-labem-atrakce\/\" target=\"_blank\" rel=\"noopener\">Dv\u016fr Kr\u00e1lov\u00e9 nad Labem<\/a><\/p>\n<\/div><\/div><\/div><\/div><div class=\"et_pb_row_19 et_pb_row et_block_row\"><div class=\"et_pb_column_35 et_pb_column et_pb_column_4_4 et-last-child et_block_column et_pb_css_mix_blend_mode_passthrough\"><div class=\"et_pb_code_0 et_pb_code et_pb_module\"><div class=\"et_pb_code_inner\"><script async src=\"https:\/\/c108.travelpayouts.com\/content?trs=336892&shmarker=560753&iata=BRW&locale=en-US&powered_by=true&promo_id=4040\" charset=\"utf-8\"><\/script><\/div><\/div><\/div><\/div><div class=\"et_pb_row_20 et_pb_row et_pb_gutters1 et_block_row\"><div class=\"et_pb_column_36 et_pb_column et_pb_column_1_2 et_block_column et_pb_css_mix_blend_mode_passthrough\"><div class=\"et_pb_code_1 et_pb_code et_pb_text_align_center et_pb_module\"><div class=\"et_pb_code_inner\"><iframe loading=\"lazy\" src=\"https:\/\/assets.pinterest.com\/ext\/embed.html?id=926686060965265354\" width=\"345\" height=\"618\" frameborder=\"0\" scrolling=\"no\"><\/iframe><\/div><\/div><\/div><div class=\"et_pb_column_37 et_pb_column et_pb_column_1_2 et-last-child et_block_column et_pb_css_mix_blend_mode_passthrough\"><div class=\"et_pb_module et_d4_element dssb_sharing_buttons dssb_sharing_buttons_0\">\n\t\t\t\t\n\t\t\t\t\n\t\t\t\t\n\t\t\t\t\n\t\t\t\t\n\t\t\t\t\n\t\t\t\t<div class=\"et_pb_module_inner\">\n\t\t\t\t\t<div class=\"dssb-sharing-buttons dssb-columns-2 dssb-tablet-columns-2 dssb-phone-columns-2\"><div class=\"et_d4_element dssb_sharing_button dssb_sharing_button_0\">\n\t\t\t\t\n\t\t\t\t\n\t\t\t\t\n\t\t\t\t\n\t\t\t\t\n\t\t\t\t\n\t\t\t\t<div class=\"et_pb_module_inner\">\n\t\t\t\t\t\n            <div class=\"dssb-sharing-button\">\n                <a class=\"dssb-sharing-button-pinterest\" href=\"https:\/\/pinterest.com\/pin\/create\/button\/?url&amp;media&amp;description\" data-network=\"pinterest\" aria-label=\"Pin It na Pinterestu\" rel=\"nofollow noopener\" target=\"_blank\">\n                    <span class=\"dssb-sharing-icon dssb-sharing-pinterest\"><\/span>\n                    <div class=\"dssb-sharing-text\" >Pin It na Pinterestu<\/div>\n                <\/a>\n            <\/div>\n\t\t\t\t<\/div>\n\t\t\t<\/div><div class=\"et_d4_element dssb_sharing_button dssb_sharing_button_1\">\n\t\t\t\t\n\t\t\t\t\n\t\t\t\t\n\t\t\t\t\n\t\t\t\t\n\t\t\t\t\n\t\t\t\t<div class=\"et_pb_module_inner\">\n\t\t\t\t\t\n            <div class=\"dssb-sharing-button\">\n                <a class=\"dssb-sharing-button-facebook\" href=\"https:\/\/www.facebook.com\/sharer.php?u\" data-network=\"facebook\" aria-label=\"Sd\u00edlet na Facebooku\" rel=\"nofollow noopener\" target=\"_blank\">\n                    <span class=\"dssb-sharing-icon dssb-sharing-facebook\"><\/span>\n                    <div class=\"dssb-sharing-text\" >Sd\u00edlet na Facebooku<\/div>\n                <\/a>\n            <\/div>\n\t\t\t\t<\/div>\n\t\t\t<\/div><div class=\"et_d4_element dssb_sharing_button dssb_sharing_button_2\">\n\t\t\t\t\n\t\t\t\t\n\t\t\t\t\n\t\t\t\t\n\t\t\t\t\n\t\t\t\t\n\t\t\t\t<div class=\"et_pb_module_inner\">\n\t\t\t\t\t\n            <div class=\"dssb-sharing-button\">\n                <a class=\"dssb-sharing-button-whatsapp\" href=\"https:\/\/api.whatsapp.com\/send?text=\" data-network=\"whatsapp\" aria-label=\"Poslat Whatsappem\" rel=\"nofollow noopener\" target=\"_blank\">\n                    <span class=\"dssb-sharing-icon dssb-sharing-whatsapp\"><\/span>\n                    <div class=\"dssb-sharing-text\" >Poslat Whatsappem<\/div>\n                <\/a>\n            <\/div>\n\t\t\t\t<\/div>\n\t\t\t<\/div><div class=\"et_d4_element dssb_sharing_button dssb_sharing_button_3\">\n\t\t\t\t\n\t\t\t\t\n\t\t\t\t\n\t\t\t\t\n\t\t\t\t\n\t\t\t\t\n\t\t\t\t<div class=\"et_pb_module_inner\">\n\t\t\t\t\t\n            <div class=\"dssb-sharing-button\">\n                <a class=\"dssb-sharing-button-messenger\" href=\"https:\/\/www.facebook.com\/dialog\/send?app_id&amp;link&amp;display=popup&amp;redirect_uri=https:\/\/www.jsltravels.com\/cs\" data-network=\"messenger\" aria-label=\"Poslat na Messenger\" rel=\"nofollow\">\n                    <span class=\"dssb-sharing-icon dssb-sharing-messenger\"><\/span>\n                    <div class=\"dssb-sharing-text\" >Poslat na Messenger<\/div>\n                <\/a>\n            <\/div>\n\t\t\t\t<\/div>\n\t\t\t<\/div><div class=\"et_d4_element dssb_sharing_button dssb_sharing_button_4\">\n\t\t\t\t\n\t\t\t\t\n\t\t\t\t\n\t\t\t\t\n\t\t\t\t\n\t\t\t\t\n\t\t\t\t<div class=\"et_pb_module_inner\">\n\t\t\t\t\t\n            <div class=\"dssb-sharing-button\">\n                <a class=\"dssb-sharing-button-email\" href=\"mailto:?subject&body=%0D%0ALink: %0D%0A\" data-network=\"email\" aria-label=\"Poslat e-mailem\" rel=\"nofollow\">\n                    <span class=\"dssb-sharing-icon dssb-sharing-email\"><\/span>\n                    <div class=\"dssb-sharing-text\" >Poslat e-mailem<\/div>\n                <\/a>\n            <\/div>\n\t\t\t\t<\/div>\n\t\t\t<\/div><\/div>\n\t\t\t\t<\/div>\n\t\t\t<\/div><\/div><\/div><\/div><div class=\"et_pb_section_2 et_pb_section et_section_regular et_block_section\"><div class=\"et_pb_row_21 et_pb_row et_block_row\"><div class=\"et_pb_column_38 et_pb_column et_pb_column_4_4 et-last-child et_block_column et_pb_css_mix_blend_mode_passthrough\"><div class=\"et_pb_text_12 et_pb_text et_pb_bg_layout_light et_pb_module et_block_module preset--module--divi-text--6a37cb13-2b94-42a8-bab7-ee75b1380e65\"><div class=\"et_pb_text_inner\"><p><strong>Upozorn\u011bn\u00ed<\/strong>: Tato \u010d\u00e1st obsahuje <strong>affiliate odkazy<\/strong>. To znamen\u00e1, \u017ee pokud kliknete a n\u011bco si koup\u00edte nebo zarezervujete, mohu z\u00edskat malou provizi \u2014 **<strong>bez jak\u00fdchkoli dodate\u010dn\u00fdch n\u00e1klad\u016f pro v\u00e1s<\/strong>**. Doporu\u010duji pouze slu\u017eby, kter\u00e9 sama pou\u017e\u00edv\u00e1m nebo kter\u00fdm opravdu v\u011b\u0159\u00edm. D\u011bkuji, \u017ee t\u00edmto zp\u016fsobem podporujete m\u016fj blog!<\/p>\n<p>&nbsp;<\/p>\n<\/div><\/div><\/div><\/div><div class=\"et_pb_row_22 et_pb_row et_pb_row_5col et_block_row et_block_row_5col\"><div class=\"et_pb_column_39 et_pb_column et_pb_column_1_5 et_block_column et_pb_css_mix_blend_mode_passthrough\"><div class=\"et_pb_text_13 et_pb_text et_pb_bg_layout_light et_pb_module et_block_module preset--module--divi-text--6a37cb13-2b94-42a8-bab7-ee75b1380e65\"><div class=\"et_pb_text_inner\"><p style=\"text-align: center;\"><strong>Cestuj chyt\u0159e a levn\u011bji<\/strong><\/p>\n<\/div><\/div><div class=\"et_pb_image_23 et_pb_image et_pb_module et_block_module\"><span class=\"et_pb_image_wrap\"><img loading=\"lazy\" decoding=\"async\" src=\"https:\/\/www.jsltravels.com\/cs\/wp-content\/uploads\/2025\/07\/letiste-airport.png\" width=\"980\" height=\"980\" srcset=\"https:\/\/www.jsltravels.com\/cs\/wp-content\/uploads\/2025\/07\/letiste-airport.png 980w, https:\/\/www.jsltravels.com\/cs\/wp-content\/uploads\/2025\/07\/letiste-airport-480x480.png 480w\" sizes=\"(min-width: 0px) and (max-width: 480px) 480px, (min-width: 481px) 980px, 100vw\" class=\"wp-image-267026\" title=\"letiste-airport\" alt=\"Blue suitcase with a yellow stripe, featuring a handle and wheels. Attached is a luggage tag with an airplane symbol, conveying travel.\" \/><\/span><\/div><div class=\"et_pb_blurb_0 et_pb_blurb et_pb_bg_layout_light et_pb_text_align_center et_pb_blurb_position_top et_pb_module et_block_module\"><div class=\"et_pb_blurb_content\"><div class=\"et_pb_main_blurb_image\"><span class=\"et_pb_image_wrap et_pb_only_image_mode_wrap\"><img decoding=\"async\" src=\"http:\/\/jsltravels.com\/wp-content\/uploads\/2024\/10\/letiste-airport.png\" \/><\/span><\/div><div class=\"et_pb_blurb_container\"><div class=\"et_pb_blurb_description\"><p>Ne\u010dekej a vyraz hned! Najdi nejlep\u0161\u00ed letenky za super ceny a za\u010dni sv\u00e9 dal\u0161\u00ed dobrodru\u017estv\u00ed je\u0161t\u011b dnes! \u21d3<\/p>\n<p><a href=\"https:\/\/cheapoair.tpx.lt\/L8xJmq7q\" target=\"_blank\" rel=\"noopener\"> flight deals<\/a>\u00a0<\/p>\n<\/div><\/div><\/div><\/div><\/div><div class=\"et_pb_column_40 et_pb_column et_pb_column_1_5 et_block_column et_pb_css_mix_blend_mode_passthrough\"><div class=\"et_pb_text_14 et_pb_text et_pb_bg_layout_light et_pb_module et_block_module preset--module--divi-text--6a37cb13-2b94-42a8-bab7-ee75b1380e65\"><div class=\"et_pb_text_inner\"><p style=\"text-align: center;\"><strong>Najdi ubytov\u00e1n\u00ed na m\u00edru<\/strong><\/p>\n<\/div><\/div><div class=\"et_pb_image_24 et_pb_image et_pb_module et_block_module\"><span class=\"et_pb_image_wrap\"><img loading=\"lazy\" decoding=\"async\" src=\"https:\/\/www.jsltravels.com\/cs\/wp-content\/uploads\/2025\/07\/hotel-zvonek.png\" width=\"980\" height=\"980\" srcset=\"https:\/\/www.jsltravels.com\/cs\/wp-content\/uploads\/2025\/07\/hotel-zvonek.png 980w, https:\/\/www.jsltravels.com\/cs\/wp-content\/uploads\/2025\/07\/hotel-zvonek-480x480.png 480w\" sizes=\"(min-width: 0px) and (max-width: 480px) 480px, (min-width: 481px) 980px, 100vw\" class=\"wp-image-267027\" title=\"hotel-zvonek\" alt=\"Illustration of a blue hotel door hanger with a yellow service bell on it. The bell has motion lines, suggesting ringing, conveying prompt service.\" \/><\/span><\/div><div class=\"et_pb_blurb_1 et_pb_blurb et_pb_bg_layout_light et_pb_text_align_center et_pb_blurb_position_top et_pb_module et_block_module\"><div class=\"et_pb_blurb_content\"><div class=\"et_pb_main_blurb_image\"><span class=\"et_pb_image_wrap et_pb_only_image_mode_wrap\"><img decoding=\"async\" src=\"http:\/\/jsltravels.com\/wp-content\/uploads\/2024\/10\/hotel-zvonek.png\" \/><\/span><\/div><div class=\"et_pb_blurb_container\"><div class=\"et_pb_blurb_description\"><p>Najdi ubytov\u00e1n\u00ed podle sv\u00fdch p\u0159edstav na <a href=\"https:\/\/booking.tp.st\/bU1dhdHU\" target=\"_blank\" rel=\"noopener\">Booking.com<\/a> nebo <a href=\"https:\/\/agoda.tp.st\/ybqLuoG3\" target=\"_blank\" rel=\"noopener\">Agoda.com<\/a><\/p>\n<\/div><\/div><\/div><\/div><\/div><div class=\"et_pb_column_41 et_pb_column et_pb_column_1_5 et_block_column et_pb_css_mix_blend_mode_passthrough\"><div class=\"et_pb_text_15 et_pb_text et_pb_bg_layout_light et_pb_module et_block_module preset--module--divi-text--6a37cb13-2b94-42a8-bab7-ee75b1380e65\"><div class=\"et_pb_text_inner\"><p style=\"text-align: center;\"><strong>Cestuj stylov\u011b<\/strong><\/p>\n<\/div><\/div><div class=\"et_pb_image_25 et_pb_image et_pb_module et_block_module\"><span class=\"et_pb_image_wrap\"><img loading=\"lazy\" decoding=\"async\" src=\"https:\/\/www.jsltravels.com\/cs\/wp-content\/uploads\/2025\/07\/pujcovna-rent-car.png\" width=\"980\" height=\"980\" srcset=\"https:\/\/www.jsltravels.com\/cs\/wp-content\/uploads\/2025\/07\/pujcovna-rent-car.png 980w, https:\/\/www.jsltravels.com\/cs\/wp-content\/uploads\/2025\/07\/pujcovna-rent-car-480x480.png 480w\" sizes=\"(min-width: 0px) and (max-width: 480px) 480px, (min-width: 481px) 980px, 100vw\" class=\"wp-image-267028\" title=\"pujcovna-rent-car\" alt=\"A pair of yellow keys attached to a blue key tag featuring a simple black car icon. The image conveys vehicle-related themes.\" \/><\/span><\/div><div class=\"et_pb_blurb_2 et_pb_blurb et_pb_bg_layout_light et_pb_blurb_position_top et_pb_module et_block_module\"><div class=\"et_pb_blurb_content\"><div class=\"et_pb_main_blurb_image\"><span class=\"et_pb_image_wrap et_pb_only_image_mode_wrap\"><img decoding=\"async\" src=\"http:\/\/jsltravels.com\/wp-content\/uploads\/2024\/10\/pujcovna-rent-car.png\" \/><\/span><\/div><div class=\"et_pb_blurb_container\"><div class=\"et_pb_blurb_description\"><p style=\"text-align: center;\">Rezervuj si auto podle sv\u00fdch p\u0159edstav s\u00a0<a href=\"https:\/\/rentalcars.tp.st\/2tvWugZd\" target=\"_blank\" rel=\"noopener\">Rentalcars.<\/a><\/p>\n<\/div><\/div><\/div><\/div><\/div><div class=\"et_pb_column_42 et_pb_column et_pb_column_1_5 et_block_column et_pb_css_mix_blend_mode_passthrough\"><div class=\"et_pb_text_16 et_pb_text et_pb_bg_layout_light et_pb_module et_block_module preset--module--divi-text--6a37cb13-2b94-42a8-bab7-ee75b1380e65\"><div class=\"et_pb_text_inner\"><p style=\"text-align: center;\"><strong>Bezpe\u010dn\u011b na internetu<\/strong><\/p>\n<\/div><\/div><div class=\"et_pb_image_26 et_pb_image et_pb_module et_block_module\"><span class=\"et_pb_image_wrap\"><img loading=\"lazy\" decoding=\"async\" src=\"https:\/\/www.jsltravels.com\/cs\/wp-content\/uploads\/2025\/07\/wifi-sit.png\" width=\"980\" height=\"980\" srcset=\"https:\/\/www.jsltravels.com\/cs\/wp-content\/uploads\/2025\/07\/wifi-sit.png 980w, https:\/\/www.jsltravels.com\/cs\/wp-content\/uploads\/2025\/07\/wifi-sit-480x480.png 480w\" sizes=\"(min-width: 0px) and (max-width: 480px) 480px, (min-width: 481px) 980px, 100vw\" class=\"wp-image-267029\" title=\"wifi-sit\" alt=\"Three curved blue lines form a Wi-Fi symbol above a yellow circle, on a white background. The design suggests connectivity and modern technology.\" \/><\/span><\/div><div class=\"et_pb_blurb_3 et_pb_blurb et_pb_bg_layout_light et_pb_blurb_position_top et_pb_module et_block_module\"><div class=\"et_pb_blurb_content\"><div class=\"et_pb_main_blurb_image\"><span class=\"et_pb_image_wrap et_pb_only_image_mode_wrap\"><img decoding=\"async\" src=\"http:\/\/jsltravels.com\/wp-content\/uploads\/2024\/10\/wifi-sit.png\" \/><\/span><\/div><div class=\"et_pb_blurb_container\"><div class=\"et_pb_blurb_description\"><p>Cestuj bezpe\u010dn\u011b, chra\u0148 sv\u00e1 data s VPN od <a href=\"https:\/\/get.surfshark.net\/aff_c?offer_id=1679&amp;aff_id=34459&amp;source=www.jsltravels.com\" target=\"_blank\" rel=\"noopener\">Surfshark.<\/a><\/p>\n<\/div><\/div><\/div><\/div><\/div><div class=\"et_pb_column_43 et_pb_column et_pb_column_1_5 et-last-child et_block_column et_pb_css_mix_blend_mode_passthrough\"><div class=\"et_pb_text_17 et_pb_text et_pb_bg_layout_light et_pb_module et_block_module preset--module--divi-text--6a37cb13-2b94-42a8-bab7-ee75b1380e65\"><div class=\"et_pb_text_inner\"><p style=\"text-align: center;\"><strong>Kup si l\u00edstek dop\u0159edu<\/strong><\/p>\n<\/div><\/div><div class=\"et_pb_image_27 et_pb_image et_pb_module et_block_module\"><span class=\"et_pb_image_wrap\"><img loading=\"lazy\" decoding=\"async\" src=\"https:\/\/www.jsltravels.com\/cs\/wp-content\/uploads\/2025\/07\/vstupenka-ticket.png\" width=\"980\" height=\"980\" srcset=\"https:\/\/www.jsltravels.com\/cs\/wp-content\/uploads\/2025\/07\/vstupenka-ticket.png 980w, https:\/\/www.jsltravels.com\/cs\/wp-content\/uploads\/2025\/07\/vstupenka-ticket-480x480.png 480w\" sizes=\"(min-width: 0px) and (max-width: 480px) 480px, (min-width: 481px) 980px, 100vw\" class=\"wp-image-267030\" title=\"vstupenka-ticket\" alt=\"A stylized blue ticket with a yellow top edge featuring numbers. It has the word &quot;TICKET&quot; written in bold blue letters and a yellow circle accent.\" \/><\/span><\/div><div class=\"et_pb_blurb_4 et_pb_blurb et_pb_bg_layout_light et_pb_text_align_center et_pb_blurb_position_top et_pb_module et_block_module\"><div class=\"et_pb_blurb_content\"><div class=\"et_pb_main_blurb_image\"><span class=\"et_pb_image_wrap et_pb_only_image_mode_wrap\"><img decoding=\"async\" src=\"http:\/\/jsltravels.com\/wp-content\/uploads\/2024\/10\/vstupenka-ticket.png\" \/><\/span><\/div><div class=\"et_pb_blurb_container\"><div class=\"et_pb_blurb_description\"><p>Kup vstupenky na <a href=\"https:\/\/getyourguide.tp.st\/zP4xD4xO\" target=\"_blank\" rel=\"noopener\">nejlep\u0161\u00ed prohl\u00eddky a atrakce<\/a> p\u0159edem.<br \/><a href=\"https:\/\/getyourguide.tp.st\/zP4xD4xO\" target=\"_blank\" rel=\"noopener\"><\/a>\u00a0<\/p>\n<\/div><\/div><\/div><\/div><\/div><\/div><\/div><div class=\"et_pb_section_3 et_pb_section et_section_regular et_block_section\"><div class=\"et_pb_row_23 et_pb_row et_block_row\"><div class=\"et_pb_column_44 et_pb_column et_pb_column_4_4 et-last-child et_block_column et_pb_css_mix_blend_mode_passthrough\"><div class=\"et_pb_post_nav_0 et_pb_posts_nav nav-single et_pb_module et_flex_module\"><span class=\"nav-previous\"><a href=\"https:\/\/www.jsltravels.com\/cs\/karlovy-vary-a-rozhledna-diana\" rel=\"prev\" class=\"\"><span class=\"meta-nav\">&larr; <\/span><span class=\"nav-label\">Karlovy Vary a rozhledna Diana<\/span><\/a><\/span><span class=\"nav-next\"><a href=\"https:\/\/www.jsltravels.com\/cs\/loket-ceska-republika-kompletni-pruvodce-mestem\" rel=\"next\" class=\"\"><span class=\"nav-label\">Loket, \u010cesk\u00e1 republika \u2013 Kompletn\u00ed pr\u016fvodce m\u011bstem<\/span><span class=\"meta-nav\"> &rarr;<\/span><\/a><\/span><\/div><\/div><\/div><\/div>","protected":false},"excerpt":{"rendered":"<p>Cheb \u2013 historick\u00e9 m\u011bsto na z\u00e1pad\u011b \u010cech pln\u00e9 pam\u00e1tek, malebn\u00fdch uli\u010dek a bohat\u00e9 minulosti. Objevte kr\u00e1sy n\u00e1m\u011bst\u00ed, \u0160pal\u00ed\u010dek i bl\u00edzkost p\u0159\u00edrody.<\/p>\n","protected":false},"author":1,"featured_media":265889,"comment_status":"open","ping_status":"open","sticky":false,"template":"","format":"standard","meta":{"_et_pb_use_builder":"on","_et_pb_old_content":"","_et_gb_content_width":"","footnotes":""},"categories":[39,41,42],"tags":[],"post_folder":[40],"class_list":["post-265881","post","type-post","status-publish","format-standard","has-post-thumbnail","hentry","category-ceska-republika","category-destinace","category-evropa"],"_links":{"self":[{"href":"https:\/\/www.jsltravels.com\/cs\/wp-json\/wp\/v2\/posts\/265881","targetHints":{"allow":["GET"]}}],"collection":[{"href":"https:\/\/www.jsltravels.com\/cs\/wp-json\/wp\/v2\/posts"}],"about":[{"href":"https:\/\/www.jsltravels.com\/cs\/wp-json\/wp\/v2\/types\/post"}],"author":[{"embeddable":true,"href":"https:\/\/www.jsltravels.com\/cs\/wp-json\/wp\/v2\/users\/1"}],"replies":[{"embeddable":true,"href":"https:\/\/www.jsltravels.com\/cs\/wp-json\/wp\/v2\/comments?post=265881"}],"version-history":[{"count":5,"href":"https:\/\/www.jsltravels.com\/cs\/wp-json\/wp\/v2\/posts\/265881\/revisions"}],"predecessor-version":[{"id":268828,"href":"https:\/\/www.jsltravels.com\/cs\/wp-json\/wp\/v2\/posts\/265881\/revisions\/268828"}],"wp:featuredmedia":[{"embeddable":true,"href":"https:\/\/www.jsltravels.com\/cs\/wp-json\/wp\/v2\/media\/265889"}],"wp:attachment":[{"href":"https:\/\/www.jsltravels.com\/cs\/wp-json\/wp\/v2\/media?parent=265881"}],"wp:term":[{"taxonomy":"category","embeddable":true,"href":"https:\/\/www.jsltravels.com\/cs\/wp-json\/wp\/v2\/categories?post=265881"},{"taxonomy":"post_tag","embeddable":true,"href":"https:\/\/www.jsltravels.com\/cs\/wp-json\/wp\/v2\/tags?post=265881"},{"taxonomy":"post_folder","embeddable":true,"href":"https:\/\/www.jsltravels.com\/cs\/wp-json\/wp\/v2\/post_folder?post=265881"}],"curies":[{"name":"wp","href":"https:\/\/api.w.org\/{rel}","templated":true}]}}