{"id":266735,"date":"2025-06-30T12:30:14","date_gmt":"2025-06-30T12:30:14","guid":{"rendered":"https:\/\/jsltravels.com\/?p=266735"},"modified":"2026-04-01T06:44:18","modified_gmt":"2026-04-01T06:44:18","slug":"gladiator-nataceni-v-toskansku-italie","status":"publish","type":"post","link":"https:\/\/www.jsltravels.com\/cs\/gladiator-nataceni-v-toskansku-italie","title":{"rendered":"Gladi\u00e1tor \u2013 nat\u00e1\u010den\u00ed v Tosk\u00e1nsku, It\u00e1lie"},"content":{"rendered":"<div class=\"et_pb_section_0 et_pb_section et_section_regular et_block_section\"><div class=\"et_pb_row_0 et_pb_row et_pb_gutters1 et_block_row\"><div class=\"et_pb_column_0 et_pb_column et_pb_column_1_2 et_block_column et_pb_css_mix_blend_mode_passthrough\"><div class=\"et_pb_text_0 et_pb_text et_pb_bg_layout_light et_pb_module et_block_module\"><div class=\"et_pb_text_inner\"><h1 data-pm-slice=\"1 1 []\">Gladi\u00e1tor \u2013 nat\u00e1\u010den\u00ed v Tosk\u00e1nsku, It\u00e1lie<\/h1>\n<\/div><\/div><\/div><div class=\"et_pb_column_1 et_pb_column et_pb_column_1_2 et-last-child et_block_column et_pb_column_empty et_pb_css_mix_blend_mode_passthrough\"><\/div><\/div><\/div><div class=\"et_pb_section_1 et_pb_section et_section_regular et_block_section\"><div class=\"et_pb_row_1 et_pb_row et_block_row\"><div class=\"et_pb_column_2 et_pb_column et_pb_column_4_4 et-last-child et_block_column et_pb_css_mix_blend_mode_passthrough\"><div class=\"et_pb_text_1 et_pb_text et_pb_bg_layout_light et_pb_module et_block_module\"><div class=\"et_pb_text_inner\"><h2 data-start=\"108\" data-end=\"642\">Objevov\u00e1n\u00ed ikonick\u00fdch filmov\u00fdch m\u00edst pod tosk\u00e1nsk\u00fdm sluncem<\/h2>\n<p data-start=\"108\" data-end=\"642\"><br data-start=\"171\" data-end=\"174\" \/>Kdy\u017e jsem za\u010dala pl\u00e1novat n\u00e1\u0161 v\u00fdlet do Tosk\u00e1nska, v\u011bd\u011bla jsem, na co se t\u011b\u0161it \u2014 zvln\u011bn\u00e9 kopce, zlatav\u00e9 sv\u011btlo, kouzeln\u00e1 m\u011bste\u010dka na kopc\u00edch a vinice t\u00e1hnouc\u00ed se a\u017e k obzoru. Ale jako milovnice film\u016f jsem tak\u00e9 v\u011bd\u011bla, \u017ee Tosk\u00e1nsko bylo kulisou pro spoustu \u00fa\u017easn\u00fdch film\u016f. Vzpom\u00ednala jsem si na sc\u00e9ny \u2014 slune\u010dn\u00ed paprsky prosv\u00edtaj\u00edc\u00ed mezi cyp\u0159i\u0161i, st\u0159edov\u011bk\u00e1 n\u00e1m\u011bst\u00ed pln\u00e1 dramatu \u2014 ale v\u016fbec jsem nev\u011bd\u011bla, kde p\u0159esn\u011b se ta m\u00edsta nach\u00e1zej\u00ed. Tak jsem se rozhodla je naj\u00edt.<\/p>\n<p data-start=\"644\" data-end=\"890\">Mus\u00edm \u0159\u00edct, nen\u00ed divu, \u017ee se sem filma\u0159i po\u0159\u00e1d vrac\u00ed. Cel\u00fd ten kraj toti\u017e vypad\u00e1 jako dokonale nasv\u00edcen\u00e9 filmov\u00e9 pl\u00e1tno. Pokud milujete filmy (nebo prost\u011b jen kr\u00e1su), tady jsou m\u00edsta, kter\u00e1 by rozhodn\u011b nem\u011bla chyb\u011bt ve va\u0161em tosk\u00e1nsk\u00e9m itiner\u00e1\u0159i.<\/p>\n<\/div><\/div><\/div><\/div><div class=\"et_pb_row_2 et_pb_row et_block_row\"><div class=\"et_pb_column_3 et_pb_column et_pb_column_1_3 et_block_column et_pb_css_mix_blend_mode_passthrough\"><div class=\"et_pb_image_0 et_pb_image et_pb_module et_block_module\"><a href=\"https:\/\/www.jsltravels.com\/cs\/wp-content\/uploads\/2025\/09\/Pienza.jpg\" class=\"et_pb_lightbox_image\" alt=\"\u017dena v \u0161atech stoj\u00ed v oblouku a kouk\u00e1 do d\u00e1lky, kolem \u010derven\u00e9 kv\u011bty a modr\u00e1 obloha.\"><span class=\"et_pb_image_wrap\"><img loading=\"lazy\" decoding=\"async\" src=\"https:\/\/www.jsltravels.com\/cs\/wp-content\/uploads\/2025\/09\/Pienza.jpg\" width=\"600\" height=\"800\" srcset=\"https:\/\/www.jsltravels.com\/cs\/wp-content\/uploads\/2025\/09\/Pienza.jpg 600w, https:\/\/www.jsltravels.com\/cs\/wp-content\/uploads\/2025\/09\/Pienza-480x640.jpg 480w\" sizes=\"(min-width: 0px) and (max-width: 480px) 480px, (min-width: 481px) 600px, 100vw\" class=\"wp-image-268405\" title=\"Pienza\" alt=\"\u017dena v \u0161atech stoj\u00ed v oblouku a kouk\u00e1 do d\u00e1lky, kolem \u010derven\u00e9 kv\u011bty a modr\u00e1 obloha.\" \/><\/span><\/a><\/div><\/div><div class=\"et_pb_column_4 et_pb_column et_pb_column_1_3 et_block_column et_pb_css_mix_blend_mode_passthrough\"><div class=\"et_pb_image_1 et_pb_image et_pb_module et_block_module\"><a href=\"https:\/\/www.jsltravels.com\/cs\/wp-content\/uploads\/2025\/09\/cyprisova-alej-v-Toskansku.jpg\" class=\"et_pb_lightbox_image\" alt=\"\u017dena v zelen\u00fdch \u0161atech stoj\u00ed na cest\u011b lemovan\u00e9 cyp\u0159i\u0161i v Tosk\u00e1nsku.\"><span class=\"et_pb_image_wrap\"><img loading=\"lazy\" decoding=\"async\" src=\"https:\/\/www.jsltravels.com\/cs\/wp-content\/uploads\/2025\/09\/cyprisova-alej-v-Toskansku.jpg\" width=\"600\" height=\"800\" srcset=\"https:\/\/www.jsltravels.com\/cs\/wp-content\/uploads\/2025\/09\/cyprisova-alej-v-Toskansku.jpg 600w, https:\/\/www.jsltravels.com\/cs\/wp-content\/uploads\/2025\/09\/cyprisova-alej-v-Toskansku-480x640.jpg 480w\" sizes=\"(min-width: 0px) and (max-width: 480px) 480px, (min-width: 481px) 600px, 100vw\" class=\"wp-image-268394\" title=\"cyp\u0159i\u0161ov\u00e1 alej v Tosk\u00e1nsku\" alt=\"\u017dena v zelen\u00fdch \u0161atech stoj\u00ed na cest\u011b lemovan\u00e9 cyp\u0159i\u0161i v Tosk\u00e1nsku.\" \/><\/span><\/a><\/div><\/div><div class=\"et_pb_column_5 et_pb_column et_pb_column_1_3 et-last-child et_block_column et_pb_css_mix_blend_mode_passthrough\"><div class=\"et_pb_image_2 et_pb_image et_pb_module et_block_module\"><a href=\"https:\/\/www.jsltravels.com\/cs\/wp-content\/uploads\/2025\/09\/Bagno-Vignoni.jpg\" class=\"et_pb_lightbox_image\" alt=\"Italsk\u00fd d\u016fm se zelen\u00fdmi okenicemi a terasou pod n\u00edm.\"><span class=\"et_pb_image_wrap\"><img loading=\"lazy\" decoding=\"async\" src=\"https:\/\/www.jsltravels.com\/cs\/wp-content\/uploads\/2025\/09\/Bagno-Vignoni.jpg\" width=\"600\" height=\"800\" srcset=\"https:\/\/www.jsltravels.com\/cs\/wp-content\/uploads\/2025\/09\/Bagno-Vignoni.jpg 600w, https:\/\/www.jsltravels.com\/cs\/wp-content\/uploads\/2025\/09\/Bagno-Vignoni-480x640.jpg 480w\" sizes=\"(min-width: 0px) and (max-width: 480px) 480px, (min-width: 481px) 600px, 100vw\" class=\"wp-image-268392\" title=\"Bagno Vignoni\" alt=\"Italsk\u00fd d\u016fm se zelen\u00fdmi okenicemi a terasou pod n\u00edm.\" \/><\/span><\/a><\/div><\/div><\/div><div class=\"et_pb_row_3 et_pb_row et_block_row\"><div class=\"et_pb_column_6 et_pb_column et_pb_column_4_4 et-last-child et_block_column et_pb_css_mix_blend_mode_passthrough\"><div class=\"et_pb_text_2 et_pb_text et_pb_bg_layout_light et_pb_module et_block_module\"><div class=\"et_pb_text_inner\"><h2 data-start=\"148\" data-end=\"602\">Gladi\u00e1tor \u2013 Maximovy posledn\u00ed kroky (Pienza, Val d\u2019Orcia)<\/h2>\n<p data-start=\"148\" data-end=\"602\"><br data-start=\"209\" data-end=\"212\" \/>Jestli je ve filmu <em data-start=\"231\" data-end=\"242\">Gladi\u00e1tor<\/em> sc\u00e9na, kter\u00e1 v\u00e1s zlom\u00ed a z\u00e1rove\u0148 povznese, pak je to ta \u00fapln\u011b posledn\u00ed. Maximus, na pokraji smrti, pad\u00e1 k zemi\u2026 a najednou se ocit\u00e1 v obrazu domova. Kr\u00e1\u010d\u00ed zlatav\u00fdm obiln\u00fdm polem, sv\u011bt se zpomaluje, hudba s\u00edl\u00ed, prsty hlad\u00ed st\u00e9bla. V d\u00e1lce se otev\u00edraj\u00ed d\u0159ev\u011bn\u00e1 vrata. Jeho \u017eena se usm\u00edv\u00e1. Syn b\u011b\u017e\u00ed naproti. Nevrac\u00ed se dom\u016f ve skute\u010dn\u00e9m \u017eivot\u011b, ale nach\u00e1z\u00ed klid.<\/p>\n<p data-start=\"604\" data-end=\"832\">Tahleta ikonick\u00e1 sc\u00e9na byla nat\u00e1\u010dena kousek za m\u011bste\u010dkem <strong data-start=\"661\" data-end=\"715\"><a data-start=\"663\" data-end=\"713\" rel=\"noopener\" target=\"_new\" class=\"cursor-pointer\">Pienza<\/a><\/strong>, v kopc\u00edch <strong data-start=\"727\" data-end=\"791\"><a data-start=\"729\" data-end=\"789\" class=\"cursor-pointer\" rel=\"noopener\" target=\"_new\">Val d\u2019Orcia<\/a><\/strong>. A kdy\u017e tam stoj\u00edte \u2013 opravdu to c\u00edt\u00edte.<\/p>\n<p data-start=\"834\" data-end=\"1269\">Z centra Pienzy vede k m\u00edstu asi 20minutov\u00e1 proch\u00e1zka z kopce po pra\u0161n\u00e9 cest\u011b, zn\u00e1m\u00e9 jako <strong data-start=\"924\" data-end=\"991\"><a data-start=\"926\" data-end=\"989\" class=\"cursor-pointer\" rel=\"noopener\" target=\"_new\">Terrapille Road<\/a><\/strong>. Kdy\u017e nem\u00e1te tolik \u010dasu, v\u00fdhled na m\u00edsto je i z <a data-start=\"1040\" data-end=\"1112\" class=\"cursor-pointer\" rel=\"noopener\" target=\"_new\">vyhl\u00eddky v Pienze<\/a>. Ale nic se nevyrovn\u00e1 tomu, j\u00edt p\u011b\u0161ky tou skute\u010dnou cestou. A ano \u2013 <strong data-start=\"1181\" data-end=\"1215\">d\u00e1 se j\u00edt a\u017e na m\u00edsto nat\u00e1\u010den\u00ed<\/strong>. Pole je ve\u0159ejn\u00e9, nejsou tam \u017e\u00e1dn\u00e9 ploty ani vstupn\u00e9.<\/p>\n<p data-start=\"1271\" data-end=\"1613\">Kdy\u017e jsme tam byli my, potkali jsme jen jeden dal\u0161\u00ed p\u00e1r, kter\u00fd se taky sna\u017eil zachytit ten slavn\u00fd z\u00e1b\u011br. Jinak bylo \u00fapln\u00e9 ticho \u2013 jen v\u00edtr \u0161ustil v obil\u00ed. Zlat\u00e9 sv\u011btlo, nekone\u010dn\u00e9 nebe, v\u016fn\u011b l\u00e9ta\u2026 v\u0161echno do sebe zapadalo. A pokud jste si film zrovna pustili znovu (jako my), vsad\u00edm se, \u017ee to uc\u00edt\u00edte taky \u2013<br data-start=\"1577\" data-end=\"1580\" \/><strong data-start=\"1580\" data-end=\"1613\">smutek, l\u00e1sku, odvahu i klid.<\/strong><\/p>\n<p data-start=\"1615\" data-end=\"1661\"><strong data-start=\"1615\" data-end=\"1661\">\u201eUvid\u00edm t\u011b znovu\u2026 ale je\u0161t\u011b ne. Je\u0161t\u011b ne.\u201c<\/strong><\/p>\n<hr data-start=\"1663\" data-end=\"1666\" \/>\n<p data-start=\"1668\" data-end=\"2048\"><strong data-start=\"1668\" data-end=\"1684\">Rychl\u00e9 info:<\/strong><br data-start=\"1684\" data-end=\"1687\" \/><strong data-start=\"1687\" data-end=\"1725\">D\u00e1 se j\u00edt p\u0159\u00edmo na m\u00edsto nat\u00e1\u010den\u00ed?<\/strong> Ano.<br data-start=\"1730\" data-end=\"1733\" \/><strong data-start=\"1733\" data-end=\"1770\">Je tam n\u011bjak\u00e1 br\u00e1na nebo vstupn\u00e9?<\/strong> Ne.<br data-start=\"1774\" data-end=\"1777\" \/><strong data-start=\"1777\" data-end=\"1798\">Je cesta n\u00e1ro\u010dn\u00e1?<\/strong> Pom\u011brn\u011b snadn\u00e1. My \u0161li p\u0159i z\u00e1padu slunce \u2013 bylo horko a dusno, a cesta zp\u011bt do kopce n\u00e1m dala trochu zabrat.<br data-start=\"1907\" data-end=\"1910\" \/><strong data-start=\"1910\" data-end=\"1950\">D\u00e1 se zachytit p\u0159esn\u00fd filmov\u00fd z\u00e1b\u011br?<\/strong> Na iPhone 14 Pro jsme to \u00fapln\u011b nevycentrovali \u2013 chce to sp\u00ed\u0161 fo\u0165\u00e1k s del\u0161\u00edm objektivem nebo DSLR.<\/p>\n<hr data-start=\"2050\" data-end=\"2053\" \/>\n<p data-start=\"2055\" data-end=\"2568\">Kousek autem odtud najdete je\u0161t\u011b jedno siln\u00e9 m\u00edsto z filmu \u2013 <strong data-start=\"2116\" data-end=\"2211\"><a data-start=\"2118\" data-end=\"2209\" class=\"cursor-pointer\" rel=\"noopener\" target=\"_new\">alej lemovanou cyp\u0159i\u0161i<\/a><\/strong> a kamennou br\u00e1nu, kde p\u0159ij\u00ed\u017ed\u011bj\u00ed \u0159\u00edm\u0161t\u00ed voj\u00e1ci, aby zabili Maximovu rodinu. Le\u017e\u00ed p\u0159\u00edmo u <strong data-start=\"2301\" data-end=\"2382\"><a data-start=\"2303\" data-end=\"2380\" class=\"cursor-pointer\" rel=\"noopener\" target=\"_new\">silnice SP146<\/a><\/strong> kousek za Pienzou. Je tam mal\u00e9 parkovi\u0161t\u011b a i kdy\u017e je alej na soukrom\u00e9m pozemku, <strong data-start=\"2464\" data-end=\"2493\">z cesty je dokonale vid\u011bt<\/strong>. Cyp\u0159i\u0161e stoj\u00ed vysok\u00e9 a klidn\u00e9 \u2013 stejn\u011b jako ve filmu. Jako str\u00e1\u017eci osudu.<\/p>\n<p data-start=\"2570\" data-end=\"2791\">Tahle m\u00edsta nejsou jen o tom \u201eod\u0161krtnout si filmovou lokaci\u201c. Jsou o p\u0159\u00edb\u011bhu \u2013 o bolesti, pomst\u011b, l\u00e1sce a tich\u00e9 s\u00edle. A kdy\u017e tam stoj\u00edte, pod t\u00edm stejn\u00fdm tosk\u00e1nsk\u00fdm nebem, ne jen vzpom\u00edn\u00e1te na Maxima \u2013<br data-start=\"2771\" data-end=\"2774\" \/><strong data-start=\"2774\" data-end=\"2791\">vy ho c\u00edt\u00edte.<\/strong><\/p>\n<\/div><\/div><\/div><\/div><div class=\"et_pb_row_4 et_pb_row et_block_row\"><div class=\"et_pb_column_7 et_pb_column et_pb_column_1_3 et_block_column et_pb_css_mix_blend_mode_passthrough\"><div class=\"et_pb_image_3 et_pb_image et_pb_module et_block_module\"><span class=\"et_pb_image_wrap\"><img loading=\"lazy\" decoding=\"async\" src=\"https:\/\/www.jsltravels.com\/cs\/wp-content\/uploads\/2025\/09\/Brana-z-Gladiatora.jpg\" width=\"600\" height=\"800\" srcset=\"https:\/\/www.jsltravels.com\/cs\/wp-content\/uploads\/2025\/09\/Brana-z-Gladiatora.jpg 600w, https:\/\/www.jsltravels.com\/cs\/wp-content\/uploads\/2025\/09\/Brana-z-Gladiatora-480x640.jpg 480w\" sizes=\"(min-width: 0px) and (max-width: 480px) 480px, (min-width: 481px) 600px, 100vw\" class=\"wp-image-268393\" title=\"Brana z Gladiatora\" alt=\"\u017dena stoj\u00ed p\u0159ed \u017eeleznou branou v Pienze pod modrou oblohou.\" \/><\/span><\/div><\/div><div class=\"et_pb_column_8 et_pb_column et_pb_column_1_3 et_block_column et_pb_css_mix_blend_mode_passthrough\"><div class=\"et_pb_image_4 et_pb_image et_pb_module et_block_module\"><span class=\"et_pb_image_wrap\"><img loading=\"lazy\" decoding=\"async\" src=\"https:\/\/www.jsltravels.com\/cs\/wp-content\/uploads\/2025\/09\/zlata-pole-Pienza.jpg\" width=\"600\" height=\"800\" srcset=\"https:\/\/www.jsltravels.com\/cs\/wp-content\/uploads\/2025\/09\/zlata-pole-Pienza.jpg 600w, https:\/\/www.jsltravels.com\/cs\/wp-content\/uploads\/2025\/09\/zlata-pole-Pienza-480x640.jpg 480w\" sizes=\"(min-width: 0px) and (max-width: 480px) 480px, (min-width: 481px) 600px, 100vw\" class=\"wp-image-268410\" title=\"zlata pole Pienza\" alt=\"\u017dena napodobuje sc\u00e9nu z Gladi\u00e1tora na poli s kopci v pozad\u00ed.\" \/><\/span><\/div><\/div><div class=\"et_pb_column_9 et_pb_column et_pb_column_1_3 et-last-child et_block_column et_pb_css_mix_blend_mode_passthrough\"><div class=\"et_pb_image_5 et_pb_image et_pb_module et_block_module\"><span class=\"et_pb_image_wrap\"><img loading=\"lazy\" decoding=\"async\" src=\"https:\/\/www.jsltravels.com\/cs\/wp-content\/uploads\/2025\/09\/Gladiator-pole-v-Pienze.jpg\" width=\"600\" height=\"800\" srcset=\"https:\/\/www.jsltravels.com\/cs\/wp-content\/uploads\/2025\/09\/Gladiator-pole-v-Pienze.jpg 600w, https:\/\/www.jsltravels.com\/cs\/wp-content\/uploads\/2025\/09\/Gladiator-pole-v-Pienze-480x640.jpg 480w\" sizes=\"(min-width: 0px) and (max-width: 480px) 480px, (min-width: 481px) 600px, 100vw\" class=\"wp-image-268397\" title=\"Gladiator pole v Pienze\" alt=\"\u017dena hlad\u00ed klasy pole, lemovan\u00e9ho cestou a kopci v Pienze v It\u00e1lii.\" \/><\/span><\/div><\/div><\/div><div class=\"et_pb_row_5 et_pb_row et_block_row\"><div class=\"et_pb_column_10 et_pb_column et_pb_column_1_2 et_block_column et_pb_css_mix_blend_mode_passthrough\"><div class=\"et_pb_image_6 et_pb_image et_pb_module et_block_module\"><span class=\"et_pb_image_wrap\"><img loading=\"lazy\" decoding=\"async\" src=\"https:\/\/www.jsltravels.com\/cs\/wp-content\/uploads\/2025\/06\/Gladiator-Collage-2.jpg\" alt=\"Rozd\u011blen\u00fd obraz ukazuje postavu v brn\u011bn\u00ed a \u017eenu stoj\u00edc\u00ed odd\u011blen\u011b, oba sm\u011b\u0159uj\u00edc\u00ed k bujn\u00fdm, zvln\u011bn\u00fdm kopc\u016fm a klikat\u00fdm cest\u00e1m lemovan\u00fdm vysok\u00fdmi stromy, co\u017e vyvol\u00e1v\u00e1 pocit dobrodru\u017estv\u00ed a klidu.\" title=\"Gladiator Collage\" width=\"1080\" height=\"1350\" srcset=\"https:\/\/www.jsltravels.com\/cs\/wp-content\/uploads\/2025\/06\/Gladiator-Collage-2.jpg 1080w, https:\/\/www.jsltravels.com\/cs\/wp-content\/uploads\/2025\/06\/Gladiator-Collage-2-980x1225.jpg 980w, https:\/\/www.jsltravels.com\/cs\/wp-content\/uploads\/2025\/06\/Gladiator-Collage-2-480x600.jpg 480w\" sizes=\"(min-width: 0px) and (max-width: 480px) 480px, (min-width: 481px) and (max-width: 980px) 980px, (min-width: 981px) 1080px, 100vw\" class=\"wp-image-266765\" \/><\/span><\/div><\/div><div class=\"et_pb_column_11 et_pb_column et_pb_column_1_2 et-last-child et_block_column et_pb_css_mix_blend_mode_passthrough\"><div class=\"et_pb_image_7 et_pb_image et_pb_module et_block_module\"><span class=\"et_pb_image_wrap\"><img loading=\"lazy\" decoding=\"async\" src=\"https:\/\/www.jsltravels.com\/cs\/wp-content\/uploads\/2025\/09\/Scena-z-Gladiatora.jpg\" width=\"1080\" height=\"1350\" srcset=\"https:\/\/www.jsltravels.com\/cs\/wp-content\/uploads\/2025\/09\/Scena-z-Gladiatora.jpg 1080w, https:\/\/www.jsltravels.com\/cs\/wp-content\/uploads\/2025\/09\/Scena-z-Gladiatora-980x1225.jpg 980w, https:\/\/www.jsltravels.com\/cs\/wp-content\/uploads\/2025\/09\/Scena-z-Gladiatora-480x600.jpg 480w\" sizes=\"(min-width: 0px) and (max-width: 480px) 480px, (min-width: 481px) and (max-width: 980px) 980px, (min-width: 981px) 1080px, 100vw\" class=\"wp-image-268406\" title=\"Scena z Gladiatora\" alt=\"Kol\u00e1\u017e fotek z filmu Gladi\u00e1tor: mal\u00fd chlapec b\u011b\u017e\u00edc\u00ed cestou lemovanou cyp\u0159i\u0161i a leteck\u00fd pohled na tu samou cestu.\" \/><\/span><\/div><\/div><\/div><div class=\"et_pb_row_6 et_pb_row et_block_row\"><div class=\"et_pb_column_12 et_pb_column et_pb_column_4_4 et-last-child et_block_column et_pb_css_mix_blend_mode_passthrough\"><div class=\"et_pb_text_3 et_pb_text et_pb_bg_layout_light et_pb_module et_block_module\"><div class=\"et_pb_text_inner\"><article class=\"text-token-text-primary w-full\" dir=\"auto\" data-testid=\"conversation-turn-36\" data-scroll-anchor=\"true\">\n<div class=\"text-base my-auto mx-auto py-5 [--thread-content-margin:--spacing(4)] @[37rem]:[--thread-content-margin:--spacing(6)] @[70rem]:[--thread-content-margin:--spacing(12)] px-(--thread-content-margin)\">\n<div class=\"[--thread-content-max-width:32rem] @[34rem]:[--thread-content-max-width:40rem] @[64rem]:[--thread-content-max-width:48rem] mx-auto flex max-w-(--thread-content-max-width) flex-1 text-base gap-4 md:gap-5 lg:gap-6 group\/turn-messages focus-visible:outline-hidden\" tabindex=\"-1\">\n<div class=\"group\/conversation-turn relative flex w-full min-w-0 flex-col agent-turn\">\n<div class=\"relative flex-col gap-1 md:gap-3\">\n<div class=\"flex max-w-full flex-col grow\">\n<div class=\"min-h-8 text-message relative flex w-full flex-col items-end gap-2 text-start break-words whitespace-normal [.text-message+&amp;]:mt-5\" dir=\"auto\" data-message-author-role=\"assistant\" data-message-id=\"40fa5ae1-7687-4ece-aecd-69f2f46862cc\" data-message-model-slug=\"gpt-4o-mini\">\n<div class=\"flex w-full flex-col gap-1 empty:hidden first:pt-[3px]\">\n<div class=\"markdown prose dark:prose-invert w-full break-words light\">\n<h2 data-start=\"188\" data-end=\"548\">Twilight: Nov\u00fd m\u011bs\u00edc \u2013 Edward a Bella v Montepulcianu<\/h2>\n<p data-start=\"188\" data-end=\"548\"><br data-start=\"245\" data-end=\"248\" \/>V\u011bt\u0161ina fanou\u0161k\u016f Twilight nejsp\u00ed\u0161 v\u00ed, \u017ee se v\u011bt\u0161ina s\u00e1gy nat\u00e1\u010dela v Oregonu \u2014 i kdy\u017e samotn\u00fd p\u0159\u00edb\u011bh se odehr\u00e1v\u00e1 ve Forks, mal\u00e9m, de\u0161tiv\u00e9m m\u011bste\u010dku na olympijsk\u00e9m poloostrov\u011b st\u00e1tu Washington. My jsme tam byli kr\u00e1tce po premi\u00e9\u0159e film\u016f a cel\u00e9 m\u011bsto tehdy Stm\u00edv\u00e1n\u00edm doslova \u017eilo \u2013 a vlastn\u011b \u017eije dodnes.<\/p>\n<p data-start=\"550\" data-end=\"795\">Ka\u017ed\u00fd rok tam po\u0159\u00e1daj\u00ed Twilight festival, Bellin \u010derven\u00fd pick-up stoj\u00ed hrd\u011b p\u0159ed n\u00e1v\u0161t\u011bvnick\u00fdm centrem, Dr. Cullen m\u00e1 sv\u00e9 vlastn\u00ed parkovac\u00ed m\u00edsto u nemocnice \u2014 a v obchod\u011b, kde m\u011bla Bella \u00fadajn\u011b pracovat, pr\u00fd ob\u010das je\u0161t\u011b po\u0159\u00e1d volaj\u00ed jej\u00ed jm\u00e9no.<\/p>\n<p data-start=\"797\" data-end=\"932\">Ale p\u0159esko\u010dme do <em data-start=\"814\" data-end=\"829\">Nov\u00e9ho m\u011bs\u00edce<\/em> \u2013 a najednou u\u017e nejsme v mlhav\u00e9m Pacifiku. P\u0159esouv\u00e1me se pod italsk\u00e9 slunce, p\u0159\u00edmo do srdce Tosk\u00e1nska.<\/p>\n<p data-start=\"934\" data-end=\"1262\">Vzpom\u00edn\u00e1te na tu dramatickou sc\u00e9nu, kdy si Edward mysl\u00ed, \u017ee je Bella mrtv\u00e1, a rozhodne se, \u017ee bez n\u00ed nem\u016f\u017ee d\u00e1l? Chce b\u011bhem slavnosti svat\u00e9ho Marka odhalit svou up\u00edrskou identitu. Ve chv\u00edli, kdy u\u017e t\u00e9m\u011b\u0159 vystoup\u00ed na slunce, Bella vb\u00edh\u00e1 na n\u00e1m\u011bst\u00ed, p\u0159esko\u010d\u00ed font\u00e1nu a vrhne se mu do n\u00e1ru\u010de \u2013 v posledn\u00ed mo\u017en\u00e9 vte\u0159in\u011b ho zachr\u00e1n\u00ed.<\/p>\n<p data-start=\"1264\" data-end=\"1437\">A ne \u2013 <strong data-start=\"1271\" data-end=\"1308\">nen\u00ed to Volterra, jak tvrd\u00ed kniha<\/strong>. Nat\u00e1\u010delo se v <strong data-start=\"1324\" data-end=\"1392\"><a data-start=\"1326\" data-end=\"1390\" rel=\"noopener\" target=\"_new\" class=\"cursor-pointer\">Montepulcianu<\/a><\/strong>, dechberouc\u00edm m\u011bste\u010dku na kopci v Tosk\u00e1nsku.<\/p>\n<p data-start=\"1439\" data-end=\"1851\">To m\u00edsto vypad\u00e1 jako vyst\u0159i\u017een\u00e9 z poh\u00e1dky \u2013 \u00fazk\u00e9 dl\u00e1\u017ed\u011bn\u00e9 uli\u010dky, domy z kamene, sluncem zalit\u00e1 n\u00e1m\u011bst\u00ed a v\u00fdhledy na vinice sahaj\u00edc\u00ed a\u017e za obzor. Hlavn\u00ed sc\u00e9na se nat\u00e1\u010dela na <strong data-start=\"1613\" data-end=\"1696\"><a data-start=\"1615\" data-end=\"1694\" rel=\"noopener\" target=\"_new\" class=\"cursor-pointer\">Piazza Grande<\/a><\/strong> \u2013 p\u0159\u00edmo v srdci m\u011bsta. St\u00e1la jsem tam, m\u017eourala do zlat\u00e9ho sv\u011btla a sna\u017eila se p\u0159edstavit si dav lid\u00ed v \u010derven\u00fdch pl\u00e1\u0161t\u00edch a sly\u0161et Belliny zoufal\u00e9 kroky.<\/p>\n<p data-start=\"1853\" data-end=\"2023\">A ta font\u00e1na, p\u0159es kterou Bella sk\u00e1\u010de? <strong data-start=\"1892\" data-end=\"1910\">Nen\u00ed skute\u010dn\u00e1.<\/strong> Byla to jen filmov\u00e1 kulisa. Ale ty budovy, ark\u00e1dy a celkov\u00e1 atmosf\u00e9ra? <strong data-start=\"1982\" data-end=\"2023\">Naprost\u00e1 realita \u2013 a nezapomenuteln\u00e1.<\/strong><\/p>\n<hr data-start=\"2025\" data-end=\"2028\" \/>\n<p data-start=\"2030\" data-end=\"2353\"><strong data-start=\"2030\" data-end=\"2046\">Rychl\u00e9 info:<\/strong><br data-start=\"2046\" data-end=\"2049\" \/><strong data-start=\"2049\" data-end=\"2063\">Parkov\u00e1n\u00ed?<\/strong> Velmi snadn\u00e9. V Montepulcianu je n\u011bkolik parkovi\u0161\u0165, v\u010detn\u011b m\u00edst pro karavany a autobusy. V\u011bt\u0161ina je zdarma nebo za symbolick\u00fd poplatek a proch\u00e1zka do centra stoj\u00ed za to.<br data-start=\"2233\" data-end=\"2236\" \/><strong data-start=\"2236\" data-end=\"2268\">Nat\u00e1\u010dely se tu i jin\u00e9 filmy?<\/strong> Ano! T\u0159eba <em data-start=\"2280\" data-end=\"2304\">Pod tosk\u00e1nsk\u00fdm sluncem<\/em> \u2013 sc\u00e9na s h\u00e1zen\u00edm vlajek se nat\u00e1\u010dela pr\u00e1v\u011b tady.<\/p>\n<hr data-start=\"2355\" data-end=\"2358\" \/>\n<p data-start=\"2360\" data-end=\"2613\">A\u0165 u\u017e jsi #TeamEdward, #TeamJacob, nebo prost\u011b jen #TeamVemM\u011bDoIt\u00e1lie \u2013 <strong data-start=\"2432\" data-end=\"2462\">Montepulciano si zamiluje\u0161<\/strong>. I kdy\u017e je n\u00e1m\u011bst\u00ed zrovna pr\u00e1zdn\u00e9, ve vzduchu n\u011bco vis\u00ed. Jako by se tam kdysi odehr\u00e1lo n\u011bco velkolep\u00e9ho.<br data-start=\"2567\" data-end=\"2570\" \/>A z filmov\u00e9ho pohledu \u2013 p\u0159esn\u011b to se stalo.<\/p>\n<\/div>\n<\/div>\n<\/div>\n<\/div>\n<\/div>\n<\/div>\n<\/div>\n<\/div>\n<\/article>\n<\/div><\/div><\/div><\/div><div class=\"et_pb_row_7 et_pb_row et_block_row\"><div class=\"et_pb_column_13 et_pb_column et_pb_column_1_3 et_block_column et_pb_css_mix_blend_mode_passthrough\"><div class=\"et_pb_image_8 et_pb_image et_pb_module et_block_module\"><span class=\"et_pb_image_wrap\"><img loading=\"lazy\" decoding=\"async\" src=\"https:\/\/www.jsltravels.com\/cs\/wp-content\/uploads\/2025\/09\/Montepulciano-Fiat.jpg\" width=\"600\" height=\"800\" srcset=\"https:\/\/www.jsltravels.com\/cs\/wp-content\/uploads\/2025\/09\/Montepulciano-Fiat.jpg 600w, https:\/\/www.jsltravels.com\/cs\/wp-content\/uploads\/2025\/09\/Montepulciano-Fiat-480x640.jpg 480w\" sizes=\"(min-width: 0px) and (max-width: 480px) 480px, (min-width: 481px) 600px, 100vw\" class=\"wp-image-268399\" title=\"Montepulciano Fiat\" alt=\"\u017dena a chlapec stoj\u00ed vedle b\u00edl\u00e9ho Fiata p\u0159ed italsk\u00fdm domkem.\" \/><\/span><\/div><\/div><div class=\"et_pb_column_14 et_pb_column et_pb_column_1_3 et_block_column et_pb_css_mix_blend_mode_passthrough\"><div class=\"et_pb_image_9 et_pb_image et_pb_module et_block_module\"><span class=\"et_pb_image_wrap\"><img loading=\"lazy\" decoding=\"async\" src=\"https:\/\/www.jsltravels.com\/cs\/wp-content\/uploads\/2025\/09\/Montepulciano.jpg\" width=\"600\" height=\"800\" srcset=\"https:\/\/www.jsltravels.com\/cs\/wp-content\/uploads\/2025\/09\/Montepulciano.jpg 600w, https:\/\/www.jsltravels.com\/cs\/wp-content\/uploads\/2025\/09\/Montepulciano-480x640.jpg 480w\" sizes=\"(min-width: 0px) and (max-width: 480px) 480px, (min-width: 481px) 600px, 100vw\" class=\"wp-image-268403\" title=\"Montepulciano\" alt=\"V\u011b\u017e v Montepulcianu, mu\u017e kr\u00e1\u010d\u00ed sm\u011brem k n\u00e1m\u011bst\u00ed.\" \/><\/span><\/div><\/div><div class=\"et_pb_column_15 et_pb_column et_pb_column_1_3 et-last-child et_block_column et_pb_css_mix_blend_mode_passthrough\"><div class=\"et_pb_image_10 et_pb_image et_pb_module et_block_module\"><span class=\"et_pb_image_wrap\"><img loading=\"lazy\" decoding=\"async\" src=\"https:\/\/www.jsltravels.com\/cs\/wp-content\/uploads\/2025\/09\/Montepulciano-vyhledy.jpg\" width=\"600\" height=\"800\" srcset=\"https:\/\/www.jsltravels.com\/cs\/wp-content\/uploads\/2025\/09\/Montepulciano-vyhledy.jpg 600w, https:\/\/www.jsltravels.com\/cs\/wp-content\/uploads\/2025\/09\/Montepulciano-vyhledy-480x640.jpg 480w\" sizes=\"(min-width: 0px) and (max-width: 480px) 480px, (min-width: 481px) 600px, 100vw\" class=\"wp-image-268402\" title=\"Montepulciano vyhledy\" alt=\"V\u00fdhled z hradu do zelen\u00fdch luk.\" \/><\/span><\/div><\/div><\/div><div class=\"et_pb_row_8 et_pb_row et_block_row\"><div class=\"et_pb_column_16 et_pb_column et_pb_column_1_2 et_block_column et_pb_css_mix_blend_mode_passthrough\"><div class=\"et_pb_image_11 et_pb_image et_pb_module et_block_module\"><span class=\"et_pb_image_wrap\"><img loading=\"lazy\" decoding=\"async\" src=\"https:\/\/www.jsltravels.com\/cs\/wp-content\/uploads\/2025\/09\/Montepulciano-New-Moon.jpg\" width=\"1080\" height=\"1350\" srcset=\"https:\/\/www.jsltravels.com\/cs\/wp-content\/uploads\/2025\/09\/Montepulciano-New-Moon.jpg 1080w, https:\/\/www.jsltravels.com\/cs\/wp-content\/uploads\/2025\/09\/Montepulciano-New-Moon-980x1225.jpg 980w, https:\/\/www.jsltravels.com\/cs\/wp-content\/uploads\/2025\/09\/Montepulciano-New-Moon-480x600.jpg 480w\" sizes=\"(min-width: 0px) and (max-width: 480px) 480px, (min-width: 481px) and (max-width: 980px) 980px, (min-width: 981px) 1080px, 100vw\" class=\"wp-image-268400\" title=\"Montepulciano New Moon\" alt=\"Kol\u00e1\u017e z filmu Stm\u00edv\u00e1n\u00ed a \u017eeny b\u011b\u017e\u00edc\u00ed p\u0159es font\u00e1nu.\" \/><\/span><\/div><\/div><div class=\"et_pb_column_17 et_pb_column et_pb_column_1_2 et-last-child et_block_column et_pb_css_mix_blend_mode_passthrough\"><div class=\"et_pb_image_12 et_pb_image et_pb_module et_block_module\"><span class=\"et_pb_image_wrap\"><img loading=\"lazy\" decoding=\"async\" src=\"https:\/\/www.jsltravels.com\/cs\/wp-content\/uploads\/2025\/09\/New-Moon-scena-v-Italii.jpg\" width=\"1080\" height=\"1350\" srcset=\"https:\/\/www.jsltravels.com\/cs\/wp-content\/uploads\/2025\/09\/New-Moon-scena-v-Italii.jpg 1080w, https:\/\/www.jsltravels.com\/cs\/wp-content\/uploads\/2025\/09\/New-Moon-scena-v-Italii-980x1225.jpg 980w, https:\/\/www.jsltravels.com\/cs\/wp-content\/uploads\/2025\/09\/New-Moon-scena-v-Italii-480x600.jpg 480w\" sizes=\"(min-width: 0px) and (max-width: 480px) 480px, (min-width: 481px) and (max-width: 980px) 980px, (min-width: 981px) 1080px, 100vw\" class=\"wp-image-268404\" title=\"New Moon scena v Italii\" alt=\"Kol\u00e1\u017e v\u011b\u017ee v Montepulcianu s lidmi v \u010derven\u00e9m a stejn\u00e9ho m\u00edsta bez lid\u00ed.\" \/><\/span><\/div><\/div><\/div><div class=\"et_pb_row_9 et_pb_row et_block_row\"><div class=\"et_pb_column_18 et_pb_column et_pb_column_4_4 et-last-child et_block_column et_pb_css_mix_blend_mode_passthrough\"><div class=\"et_pb_text_4 et_pb_text et_pb_bg_layout_light et_pb_module et_block_module\"><div class=\"et_pb_text_inner\"><article class=\"text-token-text-primary w-full\" dir=\"auto\" data-testid=\"conversation-turn-36\" data-scroll-anchor=\"true\">\n<div class=\"text-base my-auto mx-auto py-5 [--thread-content-margin:--spacing(4)] @[37rem]:[--thread-content-margin:--spacing(6)] @[70rem]:[--thread-content-margin:--spacing(12)] px-(--thread-content-margin)\">\n<div class=\"[--thread-content-max-width:32rem] @[34rem]:[--thread-content-max-width:40rem] @[64rem]:[--thread-content-max-width:48rem] mx-auto flex max-w-(--thread-content-max-width) flex-1 text-base gap-4 md:gap-5 lg:gap-6 group\/turn-messages focus-visible:outline-hidden\" tabindex=\"-1\">\n<div class=\"group\/conversation-turn relative flex w-full min-w-0 flex-col agent-turn\">\n<div class=\"relative flex-col gap-1 md:gap-3\">\n<div class=\"flex max-w-full flex-col grow\">\n<div class=\"min-h-8 text-message relative flex w-full flex-col items-end gap-2 text-start break-words whitespace-normal [.text-message+&amp;]:mt-5\" dir=\"auto\" data-message-author-role=\"assistant\" data-message-id=\"40fa5ae1-7687-4ece-aecd-69f2f46862cc\" data-message-model-slug=\"gpt-4o-mini\">\n<div class=\"flex w-full flex-col gap-1 empty:hidden first:pt-[3px]\">\n<div class=\"markdown prose dark:prose-invert w-full break-words light\">\n<h2 data-start=\"177\" data-end=\"657\">Pod tosk\u00e1nsk\u00fdm sluncem \u2013 Cortona &amp; Villa Bramasole<\/h2>\n<p data-start=\"177\" data-end=\"657\"><br data-start=\"231\" data-end=\"234\" \/>Tahle lokace je mo\u017en\u00e1 tou v\u016fbec nejikoni\u010dt\u011bj\u0161\u00ed ze v\u0161ech filmov\u00fdch kulis v Tosk\u00e1nsku. Ve filmu <em data-start=\"328\" data-end=\"352\">Pod tosk\u00e1nsk\u00fdm sluncem<\/em> (2003) si Frances (Diane Lane) impulzivn\u011b koup\u00ed vilu v Tosk\u00e1nsku, aby za\u010dala nov\u00fd \u017eivot po rozvodu. V\u011bt\u0161ina sc\u00e9n se nat\u00e1\u010dela v okol\u00ed <strong data-start=\"486\" data-end=\"542\"><a data-start=\"488\" data-end=\"540\" class=\"cursor-pointer\" rel=\"noopener\" target=\"_new\">Cortony<\/a><\/strong> \u2013 n\u00e1dhern\u00e9ho m\u011bste\u010dka s kamenn\u00fdmi hradbami, v\u00fdhledy jako z pohlednice a strm\u00fdmi uli\u010dkami, kter\u00e9 v\u00e1s nut\u00ed zpomalit.<\/p>\n<p data-start=\"659\" data-end=\"1077\">A ano \u2013 <strong data-start=\"667\" data-end=\"748\"><a data-start=\"669\" data-end=\"746\" class=\"cursor-pointer\" rel=\"noopener\" target=\"_new\">Villa Bramasole<\/a><\/strong> je skute\u010dn\u00e1! Je ale v soukrom\u00e9m vlastnictv\u00ed a nep\u0159\u00edstupn\u00e1 ve\u0159ejnosti. I tak se k n\u00ed d\u00e1 doj\u00edt p\u011b\u0161ky z Cortony a <strong data-start=\"860\" data-end=\"896\">alespo\u0148 z cesty na ni nahl\u00e9dnout<\/strong>. A v\u011b\u0159te mi \u2013 u\u017e jen \u0159\u00edct, \u017ee jste ji vid\u011bli, za to stoj\u00ed. Spousta dal\u0161\u00edch sc\u00e9n, jako t\u0159eba trh nebo Frances, jak nese kbel\u00edk barvy, se nat\u00e1\u010dela p\u0159\u00edmo v historick\u00e9m centru Cortony.<\/p>\n<p data-start=\"1079\" data-end=\"1210\"><em data-start=\"1079\" data-end=\"1092\">Zaj\u00edmavost:<\/em> N\u011bkter\u00e9 interi\u00e9rov\u00e9 sc\u00e9ny vznikly v \u0159\u00edmsk\u00fdch <strong data-start=\"1138\" data-end=\"1160\">Cinecitt\u00e0 studi\u00edch<\/strong>, ale srdce toho filmu jednozna\u010dn\u011b bije v Corton\u011b.<\/p>\n<hr data-start=\"1212\" data-end=\"1215\" \/>\n<h2 data-start=\"1217\" data-end=\"1676\">Anglick\u00fd pacient \u2013 Kl\u00e1\u0161ter Sant\u2019Anna in Camprena (u Pienzy)<\/h2>\n<p data-start=\"1217\" data-end=\"1676\"><br data-start=\"1280\" data-end=\"1283\" \/>Tohle m\u00edsto mo\u017en\u00e1 nen\u00ed tak zn\u00e1m\u00e9 b\u011b\u017en\u00fdm turist\u016fm, ale <em data-start=\"1337\" data-end=\"1355\">Anglick\u00fd pacient<\/em> (1996) se taky z\u010d\u00e1sti nat\u00e1\u010del v Tosk\u00e1nsku \u2013 konkr\u00e9tn\u011b sc\u00e9ny z kl\u00e1\u0161tera. Kr\u00e1sn\u00fd, tajemn\u00fd <strong data-start=\"1444\" data-end=\"1536\"><a data-start=\"1446\" data-end=\"1534\" class=\"cursor-pointer\" rel=\"noopener\" target=\"_new\">kl\u00e1\u0161ter Sant\u2019Anna in Camprena<\/a><\/strong>, jen p\u00e1r kilometr\u016f od Pienzy, poslou\u017eil ve filmu jako nemocnice. Obklopen\u00fd olivovn\u00edky, p\u016fsob\u00ed klidn\u011b a magicky \u2013 a je p\u0159\u00edstupn\u00fd ve\u0159ejnosti.<\/p>\n<p data-start=\"1678\" data-end=\"1816\">Pokud se ubytujete pobl\u00ed\u017e, je to skv\u011bl\u00fd tip na kr\u00e1tkou zast\u00e1vku \u2013 hlavn\u011b pokud m\u00e1te slabost pro historick\u00e9 romance a vizu\u00e1ln\u011b siln\u00e9 filmy.<\/p>\n<hr data-start=\"1818\" data-end=\"1821\" \/>\n<h2 data-start=\"1823\" data-end=\"2164\">Na z\u00e1v\u011br: filmov\u00e1 magie v Tosk\u00e1nsku opravdu existuje<\/h2>\n<p data-start=\"1823\" data-end=\"2164\"><br data-start=\"1879\" data-end=\"1882\" \/>Tosk\u00e1nsko nen\u00ed jen o v\u00edn\u011b a t\u011bstovin\u00e1ch (i kdy\u017e, ano \u2013 i o tom). Je to kraj, kde p\u0159\u00edb\u011bhy o\u017e\u00edvaj\u00ed. A\u0165 u\u017e jdete v Maximov\u00fdch stop\u00e1ch, p\u0159edstavujete si Bellu b\u011b\u017e\u00edc\u00ed p\u0159es n\u00e1m\u011bst\u00ed, nebo sn\u00edte o vlastn\u00ed rozpadaj\u00edc\u00ed se vile \u2013 n\u00e1v\u0161t\u011bva filmov\u00fdch lokac\u00ed dod\u00e1 va\u0161emu v\u00fdletu \u00fapln\u011b nov\u00fd rozm\u011br.<\/p>\n<p data-start=\"2166\" data-end=\"2358\"><strong data-start=\"2166\" data-end=\"2178\">M\u016fj tip?<\/strong> Pod\u00edvejte se na ty filmy znovu t\u011bsn\u011b p\u0159ed cestou. A\u017e budete st\u00e1t p\u0159\u00edmo na t\u011bch m\u00edstech, najednou se v\u00e1m v\u0161echno vr\u00e1t\u00ed \u2013 a mo\u017en\u00e1 si i na chv\u00edli budete p\u0159ipadat jako filmov\u00e1 hv\u011bzda.<\/p>\n<\/div>\n<\/div>\n<\/div>\n<\/div>\n<\/div>\n<\/div>\n<\/div>\n<\/div>\n<\/article>\n<\/div><\/div><\/div><\/div><div class=\"et_pb_row_10 et_pb_row et_block_row\"><div class=\"et_pb_column_19 et_pb_column et_pb_column_1_3 et_block_column et_pb_css_mix_blend_mode_passthrough\"><div class=\"et_pb_image_13 et_pb_image et_pb_module et_block_module\"><span class=\"et_pb_image_wrap\"><img loading=\"lazy\" decoding=\"async\" src=\"https:\/\/www.jsltravels.com\/cs\/wp-content\/uploads\/2025\/09\/Tuscany.jpg\" width=\"600\" height=\"800\" srcset=\"https:\/\/www.jsltravels.com\/cs\/wp-content\/uploads\/2025\/09\/Tuscany.jpg 600w, https:\/\/www.jsltravels.com\/cs\/wp-content\/uploads\/2025\/09\/Tuscany-480x640.jpg 480w\" sizes=\"(min-width: 0px) and (max-width: 480px) 480px, (min-width: 481px) 600px, 100vw\" class=\"wp-image-268408\" title=\"Tuscany\" alt=\"Z\u00e1pad slunce mezi zlat\u00fdmi klasy na poli.\" \/><\/span><\/div><\/div><div class=\"et_pb_column_20 et_pb_column et_pb_column_1_3 et_block_column et_pb_css_mix_blend_mode_passthrough\"><div class=\"et_pb_image_14 et_pb_image et_pb_module et_block_module\"><span class=\"et_pb_image_wrap\"><img loading=\"lazy\" decoding=\"async\" src=\"https:\/\/www.jsltravels.com\/cs\/wp-content\/uploads\/2025\/09\/Bagno-Vignoni-Baths.jpg\" width=\"600\" height=\"800\" srcset=\"https:\/\/www.jsltravels.com\/cs\/wp-content\/uploads\/2025\/09\/Bagno-Vignoni-Baths.jpg 600w, https:\/\/www.jsltravels.com\/cs\/wp-content\/uploads\/2025\/09\/Bagno-Vignoni-Baths-480x640.jpg 480w\" sizes=\"(min-width: 0px) and (max-width: 480px) 480px, (min-width: 481px) 600px, 100vw\" class=\"wp-image-268391\" title=\"Bagno Vignoni Baths\" alt=\"\u017dena a syn v modr\u00fdch plavk\u00e1ch pono\u0159en\u00ed do sv\u011btle modr\u00e9 vody term\u00e1ln\u00edch pramen\u016f v Bagno Vignoni.\" \/><\/span><\/div><\/div><div class=\"et_pb_column_21 et_pb_column et_pb_column_1_3 et-last-child et_block_column et_pb_css_mix_blend_mode_passthrough\"><div class=\"et_pb_image_15 et_pb_image et_pb_module et_block_module\"><span class=\"et_pb_image_wrap\"><img loading=\"lazy\" decoding=\"async\" src=\"https:\/\/www.jsltravels.com\/cs\/wp-content\/uploads\/2025\/09\/Toskansko-Italie.jpg\" width=\"600\" height=\"800\" srcset=\"https:\/\/www.jsltravels.com\/cs\/wp-content\/uploads\/2025\/09\/Toskansko-Italie.jpg 600w, https:\/\/www.jsltravels.com\/cs\/wp-content\/uploads\/2025\/09\/Toskansko-Italie-480x640.jpg 480w\" sizes=\"(min-width: 0px) and (max-width: 480px) 480px, (min-width: 481px) 600px, 100vw\" class=\"wp-image-268407\" title=\"Toskansko Italie\" alt=\"Klasick\u00fd italsk\u00fd domek na n\u00e1m\u011bst\u00ed\u010dku v Bagno Vignoni obklopen\u00fd zelen\u00fdmi stromy.\" \/><\/span><\/div><\/div><\/div><div class=\"et_pb_row_11 et_pb_row et_block_row\"><div class=\"et_pb_column_22 et_pb_column et_pb_column_4_4 et-last-child et_block_column et_pb_css_mix_blend_mode_passthrough\"><div class=\"et_pb_code_0 et_pb_code et_pb_module\"><div class=\"et_pb_code_inner\"><script async src=\"https:\/\/c108.travelpayouts.com\/content?trs=336892&shmarker=560753&iata=BRW&locale=en-US&powered_by=true&promo_id=4040\" charset=\"utf-8\"><\/script><\/div><\/div><\/div><\/div><div class=\"et_pb_row_12 et_pb_row et_pb_gutters1 et_block_row\"><div class=\"et_pb_column_23 et_pb_column et_pb_column_1_2 et_block_column et_pb_css_mix_blend_mode_passthrough\"><div class=\"et_pb_code_1 et_pb_code et_pb_text_align_center et_pb_module\"><div class=\"et_pb_code_inner\"><iframe loading=\"lazy\" src=\"https:\/\/assets.pinterest.com\/ext\/embed.html?id=926686061304752186\" height=\"618\" width=\"345\" frameborder=\"0\" scrolling=\"no\" ><\/iframe><\/div><\/div><\/div><div class=\"et_pb_column_24 et_pb_column et_pb_column_1_2 et-last-child et_block_column et_pb_css_mix_blend_mode_passthrough\"><div class=\"et_pb_module et_d4_element dssb_sharing_buttons dssb_sharing_buttons_0\">\n\t\t\t\t\n\t\t\t\t\n\t\t\t\t\n\t\t\t\t\n\t\t\t\t\n\t\t\t\t\n\t\t\t\t<div class=\"et_pb_module_inner\">\n\t\t\t\t\t<div class=\"dssb-sharing-buttons dssb-columns-2 dssb-tablet-columns-2 dssb-phone-columns-2\"><div class=\"et_d4_element dssb_sharing_button dssb_sharing_button_0\">\n\t\t\t\t\n\t\t\t\t\n\t\t\t\t\n\t\t\t\t\n\t\t\t\t\n\t\t\t\t\n\t\t\t\t<div class=\"et_pb_module_inner\">\n\t\t\t\t\t\n            <div class=\"dssb-sharing-button\">\n                <a class=\"dssb-sharing-button-pinterest\" href=\"https:\/\/pinterest.com\/pin\/create\/button\/?url&amp;media&amp;description\" data-network=\"pinterest\" aria-label=\"Pin It na Pinterestu\" rel=\"nofollow noopener\" target=\"_blank\">\n                    <span class=\"dssb-sharing-icon dssb-sharing-pinterest\"><\/span>\n                    <div class=\"dssb-sharing-text\" >Pin It na Pinterestu<\/div>\n                <\/a>\n            <\/div>\n\t\t\t\t<\/div>\n\t\t\t<\/div><div class=\"et_d4_element dssb_sharing_button dssb_sharing_button_1\">\n\t\t\t\t\n\t\t\t\t\n\t\t\t\t\n\t\t\t\t\n\t\t\t\t\n\t\t\t\t\n\t\t\t\t<div class=\"et_pb_module_inner\">\n\t\t\t\t\t\n            <div class=\"dssb-sharing-button\">\n                <a class=\"dssb-sharing-button-facebook\" href=\"https:\/\/www.facebook.com\/sharer.php?u\" data-network=\"facebook\" aria-label=\"Sd\u00edlet na Facebooku\" rel=\"nofollow noopener\" target=\"_blank\">\n                    <span class=\"dssb-sharing-icon dssb-sharing-facebook\"><\/span>\n                    <div class=\"dssb-sharing-text\" >Sd\u00edlet na Facebooku<\/div>\n                <\/a>\n            <\/div>\n\t\t\t\t<\/div>\n\t\t\t<\/div><div class=\"et_d4_element dssb_sharing_button dssb_sharing_button_2\">\n\t\t\t\t\n\t\t\t\t\n\t\t\t\t\n\t\t\t\t\n\t\t\t\t\n\t\t\t\t\n\t\t\t\t<div class=\"et_pb_module_inner\">\n\t\t\t\t\t\n            <div class=\"dssb-sharing-button\">\n                <a class=\"dssb-sharing-button-whatsapp\" href=\"https:\/\/api.whatsapp.com\/send?text=\" data-network=\"whatsapp\" aria-label=\"Poslat Whatsappem\" rel=\"nofollow noopener\" target=\"_blank\">\n                    <span class=\"dssb-sharing-icon dssb-sharing-whatsapp\"><\/span>\n                    <div class=\"dssb-sharing-text\" >Poslat Whatsappem<\/div>\n                <\/a>\n            <\/div>\n\t\t\t\t<\/div>\n\t\t\t<\/div><div class=\"et_d4_element dssb_sharing_button dssb_sharing_button_3\">\n\t\t\t\t\n\t\t\t\t\n\t\t\t\t\n\t\t\t\t\n\t\t\t\t\n\t\t\t\t\n\t\t\t\t<div class=\"et_pb_module_inner\">\n\t\t\t\t\t\n            <div class=\"dssb-sharing-button\">\n                <a class=\"dssb-sharing-button-messenger\" href=\"https:\/\/www.facebook.com\/dialog\/send?app_id&amp;link&amp;display=popup&amp;redirect_uri=https:\/\/www.jsltravels.com\/cs\" data-network=\"messenger\" aria-label=\"Poslat na Messenger\" rel=\"nofollow\">\n                    <span class=\"dssb-sharing-icon dssb-sharing-messenger\"><\/span>\n                    <div class=\"dssb-sharing-text\" >Poslat na Messenger<\/div>\n                <\/a>\n            <\/div>\n\t\t\t\t<\/div>\n\t\t\t<\/div><div class=\"et_d4_element dssb_sharing_button dssb_sharing_button_4\">\n\t\t\t\t\n\t\t\t\t\n\t\t\t\t\n\t\t\t\t\n\t\t\t\t\n\t\t\t\t\n\t\t\t\t<div class=\"et_pb_module_inner\">\n\t\t\t\t\t\n            <div class=\"dssb-sharing-button\">\n                <a class=\"dssb-sharing-button-email\" href=\"mailto:?subject&body=%0D%0ALink: %0D%0A\" data-network=\"email\" aria-label=\"Poslat e-mailem\" rel=\"nofollow\">\n                    <span class=\"dssb-sharing-icon dssb-sharing-email\"><\/span>\n                    <div class=\"dssb-sharing-text\" >Poslat e-mailem<\/div>\n                <\/a>\n            <\/div>\n\t\t\t\t<\/div>\n\t\t\t<\/div><\/div>\n\t\t\t\t<\/div>\n\t\t\t<\/div><\/div><\/div><\/div><div class=\"et_pb_section_2 et_pb_section et_section_regular et_block_section\"><div class=\"et_pb_row_13 et_pb_row et_block_row\"><div class=\"et_pb_column_25 et_pb_column et_pb_column_4_4 et-last-child et_block_column et_pb_css_mix_blend_mode_passthrough\"><div class=\"et_pb_text_5 et_pb_text et_pb_bg_layout_light et_pb_module et_block_module preset--module--divi-text--6a37cb13-2b94-42a8-bab7-ee75b1380e65\"><div class=\"et_pb_text_inner\"><p><strong>Upozorn\u011bn\u00ed<\/strong>: Tato \u010d\u00e1st obsahuje <strong>affiliate odkazy<\/strong>. To znamen\u00e1, \u017ee pokud kliknete a n\u011bco si koup\u00edte nebo zarezervujete, mohu z\u00edskat malou provizi \u2014 **<strong>bez jak\u00fdchkoli dodate\u010dn\u00fdch n\u00e1klad\u016f pro v\u00e1s<\/strong>**. Doporu\u010duji pouze slu\u017eby, kter\u00e9 sama pou\u017e\u00edv\u00e1m nebo kter\u00fdm opravdu v\u011b\u0159\u00edm. D\u011bkuji, \u017ee t\u00edmto zp\u016fsobem podporujete m\u016fj blog!<\/p>\n<p>&nbsp;<\/p>\n<\/div><\/div><\/div><\/div><div class=\"et_pb_row_14 et_pb_row et_pb_row_5col et_block_row et_block_row_5col\"><div class=\"et_pb_column_26 et_pb_column et_pb_column_1_5 et_block_column et_pb_css_mix_blend_mode_passthrough\"><div class=\"et_pb_text_6 et_pb_text et_pb_bg_layout_light et_pb_module et_block_module preset--module--divi-text--6a37cb13-2b94-42a8-bab7-ee75b1380e65\"><div class=\"et_pb_text_inner\"><p style=\"text-align: center;\"><strong>Cestuj chyt\u0159e a levn\u011bji<\/strong><\/p>\n<\/div><\/div><div class=\"et_pb_image_16 et_pb_image et_pb_module et_block_module\"><span class=\"et_pb_image_wrap\"><img loading=\"lazy\" decoding=\"async\" src=\"https:\/\/www.jsltravels.com\/cs\/wp-content\/uploads\/2025\/07\/letiste-airport.png\" width=\"980\" height=\"980\" srcset=\"https:\/\/www.jsltravels.com\/cs\/wp-content\/uploads\/2025\/07\/letiste-airport.png 980w, https:\/\/www.jsltravels.com\/cs\/wp-content\/uploads\/2025\/07\/letiste-airport-480x480.png 480w\" sizes=\"(min-width: 0px) and (max-width: 480px) 480px, (min-width: 481px) 980px, 100vw\" class=\"wp-image-267026\" title=\"letiste-airport\" alt=\"Blue suitcase with a yellow stripe, featuring a handle and wheels. Attached is a luggage tag with an airplane symbol, conveying travel.\" \/><\/span><\/div><div class=\"et_pb_blurb_0 et_pb_blurb et_pb_bg_layout_light et_pb_text_align_center et_pb_blurb_position_top et_pb_module et_block_module\"><div class=\"et_pb_blurb_content\"><div class=\"et_pb_main_blurb_image\"><span class=\"et_pb_image_wrap et_pb_only_image_mode_wrap\"><img decoding=\"async\" src=\"http:\/\/jsltravels.com\/wp-content\/uploads\/2024\/10\/letiste-airport.png\" \/><\/span><\/div><div class=\"et_pb_blurb_container\"><div class=\"et_pb_blurb_description\"><p>Ne\u010dekej a vyraz hned! Najdi nejlep\u0161\u00ed letenky za super ceny a za\u010dni sv\u00e9 dal\u0161\u00ed dobrodru\u017estv\u00ed je\u0161t\u011b dnes! \u21d3<\/p>\n<p><a href=\"https:\/\/cheapoair.tpx.lt\/L8xJmq7q\" target=\"_blank\" rel=\"noopener\"> flight deals<\/a>\u00a0<\/p>\n<\/div><\/div><\/div><\/div><\/div><div class=\"et_pb_column_27 et_pb_column et_pb_column_1_5 et_block_column et_pb_css_mix_blend_mode_passthrough\"><div class=\"et_pb_text_7 et_pb_text et_pb_bg_layout_light et_pb_module et_block_module preset--module--divi-text--6a37cb13-2b94-42a8-bab7-ee75b1380e65\"><div class=\"et_pb_text_inner\"><p style=\"text-align: center;\"><strong>Najdi ubytov\u00e1n\u00ed na m\u00edru<\/strong><\/p>\n<\/div><\/div><div class=\"et_pb_image_17 et_pb_image et_pb_module et_block_module\"><span class=\"et_pb_image_wrap\"><img loading=\"lazy\" decoding=\"async\" src=\"https:\/\/www.jsltravels.com\/cs\/wp-content\/uploads\/2025\/07\/hotel-zvonek.png\" width=\"980\" height=\"980\" srcset=\"https:\/\/www.jsltravels.com\/cs\/wp-content\/uploads\/2025\/07\/hotel-zvonek.png 980w, https:\/\/www.jsltravels.com\/cs\/wp-content\/uploads\/2025\/07\/hotel-zvonek-480x480.png 480w\" sizes=\"(min-width: 0px) and (max-width: 480px) 480px, (min-width: 481px) 980px, 100vw\" class=\"wp-image-267027\" title=\"hotel-zvonek\" alt=\"Illustration of a blue hotel door hanger with a yellow service bell on it. The bell has motion lines, suggesting ringing, conveying prompt service.\" \/><\/span><\/div><div class=\"et_pb_blurb_1 et_pb_blurb et_pb_bg_layout_light et_pb_text_align_center et_pb_blurb_position_top et_pb_module et_block_module\"><div class=\"et_pb_blurb_content\"><div class=\"et_pb_main_blurb_image\"><span class=\"et_pb_image_wrap et_pb_only_image_mode_wrap\"><img decoding=\"async\" src=\"http:\/\/jsltravels.com\/wp-content\/uploads\/2024\/10\/hotel-zvonek.png\" \/><\/span><\/div><div class=\"et_pb_blurb_container\"><div class=\"et_pb_blurb_description\"><p>Najdi ubytov\u00e1n\u00ed podle sv\u00fdch p\u0159edstav na <a href=\"https:\/\/booking.tp.st\/bU1dhdHU\" target=\"_blank\" rel=\"noopener\">Booking.com<\/a> nebo <a href=\"https:\/\/agoda.tp.st\/ybqLuoG3\" target=\"_blank\" rel=\"noopener\">Agoda.com<\/a><\/p>\n<\/div><\/div><\/div><\/div><\/div><div class=\"et_pb_column_28 et_pb_column et_pb_column_1_5 et_block_column et_pb_css_mix_blend_mode_passthrough\"><div class=\"et_pb_text_8 et_pb_text et_pb_bg_layout_light et_pb_module et_block_module preset--module--divi-text--6a37cb13-2b94-42a8-bab7-ee75b1380e65\"><div class=\"et_pb_text_inner\"><p style=\"text-align: center;\"><strong>Cestuj stylov\u011b<\/strong><\/p>\n<\/div><\/div><div class=\"et_pb_image_18 et_pb_image et_pb_module et_block_module\"><span class=\"et_pb_image_wrap\"><img loading=\"lazy\" decoding=\"async\" src=\"https:\/\/www.jsltravels.com\/cs\/wp-content\/uploads\/2025\/07\/pujcovna-rent-car.png\" width=\"980\" height=\"980\" srcset=\"https:\/\/www.jsltravels.com\/cs\/wp-content\/uploads\/2025\/07\/pujcovna-rent-car.png 980w, https:\/\/www.jsltravels.com\/cs\/wp-content\/uploads\/2025\/07\/pujcovna-rent-car-480x480.png 480w\" sizes=\"(min-width: 0px) and (max-width: 480px) 480px, (min-width: 481px) 980px, 100vw\" class=\"wp-image-267028\" title=\"pujcovna-rent-car\" alt=\"A pair of yellow keys attached to a blue key tag featuring a simple black car icon. The image conveys vehicle-related themes.\" \/><\/span><\/div><div class=\"et_pb_blurb_2 et_pb_blurb et_pb_bg_layout_light et_pb_blurb_position_top et_pb_module et_block_module\"><div class=\"et_pb_blurb_content\"><div class=\"et_pb_main_blurb_image\"><span class=\"et_pb_image_wrap et_pb_only_image_mode_wrap\"><img decoding=\"async\" src=\"http:\/\/jsltravels.com\/wp-content\/uploads\/2024\/10\/pujcovna-rent-car.png\" \/><\/span><\/div><div class=\"et_pb_blurb_container\"><div class=\"et_pb_blurb_description\"><p style=\"text-align: center;\">Rezervuj si auto podle sv\u00fdch p\u0159edstav s\u00a0<a href=\"https:\/\/rentalcars.tp.st\/2tvWugZd\" target=\"_blank\" rel=\"noopener\">Rentalcars.<\/a><\/p>\n<\/div><\/div><\/div><\/div><\/div><div class=\"et_pb_column_29 et_pb_column et_pb_column_1_5 et_block_column et_pb_css_mix_blend_mode_passthrough\"><div class=\"et_pb_text_9 et_pb_text et_pb_bg_layout_light et_pb_module et_block_module preset--module--divi-text--6a37cb13-2b94-42a8-bab7-ee75b1380e65\"><div class=\"et_pb_text_inner\"><p style=\"text-align: center;\"><strong>Bezpe\u010dn\u011b na internetu<\/strong><\/p>\n<\/div><\/div><div class=\"et_pb_image_19 et_pb_image et_pb_module et_block_module\"><span class=\"et_pb_image_wrap\"><img loading=\"lazy\" decoding=\"async\" src=\"https:\/\/www.jsltravels.com\/cs\/wp-content\/uploads\/2025\/07\/wifi-sit.png\" width=\"980\" height=\"980\" srcset=\"https:\/\/www.jsltravels.com\/cs\/wp-content\/uploads\/2025\/07\/wifi-sit.png 980w, https:\/\/www.jsltravels.com\/cs\/wp-content\/uploads\/2025\/07\/wifi-sit-480x480.png 480w\" sizes=\"(min-width: 0px) and (max-width: 480px) 480px, (min-width: 481px) 980px, 100vw\" class=\"wp-image-267029\" title=\"wifi-sit\" alt=\"Three curved blue lines form a Wi-Fi symbol above a yellow circle, on a white background. The design suggests connectivity and modern technology.\" \/><\/span><\/div><div class=\"et_pb_blurb_3 et_pb_blurb et_pb_bg_layout_light et_pb_blurb_position_top et_pb_module et_block_module\"><div class=\"et_pb_blurb_content\"><div class=\"et_pb_main_blurb_image\"><span class=\"et_pb_image_wrap et_pb_only_image_mode_wrap\"><img decoding=\"async\" src=\"http:\/\/jsltravels.com\/wp-content\/uploads\/2024\/10\/wifi-sit.png\" \/><\/span><\/div><div class=\"et_pb_blurb_container\"><div class=\"et_pb_blurb_description\"><p>Cestuj bezpe\u010dn\u011b, chra\u0148 sv\u00e1 data s VPN od <a href=\"https:\/\/get.surfshark.net\/aff_c?offer_id=1679&amp;aff_id=34459&amp;source=www.jsltravels.com\" target=\"_blank\" rel=\"noopener\">Surfshark.<\/a><\/p>\n<\/div><\/div><\/div><\/div><\/div><div class=\"et_pb_column_30 et_pb_column et_pb_column_1_5 et-last-child et_block_column et_pb_css_mix_blend_mode_passthrough\"><div class=\"et_pb_text_10 et_pb_text et_pb_bg_layout_light et_pb_module et_block_module preset--module--divi-text--6a37cb13-2b94-42a8-bab7-ee75b1380e65\"><div class=\"et_pb_text_inner\"><p style=\"text-align: center;\"><strong>Kup si l\u00edstek dop\u0159edu<\/strong><\/p>\n<\/div><\/div><div class=\"et_pb_image_20 et_pb_image et_pb_module et_block_module\"><span class=\"et_pb_image_wrap\"><img loading=\"lazy\" decoding=\"async\" src=\"https:\/\/www.jsltravels.com\/cs\/wp-content\/uploads\/2025\/07\/vstupenka-ticket.png\" width=\"980\" height=\"980\" srcset=\"https:\/\/www.jsltravels.com\/cs\/wp-content\/uploads\/2025\/07\/vstupenka-ticket.png 980w, https:\/\/www.jsltravels.com\/cs\/wp-content\/uploads\/2025\/07\/vstupenka-ticket-480x480.png 480w\" sizes=\"(min-width: 0px) and (max-width: 480px) 480px, (min-width: 481px) 980px, 100vw\" class=\"wp-image-267030\" title=\"vstupenka-ticket\" alt=\"A stylized blue ticket with a yellow top edge featuring numbers. It has the word &quot;TICKET&quot; written in bold blue letters and a yellow circle accent.\" \/><\/span><\/div><div class=\"et_pb_blurb_4 et_pb_blurb et_pb_bg_layout_light et_pb_text_align_center et_pb_blurb_position_top et_pb_module et_block_module\"><div class=\"et_pb_blurb_content\"><div class=\"et_pb_main_blurb_image\"><span class=\"et_pb_image_wrap et_pb_only_image_mode_wrap\"><img decoding=\"async\" src=\"http:\/\/jsltravels.com\/wp-content\/uploads\/2024\/10\/vstupenka-ticket.png\" \/><\/span><\/div><div class=\"et_pb_blurb_container\"><div class=\"et_pb_blurb_description\"><p>Kup vstupenky na <a href=\"https:\/\/getyourguide.tp.st\/zP4xD4xO\" target=\"_blank\" rel=\"noopener\">nejlep\u0161\u00ed prohl\u00eddky a atrakce<\/a> p\u0159edem.<br \/><a href=\"https:\/\/getyourguide.tp.st\/zP4xD4xO\" target=\"_blank\" rel=\"noopener\"><\/a>\u00a0<\/p>\n<\/div><\/div><\/div><\/div><\/div><\/div><\/div><div class=\"et_pb_section_3 et_pb_section et_section_regular et_block_section\"><div class=\"et_pb_row_15 et_pb_row et_block_row\"><div class=\"et_pb_column_31 et_pb_column et_pb_column_4_4 et-last-child et_block_column et_pb_css_mix_blend_mode_passthrough\"><div class=\"et_pb_post_nav_0 et_pb_posts_nav nav-single et_pb_module et_flex_module\"><span class=\"nav-previous\"><a href=\"https:\/\/www.jsltravels.com\/cs\/lichtenstejnsko-za-jeden-den-tipy-na-trasu-a-zazitky\" rel=\"prev\" class=\"\"><span class=\"meta-nav\">&larr; <\/span><span class=\"nav-label\">Lichten\u0161tejnsko za jeden den: tipy na trasu a z\u00e1\u017eitky<\/span><\/a><\/span><span class=\"nav-next\"><a href=\"https:\/\/www.jsltravels.com\/cs\/jak-navstivit-cinque-terre-s-autem-nebo-obytnakem\" rel=\"next\" class=\"\"><span class=\"nav-label\">Jak nav\u0161t\u00edvit Cinque Terre s autem nebo obyt\u0148\u00e1kem.<\/span><span class=\"meta-nav\"> &rarr;<\/span><\/a><\/span><\/div><\/div><\/div><\/div>","protected":false},"excerpt":{"rendered":"<p>Pro\u017eijte filmovou magii v srdci Tosk\u00e1nska \u2013 projd\u011bte se m\u00edsty z *Gladi\u00e1tora*, *Twilight* \u010di *Pod tosk\u00e1nsk\u00fdm sluncem*. Tady se to\u010dila legenda!<\/p>\n","protected":false},"author":1,"featured_media":266765,"comment_status":"open","ping_status":"open","sticky":false,"template":"","format":"standard","meta":{"_et_pb_use_builder":"on","_et_pb_old_content":"","_et_gb_content_width":"","footnotes":""},"categories":[41,42,89,45],"tags":[],"post_folder":[40],"class_list":["post-266735","post","type-post","status-publish","format-standard","has-post-thumbnail","hentry","category-destinace","category-evropa","category-filmova-mista","category-italie"],"_links":{"self":[{"href":"https:\/\/www.jsltravels.com\/cs\/wp-json\/wp\/v2\/posts\/266735","targetHints":{"allow":["GET"]}}],"collection":[{"href":"https:\/\/www.jsltravels.com\/cs\/wp-json\/wp\/v2\/posts"}],"about":[{"href":"https:\/\/www.jsltravels.com\/cs\/wp-json\/wp\/v2\/types\/post"}],"author":[{"embeddable":true,"href":"https:\/\/www.jsltravels.com\/cs\/wp-json\/wp\/v2\/users\/1"}],"replies":[{"embeddable":true,"href":"https:\/\/www.jsltravels.com\/cs\/wp-json\/wp\/v2\/comments?post=266735"}],"version-history":[{"count":4,"href":"https:\/\/www.jsltravels.com\/cs\/wp-json\/wp\/v2\/posts\/266735\/revisions"}],"predecessor-version":[{"id":268832,"href":"https:\/\/www.jsltravels.com\/cs\/wp-json\/wp\/v2\/posts\/266735\/revisions\/268832"}],"wp:featuredmedia":[{"embeddable":true,"href":"https:\/\/www.jsltravels.com\/cs\/wp-json\/wp\/v2\/media\/266765"}],"wp:attachment":[{"href":"https:\/\/www.jsltravels.com\/cs\/wp-json\/wp\/v2\/media?parent=266735"}],"wp:term":[{"taxonomy":"category","embeddable":true,"href":"https:\/\/www.jsltravels.com\/cs\/wp-json\/wp\/v2\/categories?post=266735"},{"taxonomy":"post_tag","embeddable":true,"href":"https:\/\/www.jsltravels.com\/cs\/wp-json\/wp\/v2\/tags?post=266735"},{"taxonomy":"post_folder","embeddable":true,"href":"https:\/\/www.jsltravels.com\/cs\/wp-json\/wp\/v2\/post_folder?post=266735"}],"curies":[{"name":"wp","href":"https:\/\/api.w.org\/{rel}","templated":true}]}}