{"id":266804,"date":"2025-07-07T15:59:57","date_gmt":"2025-07-07T15:59:57","guid":{"rendered":"https:\/\/jsltravels.com\/?p=266804"},"modified":"2026-04-01T06:44:20","modified_gmt":"2026-04-01T06:44:20","slug":"jak-navstivit-cinque-terre-s-autem-nebo-obytnakem","status":"publish","type":"post","link":"https:\/\/www.jsltravels.com\/cs\/jak-navstivit-cinque-terre-s-autem-nebo-obytnakem","title":{"rendered":"Jak nav\u0161t\u00edvit Cinque Terre s autem nebo obyt\u0148\u00e1kem."},"content":{"rendered":"<div class=\"et_pb_section_0 et_pb_section et_section_regular et_block_section\"><div class=\"et_pb_row_0 et_pb_row et_pb_gutters1 et_block_row\"><div class=\"et_pb_column_0 et_pb_column et_pb_column_3_5 et_block_column et_pb_css_mix_blend_mode_passthrough\"><div class=\"et_pb_text_0 et_pb_text et_pb_bg_layout_light et_pb_module et_block_module\"><div class=\"et_pb_text_inner\"><h1 data-pm-slice=\"1 1 []\">Jak nav\u0161t\u00edvit Cinque Terre s autem nebo obyt\u0148\u00e1kem<\/h1>\n<\/div><\/div><\/div><div class=\"et_pb_column_1 et_pb_column et_pb_column_2_5 et-last-child et_block_column et_pb_column_empty et_pb_css_mix_blend_mode_passthrough\"><\/div><\/div><\/div><div class=\"et_pb_section_1 et_pb_section et_section_regular et_block_section\"><div class=\"et_pb_row_1 et_pb_row et_block_row\"><div class=\"et_pb_column_2 et_pb_column et_pb_column_4_4 et-last-child et_block_column et_pb_css_mix_blend_mode_passthrough\"><div class=\"et_pb_text_1 et_pb_text et_pb_bg_layout_light et_pb_module et_block_module\"><div class=\"et_pb_text_inner\"><h2 data-start=\"118\" data-end=\"502\">Kompletn\u00ed pr\u016fvodce z na\u0161eho \u010dervnov\u00e9ho road tripu<\/h2>\n<p data-start=\"118\" data-end=\"502\"><br data-start=\"171\" data-end=\"174\" \/>Cinque Terre \u2013 p\u011bt pestrobarevn\u00fdch m\u011bste\u010dek na skalnat\u00fdch \u00fatesech s v\u00fdhledem na t\u0159pytiv\u00e9 Ligursk\u00e9 mo\u0159e. Jeden z nejslavn\u011bj\u0161\u00edch italsk\u00fdch klenot\u016f, a to naprosto opr\u00e1vn\u011bn\u011b. My jsme tam vyrazili za\u010d\u00e1tkem \u010dervna, abychom se alespo\u0148 trochu vyhnuli dav\u016fm a vedr\u016fm. I tak u\u017e bylo po\u0159\u00e1dn\u00e9 horko a lid\u00ed spousta, ale dalo se to zvl\u00e1dnout.<\/p>\n<p data-start=\"504\" data-end=\"842\">Po It\u00e1lii jsme cestovali obytn\u00e1kem a Cinque Terre na na\u0161em seznamu rozhodn\u011b nesm\u011blo chyb\u011bt. Ale pozor \u2013 rozhodn\u011b se nesna\u017ete do t\u011bchto m\u011bste\u010dek jezdit autem nebo obytn\u00e1kem! Tenhle pr\u016fvodce v\u00e1m uk\u00e1\u017ee, jak na to j\u00edt chyt\u0159e, co rad\u0161i vynechat a samoz\u0159ejm\u011b p\u0159id\u00e1v\u00e1me i na\u0161e up\u0159\u00edmn\u00e9 post\u0159ehy (v\u010detn\u011b momentu, kdy na\u0161eho syna pozahala med\u00faza!).<\/p>\n<\/div><\/div><\/div><\/div><div class=\"et_pb_row_2 et_pb_row et_block_row\"><div class=\"et_pb_column_3 et_pb_column et_pb_column_4_4 et-last-child et_block_column et_pb_css_mix_blend_mode_passthrough\"><div class=\"et_pb_text_2 et_pb_text et_pb_bg_layout_light et_pb_module et_block_module\"><div class=\"et_pb_text_inner\"><h2 data-start=\"120\" data-end=\"420\">Nejd\u016fle\u017eit\u011bj\u0161\u00ed v\u011bc hned na za\u010d\u00e1tek: nejezd\u011bte do m\u011bste\u010dek autem<\/h2>\n<p data-start=\"120\" data-end=\"420\"><br data-start=\"187\" data-end=\"190\" \/>Cinque Terre rozhodn\u011b nebylo stav\u011bn\u00e9 pro auta, nato\u017e pro obytn\u00e1 auta. Tato stalet\u00ed star\u00e1 m\u011bste\u010dka jsou vkl\u00edn\u011bn\u00e1 do skal a tvo\u0159en\u00e1 p\u0159ev\u00e1\u017en\u011b \u00fazk\u00fdmi p\u011b\u0161\u00edmi uli\u010dkami. Parkov\u00e1n\u00ed je drah\u00e9, omezen\u00e9 a nav\u00edc v\u011bt\u0161inou dost daleko od centra.<\/p>\n<h3 data-start=\"422\" data-end=\"721\">\ud83d\udc49 Lep\u0161\u00ed \u0159e\u0161en\u00ed?<\/h3>\n<p data-start=\"422\" data-end=\"721\"><br data-start=\"442\" data-end=\"445\" \/>Nechte auto nebo obytn\u00e1k v kempu \u010di u hotelu (jen si dop\u0159edu ov\u011b\u0159te, \u017ee nab\u00edzej\u00ed shuttle na vlakov\u00e9 n\u00e1dra\u017e\u00ed \u2013 v\u011bt\u0161ina to m\u00e1), a vydejte se do Cinque Terre vlakem. Anebo p\u011b\u0161ky, pokud se c\u00edt\u00edte na dobrodru\u017estv\u00ed. V\u011b\u0159te n\u00e1m \u2013 takhle si pobyt opravdu u\u017eijete bez zbyte\u010dn\u00e9ho stresu.<\/p>\n<hr data-start=\"723\" data-end=\"726\" \/>\n<h2 data-start=\"728\" data-end=\"882\">Kde se ubytovat s obytn\u00e1kem: Camping Valdeiva<\/h2>\n<p data-start=\"728\" data-end=\"882\"><br data-start=\"777\" data-end=\"780\" \/>My jsme nakonec p\u0159espali v <a href=\"https:\/\/booking.tpx.lt\/ZEQFNNZz\" target=\"_blank\" rel=\"noopener\"><strong data-start=\"807\" data-end=\"827\">Camping Valdeiva<\/strong><\/a> \u2013 a mus\u00edme \u0159\u00edct, \u017ee n\u00e1s kemp velmi p\u0159\u00edjemn\u011b p\u0159ekvapil.<\/p>\n<p data-start=\"884\" data-end=\"1172\">Nem\u011bli jsme p\u0159edem rezervaci (co\u017e je v \u010dervnu dost riskantn\u00ed), a spousta okoln\u00edch kemp\u016f u\u017e byla \u00fapln\u011b pln\u00e1, tak\u017ee jsme m\u011bli velk\u00e9 \u0161t\u011bst\u00ed. Pokud pl\u00e1nujete cestu o sv\u00e1tc\u00edch nebo v letn\u00edch m\u011bs\u00edc\u00edch, ur\u010dit\u011b si m\u00edsto rezervujte p\u0159edem!<br data-start=\"1114\" data-end=\"1117\" \/>\ud83d\udc49 <strong data-start=\"1120\" data-end=\"1172\"><a data-start=\"1122\" data-end=\"1170\" class=\"cursor-pointer\" rel=\"noopener\" target=\"_new\">BOOK HERE<\/a><\/strong><\/p>\n<p data-start=\"1174\" data-end=\"1415\"><strong data-start=\"1174\" data-end=\"1213\">Pro\u010d se n\u00e1m Camping Valdeiva l\u00edbil:<\/strong><br data-start=\"1213\" data-end=\"1216\" \/>\u2705 Zdarma shuttle na vlakov\u00e9 n\u00e1dra\u017e\u00ed v Deiva Marina<br data-start=\"1266\" data-end=\"1269\" \/>\u2705 \u010cist\u00e9 soci\u00e1lky a baz\u00e9n<br data-start=\"1293\" data-end=\"1296\" \/>\u2705 Restaurace p\u0159\u00edmo v kempu \u2013 chutn\u00e9 a cenov\u011b dostupn\u00e9 j\u00eddlo<br data-start=\"1355\" data-end=\"1358\" \/>\u2705 Obchod s potravinami a pek\u00e1rna v doch\u00e1zkov\u00e9 vzd\u00e1lenosti<\/p>\n<hr data-start=\"1417\" data-end=\"1420\" \/>\n<h2 data-start=\"1422\" data-end=\"1633\">Jak se dostat do Cinque Terre z Deiva Marina<\/h2>\n<p data-start=\"1422\" data-end=\"1633\"><br data-start=\"1470\" data-end=\"1473\" \/>Z Deiva Marina nasedn\u011bte na vlak sm\u011brem do <strong data-start=\"1516\" data-end=\"1529\">La Spezia<\/strong> nebo <strong data-start=\"1535\" data-end=\"1546\">Levanto<\/strong> a tam p\u0159estupte na region\u00e1ln\u00ed vlak, kter\u00fd stav\u00ed ve v\u0161ech p\u011bti vesni\u010dk\u00e1ch Cinque Terre.<\/p>\n<p data-start=\"1635\" data-end=\"1657\">Na n\u00e1dra\u017e\u00ed je pot\u0159eba:<\/p>\n<ul data-start=\"1659\" data-end=\"1868\">\n<li data-start=\"1659\" data-end=\"1757\">\n<p data-start=\"1661\" data-end=\"1757\">Nejprve si koupit region\u00e1ln\u00ed j\u00edzdenku do oblasti Cinque Terre (tedy do La Spezia nebo Levanto)<\/p>\n<\/li>\n<li data-start=\"1758\" data-end=\"1868\">\n<p data-start=\"1760\" data-end=\"1868\">A pak si po\u0159\u00eddit <strong data-start=\"1777\" data-end=\"1804\">Cinque Terre Train Card<\/strong>, kter\u00e1 v\u00e1m umo\u017en\u00ed neomezen\u011b cestovat mezi jednotliv\u00fdmi m\u011bste\u010dky<\/p>\n<\/li>\n<\/ul>\n<p data-start=\"1870\" data-end=\"2091\">\ud83d\udca1 <strong data-start=\"66\" data-end=\"74\">Tip:<\/strong> Pokud m\u016f\u017eete, kupte si <strong data-start=\"98\" data-end=\"126\">Cinque Terre Card <a href=\"https:\/\/www.lefrecce.it\/Channels.Website.WEB\/#\/white-label\/MINISITI\/?isRoundTrip=false&amp;departureStation=&amp;arrivalStation=&amp;lang=en&amp;minisitiCallBackId=57341&amp;minisitiHeaderImageIt=&amp;minisitiFooterImageIt=&amp;minisitiHeaderImageEn=&amp;minisitiFooterImageEn=&amp;minisitiHeaderImageDe=&amp;minisitiFooterImageDe=&amp;minisitiHeaderImageFr=&amp;minisitiFooterImageFr=\" target=\"_blank\" rel=\"noopener\">online<\/a><\/strong>. My jsme na n\u00e1dra\u017e\u00ed st\u00e1li asi 15 minut ve front\u011b, ale sly\u0161ela jsem i o lidech, co \u010dekali klidn\u011b hodinu. A i kdy\u017e se anglicky domluv\u00edme bez probl\u00e9m\u016f, automaty byly docela matouc\u00ed a zna\u010den\u00ed nijak zvl\u00e1\u0161\u0165 p\u0159ehledn\u00e9.<\/p>\n<hr data-start=\"2093\" data-end=\"2096\" \/>\n<p data-start=\"2098\" data-end=\"2239\"><strong data-start=\"2098\" data-end=\"2116\">Ceny (\u010derven):<\/strong><br data-start=\"2116\" data-end=\"2119\" \/>Dosp\u011bl\u00ed: \u20ac18,20<br data-start=\"2137\" data-end=\"2140\" \/>D\u011bti (4\u201312 let): \u20ac11,40<br data-start=\"2166\" data-end=\"2169\" \/>(<em data-start=\"2170\" data-end=\"2238\">P\u0159ed cestou si rad\u011bji ov\u011b\u0159te aktu\u00e1ln\u00ed ceny \u2013 b\u011bhem sez\u00f3ny se m\u011bn\u00ed.<\/em>)<\/p>\n<p data-start=\"2241\" data-end=\"2356\">Vlaky jezd\u00ed zhruba ka\u017ed\u00fdch 20 minut, ale kolem poledne b\u00fdvaj\u00ed hodn\u011b pln\u00e9. <strong data-start=\"2315\" data-end=\"2356\">Doporu\u010dujeme vyrazit co nejd\u0159\u00edv r\u00e1no!<\/strong><\/p>\n<p data-start=\"30\" data-end=\"147\"><strong data-start=\"30\" data-end=\"147\">Cinque Terre Train Card <\/strong>nab\u00edz\u00ed v\u00edc ne\u017e jen neomezen\u00e9 cestov\u00e1n\u00ed vlakem mezi vesni\u010dkami. Co v\u0161echno je\u0161t\u011b zahrnuje?<\/p>\n<p data-start=\"149\" data-end=\"508\">\u2705 Neomezen\u00e9 j\u00edzdy region\u00e1ln\u00edmi vlaky mezi La Spezia a Levanto<br data-start=\"210\" data-end=\"213\" \/>\u2705 Vstup na <strong data-start=\"224\" data-end=\"260\">Sentiero Azzurro (Modrou stezku)<\/strong> bez dodate\u010dn\u00fdch poplatk\u016f za turistick\u00e9 \u00faseky (b\u011b\u017en\u011b \u20ac7,50\u2013\u20ac10 za ka\u017ed\u00fd)<br data-start=\"332\" data-end=\"335\" \/>\u2705 Vyu\u017e\u00edv\u00e1n\u00ed autobus\u016f N\u00e1rodn\u00edho parku v r\u00e1mci oblasti Cinque Terre<br data-start=\"400\" data-end=\"403\" \/>\u2705 Wi-Fi na vlakov\u00fdch stanic\u00edch<br data-start=\"433\" data-end=\"436\" \/>\u2705 P\u0159\u00edstup na ve\u0159ejn\u00e9 toalety na n\u00e1dra\u017e\u00edch (bez karty b\u00fdvaj\u00ed zpoplatn\u011bn\u00e9)<\/p>\n<\/div><\/div><\/div><\/div><div class=\"et_pb_row_3 et_pb_row et_block_row\"><div class=\"et_pb_column_4 et_pb_column et_pb_column_1_3 et_block_column et_pb_css_mix_blend_mode_passthrough\"><div class=\"et_pb_image_0 et_pb_image et_pb_module et_block_module\"><a href=\"https:\/\/www.jsltravels.com\/cs\/wp-content\/uploads\/2025\/09\/Cinque-Terre.jpg\" class=\"et_pb_lightbox_image\" alt=\"italsk\u00fd obch\u016fdek s tematickou v\u00fdzdobou zam\u011b\u0159enou na citrony\"><span class=\"et_pb_image_wrap\"><img loading=\"lazy\" decoding=\"async\" src=\"https:\/\/www.jsltravels.com\/cs\/wp-content\/uploads\/2025\/09\/Cinque-Terre.jpg\" width=\"600\" height=\"800\" srcset=\"https:\/\/www.jsltravels.com\/cs\/wp-content\/uploads\/2025\/09\/Cinque-Terre.jpg 600w, https:\/\/www.jsltravels.com\/cs\/wp-content\/uploads\/2025\/09\/Cinque-Terre-480x640.jpg 480w\" sizes=\"(min-width: 0px) and (max-width: 480px) 480px, (min-width: 481px) 600px, 100vw\" class=\"wp-image-268415\" title=\"Cinque Terre\" alt=\"italsk\u00fd obch\u016fdek s tematickou v\u00fdzdobou zam\u011b\u0159enou na citrony\" \/><\/span><\/a><\/div><\/div><div class=\"et_pb_column_5 et_pb_column et_pb_column_1_3 et_block_column et_pb_css_mix_blend_mode_passthrough\"><div class=\"et_pb_image_1 et_pb_image et_pb_module et_block_module\"><a href=\"https:\/\/www.jsltravels.com\/cs\/wp-content\/uploads\/2025\/09\/Italy-Manarola.jpg\" class=\"et_pb_lightbox_image\" alt=\"barevn\u00e9 dome\u010dky Cinque Terre na skal\u00e1ch se zelen\u00ed a modrou oblohou\"><span class=\"et_pb_image_wrap\"><img loading=\"lazy\" decoding=\"async\" src=\"https:\/\/www.jsltravels.com\/cs\/wp-content\/uploads\/2025\/09\/Italy-Manarola.jpg\" width=\"600\" height=\"800\" srcset=\"https:\/\/www.jsltravels.com\/cs\/wp-content\/uploads\/2025\/09\/Italy-Manarola.jpg 600w, https:\/\/www.jsltravels.com\/cs\/wp-content\/uploads\/2025\/09\/Italy-Manarola-480x640.jpg 480w\" sizes=\"(min-width: 0px) and (max-width: 480px) 480px, (min-width: 481px) 600px, 100vw\" class=\"wp-image-268417\" title=\"Italy, Manarola\" alt=\"barevn\u00e9 dome\u010dky Cinque Terre na skal\u00e1ch se zelen\u00ed a modrou oblohou\" \/><\/span><\/a><\/div><\/div><div class=\"et_pb_column_6 et_pb_column et_pb_column_1_3 et-last-child et_block_column et_pb_css_mix_blend_mode_passthrough\"><div class=\"et_pb_image_2 et_pb_image et_pb_module et_block_module\"><a href=\"https:\/\/www.jsltravels.com\/cs\/wp-content\/uploads\/2025\/09\/Manarola-CT.jpg\" class=\"et_pb_lightbox_image\" alt=\"lid\u00e9 sk\u00e1\u010dou ze sk\u00e1ly do mo\u0159e, p\u00e1r z nich plave ve vod\u011b\"><span class=\"et_pb_image_wrap\"><img loading=\"lazy\" decoding=\"async\" src=\"https:\/\/www.jsltravels.com\/cs\/wp-content\/uploads\/2025\/09\/Manarola-CT.jpg\" width=\"600\" height=\"800\" srcset=\"https:\/\/www.jsltravels.com\/cs\/wp-content\/uploads\/2025\/09\/Manarola-CT.jpg 600w, https:\/\/www.jsltravels.com\/cs\/wp-content\/uploads\/2025\/09\/Manarola-CT-480x640.jpg 480w\" sizes=\"(min-width: 0px) and (max-width: 480px) 480px, (min-width: 481px) 600px, 100vw\" class=\"wp-image-268419\" title=\"Manarola CT\" alt=\"lid\u00e9 sk\u00e1\u010dou ze sk\u00e1ly do mo\u0159e, p\u00e1r z nich plave ve vod\u011b\" \/><\/span><\/a><\/div><\/div><\/div><div class=\"et_pb_row_4 et_pb_row et_block_row\"><div class=\"et_pb_column_7 et_pb_column et_pb_column_4_4 et-last-child et_block_column et_pb_css_mix_blend_mode_passthrough\"><div class=\"et_pb_text_3 et_pb_text et_pb_bg_layout_light et_pb_module et_block_module\"><div class=\"et_pb_text_inner\"><h2 data-start=\"36\" data-end=\"190\">Co je vlastn\u011b Cinque Terre?<\/h2>\n<p data-start=\"36\" data-end=\"190\"><br data-start=\"67\" data-end=\"70\" \/>\u201eCinque Terre\u201c znamen\u00e1 \u201eP\u011bt zem\u00ed\u201c \u2013 tedy p\u011bt malebn\u00fdch ryb\u00e1\u0159sk\u00fdch vesni\u010dek rozeset\u00fdch pod\u00e9l ligursk\u00e9ho pob\u0159e\u017e\u00ed v It\u00e1lii:<\/p>\n<ul data-start=\"192\" data-end=\"268\">\n<li data-start=\"192\" data-end=\"207\">\n<p data-start=\"194\" data-end=\"207\"><strong>Riomaggiore<\/strong><\/p>\n<\/li>\n<li data-start=\"208\" data-end=\"220\">\n<p data-start=\"210\" data-end=\"220\"><strong>Manarola<\/strong><\/p>\n<\/li>\n<li data-start=\"221\" data-end=\"234\">\n<p data-start=\"223\" data-end=\"234\"><strong>Corniglia<\/strong><\/p>\n<\/li>\n<li data-start=\"235\" data-end=\"247\">\n<p data-start=\"237\" data-end=\"247\"><strong>Vernazza<\/strong><\/p>\n<\/li>\n<li data-start=\"248\" data-end=\"268\">\n<p data-start=\"250\" data-end=\"268\"><strong>Monterosso al Mare<\/strong><\/p>\n<\/li>\n<\/ul>\n<p data-start=\"270\" data-end=\"479\">V\u0161ech p\u011bt se d\u00e1 objet vlakem b\u011bhem jednoho dne, nebo si n\u011bkter\u00e9 \u00faseky proj\u00edt p\u011b\u0161ky po <strong data-start=\"356\" data-end=\"376\">Sentiero Azzurro<\/strong> (Modr\u00e9 stezce). Ale vzhledem k letn\u00edmu vedru a mal\u00e9mu d\u00edt\u011bti jsme z\u016fstali u vlaku \u2013 a nelitovali jsme!<\/p>\n<hr data-start=\"481\" data-end=\"484\" \/>\n<h2 data-start=\"486\" data-end=\"725\">N\u00e1\u0161 jednodenn\u00ed itiner\u00e1\u0159: v\u0161ech 5 m\u011bste\u010dek<\/h2>\n<h3 data-start=\"486\" data-end=\"725\"><br data-start=\"531\" data-end=\"534\" \/>1. Riomaggiore \u2013 Romantick\u00e9 a drsn\u00e9<\/h3>\n<p data-start=\"486\" data-end=\"725\"><br data-start=\"573\" data-end=\"576\" \/>Na\u0161i cestu jsme za\u010dali v Riomaggiore, kter\u00e9 je pr\u00fd to nejromanti\u010dt\u011bj\u0161\u00ed z cel\u00e9 p\u011btky. Pastelov\u00e9 domky, v\u00fdhledy z \u00fates\u016f a \u00fazk\u00e9 uli\u010dky \u2013 prost\u011b n\u00e1dhera.<\/p>\n<p data-start=\"727\" data-end=\"903\">Proch\u00e1zeli jsme se, fotili a dali si zmrzlinu. Restaurace vypadaly l\u00e1kav\u011b, ale bylo je\u0161t\u011b moc brzy na j\u00eddlo. Riomaggiore p\u016fsobilo klidn\u011bji ne\u017e ostatn\u00ed, tak\u017ee ide\u00e1ln\u00ed start dne.<\/p>\n<\/div><\/div><\/div><\/div><div class=\"et_pb_row_5 et_pb_row et_block_row\"><div class=\"et_pb_column_8 et_pb_column et_pb_column_1_3 et_block_column et_pb_css_mix_blend_mode_passthrough\"><div class=\"et_pb_image_3 et_pb_image et_pb_module et_block_module\"><span class=\"et_pb_image_wrap\"><img loading=\"lazy\" decoding=\"async\" src=\"https:\/\/www.jsltravels.com\/cs\/wp-content\/uploads\/2025\/09\/Riomaggiore.jpg\" width=\"600\" height=\"800\" srcset=\"https:\/\/www.jsltravels.com\/cs\/wp-content\/uploads\/2025\/09\/Riomaggiore.jpg 600w, https:\/\/www.jsltravels.com\/cs\/wp-content\/uploads\/2025\/09\/Riomaggiore-480x640.jpg 480w\" sizes=\"(min-width: 0px) and (max-width: 480px) 480px, (min-width: 481px) 600px, 100vw\" class=\"wp-image-268425\" title=\"Riomaggiore\" alt=\"barevn\u00e9 dome\u010dky Cinque Terre na skal\u00e1ch se zelen\u00ed a modrou oblohou\" \/><\/span><\/div><\/div><div class=\"et_pb_column_9 et_pb_column et_pb_column_1_3 et_block_column et_pb_css_mix_blend_mode_passthrough\"><div class=\"et_pb_image_4 et_pb_image et_pb_module et_block_module\"><span class=\"et_pb_image_wrap\"><img loading=\"lazy\" decoding=\"async\" src=\"https:\/\/www.jsltravels.com\/cs\/wp-content\/uploads\/2025\/09\/Riomaggiore-IT.jpg\" width=\"600\" height=\"800\" srcset=\"https:\/\/www.jsltravels.com\/cs\/wp-content\/uploads\/2025\/09\/Riomaggiore-IT.jpg 600w, https:\/\/www.jsltravels.com\/cs\/wp-content\/uploads\/2025\/09\/Riomaggiore-IT-480x640.jpg 480w\" sizes=\"(min-width: 0px) and (max-width: 480px) 480px, (min-width: 481px) 600px, 100vw\" class=\"wp-image-268423\" title=\"Riomaggiore IT\" alt=\"\u017eena sed\u00ed na kameni, v pozad\u00ed barevn\u00e9 domky Cinque Terre\" \/><\/span><\/div><\/div><div class=\"et_pb_column_10 et_pb_column et_pb_column_1_3 et-last-child et_block_column et_pb_css_mix_blend_mode_passthrough\"><div class=\"et_pb_image_5 et_pb_image et_pb_module et_block_module\"><span class=\"et_pb_image_wrap\"><img loading=\"lazy\" decoding=\"async\" src=\"https:\/\/www.jsltravels.com\/cs\/wp-content\/uploads\/2025\/09\/Riomaggiore-Italy.jpg\" width=\"600\" height=\"800\" srcset=\"https:\/\/www.jsltravels.com\/cs\/wp-content\/uploads\/2025\/09\/Riomaggiore-Italy.jpg 600w, https:\/\/www.jsltravels.com\/cs\/wp-content\/uploads\/2025\/09\/Riomaggiore-Italy-480x640.jpg 480w\" sizes=\"(min-width: 0px) and (max-width: 480px) 480px, (min-width: 481px) 600px, 100vw\" class=\"wp-image-268424\" title=\"Riomaggiore Italy\" alt=\"ulice v Cinque Terre s p\u00e1r pramicek a lidmi v ulici\" \/><\/span><\/div><\/div><\/div><div class=\"et_pb_row_6 et_pb_row et_block_row\"><div class=\"et_pb_column_11 et_pb_column et_pb_column_4_4 et-last-child et_block_column et_pb_css_mix_blend_mode_passthrough\"><div class=\"et_pb_text_4 et_pb_text et_pb_bg_layout_light et_pb_module et_block_module\"><div class=\"et_pb_text_inner\"><article class=\"text-token-text-primary w-full\" dir=\"auto\" data-testid=\"conversation-turn-36\" data-scroll-anchor=\"true\">\n<div class=\"text-base my-auto mx-auto py-5 [--thread-content-margin:--spacing(4)] @[37rem]:[--thread-content-margin:--spacing(6)] @[70rem]:[--thread-content-margin:--spacing(12)] px-(--thread-content-margin)\">\n<div class=\"[--thread-content-max-width:32rem] @[34rem]:[--thread-content-max-width:40rem] @[64rem]:[--thread-content-max-width:48rem] mx-auto flex max-w-(--thread-content-max-width) flex-1 text-base gap-4 md:gap-5 lg:gap-6 group\/turn-messages focus-visible:outline-hidden\" tabindex=\"-1\">\n<div class=\"group\/conversation-turn relative flex w-full min-w-0 flex-col agent-turn\">\n<div class=\"relative flex-col gap-1 md:gap-3\">\n<div class=\"flex max-w-full flex-col grow\">\n<div class=\"min-h-8 text-message relative flex w-full flex-col items-end gap-2 text-start break-words whitespace-normal [.text-message+&amp;]:mt-5\" dir=\"auto\" data-message-author-role=\"assistant\" data-message-id=\"40fa5ae1-7687-4ece-aecd-69f2f46862cc\" data-message-model-slug=\"gpt-4o-mini\">\n<div class=\"flex w-full flex-col gap-1 empty:hidden first:pt-[3px]\">\n<div class=\"markdown prose dark:prose-invert w-full break-words light\">\n<h2 data-start=\"66\" data-end=\"313\">Manarola \u2013 Skoky ze skal a ikonick\u00e9 v\u00fdhledy<\/h2>\n<p data-start=\"66\" data-end=\"313\"><br data-start=\"113\" data-end=\"116\" \/>Dal\u0161\u00ed zast\u00e1vkou byla Manarola \u2013 pravd\u011bpodobn\u011b ta nejzn\u00e1m\u011bj\u0161\u00ed a nejfotogeni\u010dt\u011bj\u0161\u00ed z cel\u00e9 p\u011btky. Pozorovali jsme m\u00edstn\u00ed i turisty, jak sk\u00e1\u010dou ze skal p\u0159\u00edmo do mo\u0159e \u2013 a i kdy\u017e n\u00e1s to l\u00e1kalo, nakonec jsme jen koukali.<\/p>\n<p data-start=\"315\" data-end=\"551\">Objevili jsme mal\u00e9 bistro, kde m\u011bli veganskou <strong data-start=\"361\" data-end=\"373\">farinatu<\/strong> a <strong data-start=\"376\" data-end=\"388\">focacciu<\/strong> \u2013 a bylo to v\u00e1\u017en\u011b v\u00fdborn\u00e9. Voln\u00e9 stoly nikde, tak jsme si jako ostatn\u00ed sedli na schody a najedli se tam. Jednoduch\u00fd, ale kr\u00e1sn\u00fd moment, kter\u00fd n\u00e1m z\u016fstal v pam\u011bti.<\/p>\n<hr data-start=\"553\" data-end=\"556\" \/>\n<h2 data-start=\"558\" data-end=\"700\">Corniglia \u2013 Tu jsme vynechali<\/h2>\n<p data-start=\"558\" data-end=\"700\"><br data-start=\"591\" data-end=\"594\" \/>Corniglia je jako jedin\u00e1 z vesni\u010dek d\u00e1l od mo\u0159e, vysoko na kopci. Od n\u00e1dra\u017e\u00ed v\u00e1s \u010dek\u00e1 p\u0159es <strong data-start=\"685\" data-end=\"699\">300 schod\u016f<\/strong>.<\/p>\n<p data-start=\"702\" data-end=\"905\">S unaven\u00fdm d\u00edt\u011btem a nabit\u00fdm programem jsme ji tentokr\u00e1t vynechali. Ale pokud se na to c\u00edt\u00edte, ur\u010dit\u011b stoj\u00ed za n\u00e1v\u0161t\u011bvu \u2013 \u0159\u00edk\u00e1 se, \u017ee pr\u00e1v\u011b Corniglia je tou nejklidn\u011bj\u0161\u00ed a nejautenti\u010dt\u011bj\u0161\u00ed z cel\u00e9 p\u011btice.<\/p>\n<\/div>\n<\/div>\n<\/div>\n<\/div>\n<\/div>\n<\/div>\n<\/div>\n<\/div>\n<\/article>\n<\/div><\/div><\/div><\/div><div class=\"et_pb_row_7 et_pb_row et_block_row\"><div class=\"et_pb_column_12 et_pb_column et_pb_column_1_3 et_block_column et_pb_css_mix_blend_mode_passthrough\"><div class=\"et_pb_image_6 et_pb_image et_pb_module et_block_module\"><span class=\"et_pb_image_wrap\"><img loading=\"lazy\" decoding=\"async\" src=\"https:\/\/www.jsltravels.com\/cs\/wp-content\/uploads\/2025\/09\/Manarola-Italy.jpg\" width=\"600\" height=\"800\" srcset=\"https:\/\/www.jsltravels.com\/cs\/wp-content\/uploads\/2025\/09\/Manarola-Italy.jpg 600w, https:\/\/www.jsltravels.com\/cs\/wp-content\/uploads\/2025\/09\/Manarola-Italy-480x640.jpg 480w\" sizes=\"(min-width: 0px) and (max-width: 480px) 480px, (min-width: 481px) 600px, 100vw\" class=\"wp-image-268420\" title=\"Manarola Italy\" alt=\"ulice v Corniglia s barevn\u00fdmi domky a lidmi proch\u00e1zej\u00edc\u00edmi st\u0159edem\" \/><\/span><\/div><\/div><div class=\"et_pb_column_13 et_pb_column et_pb_column_1_3 et_block_column et_pb_css_mix_blend_mode_passthrough\"><div class=\"et_pb_image_7 et_pb_image et_pb_module et_block_module\"><span class=\"et_pb_image_wrap\"><img loading=\"lazy\" decoding=\"async\" src=\"https:\/\/www.jsltravels.com\/cs\/wp-content\/uploads\/2025\/09\/Manarola-Cinque-Terre.jpg\" width=\"600\" height=\"800\" srcset=\"https:\/\/www.jsltravels.com\/cs\/wp-content\/uploads\/2025\/09\/Manarola-Cinque-Terre.jpg 600w, https:\/\/www.jsltravels.com\/cs\/wp-content\/uploads\/2025\/09\/Manarola-Cinque-Terre-480x640.jpg 480w\" sizes=\"(min-width: 0px) and (max-width: 480px) 480px, (min-width: 481px) 600px, 100vw\" class=\"wp-image-268418\" title=\"Manarola Cinque Terre\" alt=\"rodina si u\u017e\u00edv\u00e1 italsk\u00e9 pochoutky a pivo na schodech v Corniglia\" \/><\/span><\/div><\/div><div class=\"et_pb_column_14 et_pb_column et_pb_column_1_3 et-last-child et_block_column et_pb_css_mix_blend_mode_passthrough\"><div class=\"et_pb_image_8 et_pb_image et_pb_module et_block_module\"><span class=\"et_pb_image_wrap\"><img loading=\"lazy\" decoding=\"async\" src=\"https:\/\/www.jsltravels.com\/cs\/wp-content\/uploads\/2025\/09\/Manarola.jpg\" width=\"600\" height=\"800\" srcset=\"https:\/\/www.jsltravels.com\/cs\/wp-content\/uploads\/2025\/09\/Manarola.jpg 600w, https:\/\/www.jsltravels.com\/cs\/wp-content\/uploads\/2025\/09\/Manarola-480x640.jpg 480w\" sizes=\"(min-width: 0px) and (max-width: 480px) 480px, (min-width: 481px) 600px, 100vw\" class=\"wp-image-268421\" title=\"Manarola\" alt=\"\u017eena se op\u00edr\u00e1 o z\u00e1bradl\u00ed nad oce\u00e1nem, v pozad\u00ed \u00fates s m\u011bste\u010dkem Corniglia\" \/><\/span><\/div><\/div><\/div><div class=\"et_pb_row_8 et_pb_row et_block_row\"><div class=\"et_pb_column_15 et_pb_column et_pb_column_4_4 et-last-child et_block_column et_pb_css_mix_blend_mode_passthrough\"><div class=\"et_pb_text_5 et_pb_text et_pb_bg_layout_light et_pb_module et_block_module\"><div class=\"et_pb_text_inner\"><article class=\"text-token-text-primary w-full\" dir=\"auto\" data-testid=\"conversation-turn-36\" data-scroll-anchor=\"true\">\n<div class=\"text-base my-auto mx-auto py-5 [--thread-content-margin:--spacing(4)] @[37rem]:[--thread-content-margin:--spacing(6)] @[70rem]:[--thread-content-margin:--spacing(12)] px-(--thread-content-margin)\">\n<div class=\"[--thread-content-max-width:32rem] @[34rem]:[--thread-content-max-width:40rem] @[64rem]:[--thread-content-max-width:48rem] mx-auto flex max-w-(--thread-content-max-width) flex-1 text-base gap-4 md:gap-5 lg:gap-6 group\/turn-messages focus-visible:outline-hidden\" tabindex=\"-1\">\n<div class=\"group\/conversation-turn relative flex w-full min-w-0 flex-col agent-turn\">\n<div class=\"relative flex-col gap-1 md:gap-3\">\n<div class=\"flex max-w-full flex-col grow\">\n<div class=\"min-h-8 text-message relative flex w-full flex-col items-end gap-2 text-start break-words whitespace-normal [.text-message+&amp;]:mt-5\" dir=\"auto\" data-message-author-role=\"assistant\" data-message-id=\"40fa5ae1-7687-4ece-aecd-69f2f46862cc\" data-message-model-slug=\"gpt-4o-mini\">\n<div class=\"flex w-full flex-col gap-1 empty:hidden first:pt-[3px]\">\n<div class=\"markdown prose dark:prose-invert w-full break-words light\">\n<h2 data-start=\"156\" data-end=\"189\">Vernazza \u2013 Kr\u00e1sn\u00e1 a ru\u0161n\u00e1<\/h2>\n<p data-start=\"191\" data-end=\"326\">Vernazza je opravdu malebn\u00e1 \u2013 barevn\u00e9 domky, p\u0159\u00edstav, \u00fazk\u00e9 uli\u010dky a mal\u00e1 pl\u00e1\u017e. V\u0161echno p\u016fsob\u00ed jako z pohlednice, jen\u017ee taky to tu \u017eije.<\/p>\n<p data-start=\"328\" data-end=\"516\">Posed\u011bli jsme na z\u00eddce v p\u0159\u00edstavu, pozorovali lo\u010fky, pro\u0161li se m\u011bste\u010dkem, ale vedro a \u00fanava n\u00e1s brzy dohnaly. Pokud ale pl\u00e1nujete rychlou pauzu nebo p\u00e1r fotek, Vernazza ur\u010dit\u011b stoj\u00ed za to.<\/p>\n<hr data-start=\"518\" data-end=\"521\" \/>\n<h2 data-start=\"523\" data-end=\"575\">Monterosso al Mare \u2013 Pl\u00e1\u017e, ve\u010de\u0159e a\u2026 med\u00faza?<\/h2>\n<p data-start=\"577\" data-end=\"788\">Na\u0161\u00ed posledn\u00ed zast\u00e1vkou dne bylo Monterosso \u2013 a byla to perfektn\u00ed te\u010dka. Dlouh\u00e1 pl\u00e1\u017e, rovn\u00fd ter\u00e9n, spousta restaurac\u00ed u mo\u0159e a atmosf\u00e9ra ide\u00e1ln\u00ed pro odpo\u010dinek. \u017d\u00e1dn\u00e9 hon\u011bn\u00ed za fotkami, jen klid, koup\u00e1n\u00ed a j\u00eddlo.<\/p>\n<p data-start=\"790\" data-end=\"1017\">Na\u0161li jsme si m\u00edsto na pl\u00e1\u017ei a \u0161li se hned zchladit do vody. Jen\u017ee na\u0161e pl\u00e1ny trochu naru\u0161ila mal\u00e1 r\u016f\u017eov\u00e1 med\u00faza \u2013 podobn\u00e9 jsme si v\u0161imli u\u017e d\u0159\u00edve v Portofinu i ve Vernazze, a tahle bohu\u017eel <strong data-start=\"979\" data-end=\"999\">po\u017eahala Jaydena<\/strong> na b\u0159\u00ed\u0161ko a ruce.<\/p>\n<p data-start=\"1019\" data-end=\"1306\">Nejd\u0159\u00edv to vypadalo nevinn\u011b \u2013 jen pl\u00e1\u010d a snaha vysv\u011btlit, co se stalo. Do p\u00e1r minut se ale objevily rud\u00e9 fleky, skoro jako od kop\u0159ivy. Na\u0161t\u011bst\u00ed byl pobl\u00ed\u017e plav\u010d\u00edk, kter\u00fd n\u00e1m dal ocet a poslal n\u00e1s do l\u00e9k\u00e1rny. Tam jsme dostali <strong data-start=\"1244\" data-end=\"1261\">Mictick Rapid<\/strong> \u2013 roll-on s amoniakem, kter\u00fd opravdu zabral.<\/p>\n<p data-start=\"1308\" data-end=\"1477\">\ud83d\udca1 <strong data-start=\"1311\" data-end=\"1328\">Jen pro info:<\/strong> bolest zmizela asi do hodiny, pak u\u017e to jen sv\u011bdilo. Vyr\u00e1\u017eka se cel\u00fd t\u00fdden vracela p\u0159i pocen\u00ed nebo na slunci. Po m\u011bs\u00edci z\u016fstaly u\u017e jen slab\u00e9 fl\u00ed\u010dky.<\/p>\n<hr data-start=\"1479\" data-end=\"1482\" \/>\n<h3 data-start=\"1484\" data-end=\"1525\">Co d\u011blat, kdy\u017e v\u00e1s po\u017eah\u00e1 med\u00faza:<\/h3>\n<p data-start=\"1527\" data-end=\"1808\">\u2705 Opl\u00e1chn\u011bte mo\u0159skou vodou (nikdy sladkou!)<br data-start=\"1570\" data-end=\"1573\" \/>\u2705 Pou\u017eijte ocet (v\u011bt\u0161ina plav\u010d\u00edk\u016f nebo restaurac\u00ed ho m\u00e1)<br data-start=\"1629\" data-end=\"1632\" \/>\u2705 Odstra\u0148te zbytky chapadel pinzetou nebo hranou karty (ide\u00e1ln\u011b v rukavic\u00edch)<br data-start=\"1709\" data-end=\"1712\" \/>\u274c <strong data-start=\"1714\" data-end=\"1725\">Nemo\u010dit<\/strong> \u2013 m\u00fdtus z film\u016f<br data-start=\"1741\" data-end=\"1744\" \/>\u274c <strong data-start=\"1746\" data-end=\"1781\">Nedrbat ani nem\u00fdt sladkou vodou<\/strong> \u2013 podr\u00e1\u017ed\u011bn\u00ed se t\u00edm zhor\u0161\u00ed<\/p>\n<\/div>\n<\/div>\n<\/div>\n<\/div>\n<\/div>\n<\/div>\n<\/div>\n<\/div>\n<\/article>\n<\/div><\/div><\/div><\/div><div class=\"et_pb_row_9 et_pb_row et_block_row\"><div class=\"et_pb_column_16 et_pb_column et_pb_column_1_3 et_block_column et_pb_css_mix_blend_mode_passthrough\"><div class=\"et_pb_image_9 et_pb_image et_pb_module et_block_module\"><span class=\"et_pb_image_wrap\"><img loading=\"lazy\" decoding=\"async\" src=\"https:\/\/www.jsltravels.com\/cs\/wp-content\/uploads\/2025\/09\/Monterosso.jpg\" width=\"600\" height=\"800\" srcset=\"https:\/\/www.jsltravels.com\/cs\/wp-content\/uploads\/2025\/09\/Monterosso.jpg 600w, https:\/\/www.jsltravels.com\/cs\/wp-content\/uploads\/2025\/09\/Monterosso-480x640.jpg 480w\" sizes=\"(min-width: 0px) and (max-width: 480px) 480px, (min-width: 481px) 600px, 100vw\" class=\"wp-image-268422\" title=\"Monterosso\" alt=\"pl\u00e1\u017e pln\u00e1 lid\u00ed v Monterosso, modr\u00e1 obloha\" \/><\/span><\/div><\/div><div class=\"et_pb_column_17 et_pb_column et_pb_column_1_3 et_block_column et_pb_css_mix_blend_mode_passthrough\"><div class=\"et_pb_image_10 et_pb_image et_pb_module et_block_module\"><span class=\"et_pb_image_wrap\"><img loading=\"lazy\" decoding=\"async\" src=\"https:\/\/www.jsltravels.com\/cs\/wp-content\/uploads\/2025\/09\/Vernazza-Cinque-Terre.jpg\" width=\"600\" height=\"800\" srcset=\"https:\/\/www.jsltravels.com\/cs\/wp-content\/uploads\/2025\/09\/Vernazza-Cinque-Terre.jpg 600w, https:\/\/www.jsltravels.com\/cs\/wp-content\/uploads\/2025\/09\/Vernazza-Cinque-Terre-480x640.jpg 480w\" sizes=\"(min-width: 0px) and (max-width: 480px) 480px, (min-width: 481px) 600px, 100vw\" class=\"wp-image-268428\" title=\"Vernazza - Cinque Terre\" alt=\"lo\u010fka v pr\u016fzra\u010dn\u011b \u010dist\u00e9 vod\u011b, v pozad\u00ed barevn\u00e9 domky Cinque Terre, modr\u00e1 obloha\" \/><\/span><\/div><\/div><div class=\"et_pb_column_18 et_pb_column et_pb_column_1_3 et-last-child et_block_column et_pb_css_mix_blend_mode_passthrough\"><div class=\"et_pb_image_11 et_pb_image et_pb_module et_block_module\"><span class=\"et_pb_image_wrap\"><img loading=\"lazy\" decoding=\"async\" src=\"https:\/\/www.jsltravels.com\/cs\/wp-content\/uploads\/2025\/09\/Vernazza.jpg\" width=\"600\" height=\"800\" srcset=\"https:\/\/www.jsltravels.com\/cs\/wp-content\/uploads\/2025\/09\/Vernazza.jpg 600w, https:\/\/www.jsltravels.com\/cs\/wp-content\/uploads\/2025\/09\/Vernazza-480x640.jpg 480w\" sizes=\"(min-width: 0px) and (max-width: 480px) 480px, (min-width: 481px) 600px, 100vw\" class=\"wp-image-268429\" title=\"Vernazza\" alt=\"mal\u00e1 pl\u00e1\u017e s lidmi, lod\u011bmi, zelen\u00fdmi kopci a modrou oblohou\" \/><\/span><\/div><\/div><\/div><div class=\"et_pb_row_10 et_pb_row et_block_row\"><div class=\"et_pb_column_19 et_pb_column et_pb_column_4_4 et-last-child et_block_column et_pb_css_mix_blend_mode_passthrough\"><div class=\"et_pb_text_6 et_pb_text et_pb_bg_layout_light et_pb_module et_block_module\"><div class=\"et_pb_text_inner\"><article class=\"text-token-text-primary w-full\" dir=\"auto\" data-testid=\"conversation-turn-36\" data-scroll-anchor=\"true\">\n<div class=\"text-base my-auto mx-auto py-5 [--thread-content-margin:--spacing(4)] @[37rem]:[--thread-content-margin:--spacing(6)] @[70rem]:[--thread-content-margin:--spacing(12)] px-(--thread-content-margin)\">\n<div class=\"[--thread-content-max-width:32rem] @[34rem]:[--thread-content-max-width:40rem] @[64rem]:[--thread-content-max-width:48rem] mx-auto flex max-w-(--thread-content-max-width) flex-1 text-base gap-4 md:gap-5 lg:gap-6 group\/turn-messages focus-visible:outline-hidden\" tabindex=\"-1\">\n<div class=\"group\/conversation-turn relative flex w-full min-w-0 flex-col agent-turn\">\n<div class=\"relative flex-col gap-1 md:gap-3\">\n<div class=\"flex max-w-full flex-col grow\">\n<div class=\"min-h-8 text-message relative flex w-full flex-col items-end gap-2 text-start break-words whitespace-normal [.text-message+&amp;]:mt-5\" dir=\"auto\" data-message-author-role=\"assistant\" data-message-id=\"40fa5ae1-7687-4ece-aecd-69f2f46862cc\" data-message-model-slug=\"gpt-4o-mini\">\n<div class=\"flex w-full flex-col gap-1 empty:hidden first:pt-[3px]\">\n<div class=\"markdown prose dark:prose-invert w-full break-words light\">\n<h2 data-start=\"80\" data-end=\"115\">M\u00e1 smysl z\u016fstat p\u0159es noc?<\/h2>\n<p data-start=\"116\" data-end=\"245\">Pokud v\u00e1m to rozpo\u010det dovol\u00ed, noc v jednom z m\u011bste\u010dek m\u016f\u017ee b\u00fdt kouzeln\u00e1 \u2013 ve\u010dern\u00ed proch\u00e1zky bez dav\u016f, tich\u00e9 ve\u010de\u0159e a klidn\u00e1 r\u00e1na.<\/p>\n<p data-start=\"247\" data-end=\"368\">Ale pozor: v letn\u00ed sez\u00f3n\u011b jsou ceny opravdu vysoko. I ty nejz\u00e1kladn\u011bj\u0161\u00ed pokoje se pohybovaly kolem <strong data-start=\"346\" data-end=\"367\">\u20ac150\u2013\u20ac200+ za noc<\/strong>.<\/p>\n<p data-start=\"370\" data-end=\"394\">\u27a1\ufe0f <a href=\"https:\/\/www.booking.com\/searchresults.html?ac_click_type=b;ac_langcode=en;ac_meta=GhA2YTdmNzg3ZjNhNWUwOWI5IAAoATICZW46BmNpbnF1ZUAASgBQAA%3D%3D;ac_position=0;ac_suggestion_list_length=5;dest_id=1754;dest_type=region;efdco=1;group_adults=2;group_children=0;highlighted_hotels=77244;lang=cs;no_rooms=1;place_id=region%2F1754;sb=1;search_pageview_id=6a7f787f3a5e09b9;search_selected=true;src=hotel;src_elem=sb;ss=Cinque+Terre%2C+Italy;ssne=Loket;ssne_untouched=Loket&amp;aid=818288&amp;label=affnetcj-11916287_pub-5108952_site-101231622_pname-Go+Travel+Un+Limited_clkid-67a2da4118f449a99e8316002-560753_cjevent-a1e94a495b4711f0800203570a18b8f8&amp;utm_source=affnetcj&amp;utm_medium=bannerindex&amp;utm_campaign=xx&amp;utm_term=index-11916287\" target=\"_blank\" rel=\"noopener\"><strong data-start=\"373\" data-end=\"394\">[BOOK HOTEL HERE]<\/strong><\/a><\/p>\n<hr data-start=\"396\" data-end=\"399\" \/>\n<h2 data-start=\"401\" data-end=\"450\">Z\u00e1v\u011bre\u010dn\u00e9 tipy pro n\u00e1v\u0161t\u011bvu Cinque Terre:<\/h2>\n<p data-start=\"452\" data-end=\"803\">\u2714\ufe0f Vyrazte brzy \u2013 vyhnete se nejv\u011bt\u0161\u00edm dav\u016fm i vedru<br data-start=\"504\" data-end=\"507\" \/>\u2714\ufe0f Vezm\u011bte si pohodln\u00e9 boty \u2013 \u010dekaj\u00ed v\u00e1s dla\u017eebn\u00ed kostky a schody<br data-start=\"572\" data-end=\"575\" \/>\u2714\ufe0f Nezapome\u0148te na plavky, opalovac\u00ed kr\u00e9m a klobouk<br data-start=\"625\" data-end=\"628\" \/>\u2714\ufe0f P\u0159ibalte sva\u010dinu a vodu \u2013 zvl\u00e1\u0161\u0165 pokud cestujete s d\u011btmi<br data-start=\"687\" data-end=\"690\" \/>\u2714\ufe0f Zkontrolujte si \u010dasy vlak\u016f, a\u0165 nez\u016fstanete viset<br data-start=\"741\" data-end=\"744\" \/>\u2714\ufe0f Pokud jedete obytn\u00fdm autem, rezervujte kemp s p\u0159edstihem<\/p>\n<hr data-start=\"805\" data-end=\"808\" \/>\n<h2 data-start=\"810\" data-end=\"825\">Na konec<\/h2>\n<p data-start=\"827\" data-end=\"992\">Cinque Terre bylo jedn\u00edm z vrchol\u016f na\u0161eho italsk\u00e9ho road tripu. Ano, bylo vedro a lid\u00ed spousta. Ale z\u00e1rove\u0148 to bylo dechberouc\u00ed, malebn\u00e9 a absolutn\u011b nezapomenuteln\u00e9.<\/p>\n<p data-start=\"994\" data-end=\"1145\" data-is-last-node=\"\" data-is-only-node=\"\">A\u0165 u\u017e cestujete vlakem, proch\u00e1z\u00edte se mezi m\u011bste\u010dky p\u011b\u0161ky nebo \u2013 jako my \u2013 vyr\u00e1\u017e\u00edte s obytn\u00e1kem a mal\u00fdm d\u00edt\u011btem, <strong data-start=\"1107\" data-end=\"1144\">Cinque Terre rozhodn\u011b stoj\u00ed za to<\/strong>.<\/p>\n<\/div>\n<\/div>\n<\/div>\n<\/div>\n<\/div>\n<\/div>\n<\/div>\n<\/div>\n<\/article>\n<\/div><\/div><\/div><\/div><div class=\"et_pb_row_11 et_pb_row et_block_row\"><div class=\"et_pb_column_20 et_pb_column et_pb_column_4_4 et-last-child et_block_column et_pb_css_mix_blend_mode_passthrough\"><div class=\"et_pb_image_12 et_pb_image et_pb_module et_block_module\"><span class=\"et_pb_image_wrap\"><img loading=\"lazy\" decoding=\"async\" src=\"https:\/\/www.jsltravels.com\/cs\/wp-content\/uploads\/2025\/09\/The-Cinque-Terre.jpg\" width=\"1500\" height=\"700\" srcset=\"https:\/\/www.jsltravels.com\/cs\/wp-content\/uploads\/2025\/09\/The-Cinque-Terre.jpg 1500w, https:\/\/www.jsltravels.com\/cs\/wp-content\/uploads\/2025\/09\/The-Cinque-Terre-1280x597.jpg 1280w, https:\/\/www.jsltravels.com\/cs\/wp-content\/uploads\/2025\/09\/The-Cinque-Terre-980x457.jpg 980w, https:\/\/www.jsltravels.com\/cs\/wp-content\/uploads\/2025\/09\/The-Cinque-Terre-480x224.jpg 480w\" sizes=\"(min-width: 0px) and (max-width: 480px) 480px, (min-width: 481px) and (max-width: 980px) 980px, (min-width: 981px) and (max-width: 1280px) 1280px, (min-width: 1281px) 1500px, 100vw\" class=\"wp-image-268427\" title=\"The Cinque Terre\" alt=\"mapa Cinque Terre\" \/><\/span><\/div><\/div><\/div><div class=\"et_pb_row_12 et_pb_row et_block_row\"><div class=\"et_pb_column_21 et_pb_column et_pb_column_4_4 et-last-child et_block_column et_pb_css_mix_blend_mode_passthrough\"><div class=\"et_pb_text_7 et_pb_text et_pb_bg_layout_light et_pb_module et_block_module\"><div class=\"et_pb_text_inner\"><p>Objevte dal\u0161\u00ed kouzeln\u00e9 m\u011bsto v \u010cesku: <a href=\"https:\/\/jsltravels.com\/cs\/dvur-kralove-nad-labem-atrakce\/\" target=\"_blank\" rel=\"noopener\">Dv\u016fr Kr\u00e1lov\u00e9 nad Labem<\/a><\/p>\n<\/div><\/div><\/div><\/div><div class=\"et_pb_row_13 et_pb_row et_block_row\"><div class=\"et_pb_column_22 et_pb_column et_pb_column_4_4 et-last-child et_block_column et_pb_css_mix_blend_mode_passthrough\"><div class=\"et_pb_code_0 et_pb_code et_pb_module\"><div class=\"et_pb_code_inner\"><script async src=\"https:\/\/tpwidg.com\/content?trs=336892&shmarker=560753&locale=en&sustainable=false&deals=false&border_radius=5&plain=true&powered_by=true&promo_id=2693&campaign_id=84\" charset=\"utf-8\"><\/script><\/div><\/div><\/div><\/div><div class=\"et_pb_row_14 et_pb_row et_pb_gutters1 et_block_row\"><div class=\"et_pb_column_23 et_pb_column et_pb_column_1_2 et_block_column et_pb_css_mix_blend_mode_passthrough\"><div class=\"et_pb_code_1 et_pb_code et_pb_text_align_center et_pb_module\"><div class=\"et_pb_code_inner\"><iframe loading=\"lazy\" src=\"https:\/\/assets.pinterest.com\/ext\/embed.html?id=926686061356712308\" height=\"618\" width=\"345\" frameborder=\"0\" scrolling=\"no\" ><\/iframe><\/div><\/div><\/div><div class=\"et_pb_column_24 et_pb_column et_pb_column_1_2 et-last-child et_block_column et_pb_css_mix_blend_mode_passthrough\"><div class=\"et_pb_module et_d4_element dssb_sharing_buttons dssb_sharing_buttons_0\">\n\t\t\t\t\n\t\t\t\t\n\t\t\t\t\n\t\t\t\t\n\t\t\t\t\n\t\t\t\t\n\t\t\t\t<div class=\"et_pb_module_inner\">\n\t\t\t\t\t<div class=\"dssb-sharing-buttons dssb-columns-2 dssb-tablet-columns-2 dssb-phone-columns-2\"><div class=\"et_d4_element dssb_sharing_button dssb_sharing_button_0\">\n\t\t\t\t\n\t\t\t\t\n\t\t\t\t\n\t\t\t\t\n\t\t\t\t\n\t\t\t\t\n\t\t\t\t<div class=\"et_pb_module_inner\">\n\t\t\t\t\t\n            <div class=\"dssb-sharing-button\">\n                <a class=\"dssb-sharing-button-pinterest\" href=\"https:\/\/pinterest.com\/pin\/create\/button\/?url&amp;media&amp;description\" data-network=\"pinterest\" aria-label=\"Pin It na Pinterestu\" rel=\"nofollow noopener\" target=\"_blank\">\n                    <span class=\"dssb-sharing-icon dssb-sharing-pinterest\"><\/span>\n                    <div class=\"dssb-sharing-text\" >Pin It na Pinterestu<\/div>\n                <\/a>\n            <\/div>\n\t\t\t\t<\/div>\n\t\t\t<\/div><div class=\"et_d4_element dssb_sharing_button dssb_sharing_button_1\">\n\t\t\t\t\n\t\t\t\t\n\t\t\t\t\n\t\t\t\t\n\t\t\t\t\n\t\t\t\t\n\t\t\t\t<div class=\"et_pb_module_inner\">\n\t\t\t\t\t\n            <div class=\"dssb-sharing-button\">\n                <a class=\"dssb-sharing-button-facebook\" href=\"https:\/\/www.facebook.com\/sharer.php?u\" data-network=\"facebook\" aria-label=\"Sd\u00edlet na Facebooku\" rel=\"nofollow noopener\" target=\"_blank\">\n                    <span class=\"dssb-sharing-icon dssb-sharing-facebook\"><\/span>\n                    <div class=\"dssb-sharing-text\" >Sd\u00edlet na Facebooku<\/div>\n                <\/a>\n            <\/div>\n\t\t\t\t<\/div>\n\t\t\t<\/div><div class=\"et_d4_element dssb_sharing_button dssb_sharing_button_2\">\n\t\t\t\t\n\t\t\t\t\n\t\t\t\t\n\t\t\t\t\n\t\t\t\t\n\t\t\t\t\n\t\t\t\t<div class=\"et_pb_module_inner\">\n\t\t\t\t\t\n            <div class=\"dssb-sharing-button\">\n                <a class=\"dssb-sharing-button-whatsapp\" href=\"https:\/\/api.whatsapp.com\/send?text=\" data-network=\"whatsapp\" aria-label=\"Poslat Whatsappem\" rel=\"nofollow noopener\" target=\"_blank\">\n                    <span class=\"dssb-sharing-icon dssb-sharing-whatsapp\"><\/span>\n                    <div class=\"dssb-sharing-text\" >Poslat Whatsappem<\/div>\n                <\/a>\n            <\/div>\n\t\t\t\t<\/div>\n\t\t\t<\/div><div class=\"et_d4_element dssb_sharing_button dssb_sharing_button_3\">\n\t\t\t\t\n\t\t\t\t\n\t\t\t\t\n\t\t\t\t\n\t\t\t\t\n\t\t\t\t\n\t\t\t\t<div class=\"et_pb_module_inner\">\n\t\t\t\t\t\n            <div class=\"dssb-sharing-button\">\n                <a class=\"dssb-sharing-button-messenger\" href=\"https:\/\/www.facebook.com\/dialog\/send?app_id&amp;link&amp;display=popup&amp;redirect_uri=https:\/\/www.jsltravels.com\/cs\" data-network=\"messenger\" aria-label=\"Poslat na Messenger\" rel=\"nofollow\">\n                    <span class=\"dssb-sharing-icon dssb-sharing-messenger\"><\/span>\n                    <div class=\"dssb-sharing-text\" >Poslat na Messenger<\/div>\n                <\/a>\n            <\/div>\n\t\t\t\t<\/div>\n\t\t\t<\/div><div class=\"et_d4_element dssb_sharing_button dssb_sharing_button_4\">\n\t\t\t\t\n\t\t\t\t\n\t\t\t\t\n\t\t\t\t\n\t\t\t\t\n\t\t\t\t\n\t\t\t\t<div class=\"et_pb_module_inner\">\n\t\t\t\t\t\n            <div class=\"dssb-sharing-button\">\n                <a class=\"dssb-sharing-button-email\" href=\"mailto:?subject&body=%0D%0ALink: %0D%0A\" data-network=\"email\" aria-label=\"Poslat e-mailem\" rel=\"nofollow\">\n                    <span class=\"dssb-sharing-icon dssb-sharing-email\"><\/span>\n                    <div class=\"dssb-sharing-text\" >Poslat e-mailem<\/div>\n                <\/a>\n            <\/div>\n\t\t\t\t<\/div>\n\t\t\t<\/div><\/div>\n\t\t\t\t<\/div>\n\t\t\t<\/div><\/div><\/div><\/div><div class=\"et_pb_section_2 et_pb_section et_section_regular et_block_section\"><div class=\"et_pb_row_15 et_pb_row et_block_row\"><div class=\"et_pb_column_25 et_pb_column et_pb_column_4_4 et-last-child et_block_column et_pb_css_mix_blend_mode_passthrough\"><div class=\"et_pb_text_8 et_pb_text et_pb_bg_layout_light et_pb_module et_block_module preset--module--divi-text--6a37cb13-2b94-42a8-bab7-ee75b1380e65\"><div class=\"et_pb_text_inner\"><p><strong>Upozorn\u011bn\u00ed<\/strong>: Tato \u010d\u00e1st obsahuje <strong>affiliate odkazy<\/strong>. To znamen\u00e1, \u017ee pokud kliknete a n\u011bco si koup\u00edte nebo zarezervujete, mohu z\u00edskat malou provizi \u2014 **<strong>bez jak\u00fdchkoli dodate\u010dn\u00fdch n\u00e1klad\u016f pro v\u00e1s<\/strong>**. Doporu\u010duji pouze slu\u017eby, kter\u00e9 sama pou\u017e\u00edv\u00e1m nebo kter\u00fdm opravdu v\u011b\u0159\u00edm. D\u011bkuji, \u017ee t\u00edmto zp\u016fsobem podporujete m\u016fj blog!<\/p>\n<p>&nbsp;<\/p>\n<\/div><\/div><\/div><\/div><div class=\"et_pb_row_16 et_pb_row et_pb_row_5col et_block_row et_block_row_5col\"><div class=\"et_pb_column_26 et_pb_column et_pb_column_1_5 et_block_column et_pb_css_mix_blend_mode_passthrough\"><div class=\"et_pb_text_9 et_pb_text et_pb_bg_layout_light et_pb_module et_block_module preset--module--divi-text--6a37cb13-2b94-42a8-bab7-ee75b1380e65\"><div class=\"et_pb_text_inner\"><p style=\"text-align: center;\"><strong>Cestuj chyt\u0159e a levn\u011bji<\/strong><\/p>\n<\/div><\/div><div class=\"et_pb_image_13 et_pb_image et_pb_module et_block_module\"><span class=\"et_pb_image_wrap\"><img loading=\"lazy\" decoding=\"async\" src=\"https:\/\/www.jsltravels.com\/cs\/wp-content\/uploads\/2025\/07\/letiste-airport.png\" width=\"980\" height=\"980\" srcset=\"https:\/\/www.jsltravels.com\/cs\/wp-content\/uploads\/2025\/07\/letiste-airport.png 980w, https:\/\/www.jsltravels.com\/cs\/wp-content\/uploads\/2025\/07\/letiste-airport-480x480.png 480w\" sizes=\"(min-width: 0px) and (max-width: 480px) 480px, (min-width: 481px) 980px, 100vw\" class=\"wp-image-267026\" title=\"letiste-airport\" alt=\"Blue suitcase with a yellow stripe, featuring a handle and wheels. Attached is a luggage tag with an airplane symbol, conveying travel.\" \/><\/span><\/div><div class=\"et_pb_blurb_0 et_pb_blurb et_pb_bg_layout_light et_pb_text_align_center et_pb_blurb_position_top et_pb_module et_block_module\"><div class=\"et_pb_blurb_content\"><div class=\"et_pb_main_blurb_image\"><span class=\"et_pb_image_wrap et_pb_only_image_mode_wrap\"><img decoding=\"async\" src=\"http:\/\/jsltravels.com\/wp-content\/uploads\/2024\/10\/letiste-airport.png\" \/><\/span><\/div><div class=\"et_pb_blurb_container\"><div class=\"et_pb_blurb_description\"><p>Ne\u010dekej a vyraz hned! Najdi nejlep\u0161\u00ed letenky za super ceny a za\u010dni sv\u00e9 dal\u0161\u00ed dobrodru\u017estv\u00ed je\u0161t\u011b dnes! \u21d3<\/p>\n<p><a href=\"https:\/\/cheapoair.tpx.lt\/L8xJmq7q\" target=\"_blank\" rel=\"noopener\"> flight deals<\/a>\u00a0<\/p>\n<\/div><\/div><\/div><\/div><\/div><div class=\"et_pb_column_27 et_pb_column et_pb_column_1_5 et_block_column et_pb_css_mix_blend_mode_passthrough\"><div class=\"et_pb_text_10 et_pb_text et_pb_bg_layout_light et_pb_module et_block_module preset--module--divi-text--6a37cb13-2b94-42a8-bab7-ee75b1380e65\"><div class=\"et_pb_text_inner\"><p style=\"text-align: center;\"><strong>Najdi ubytov\u00e1n\u00ed na m\u00edru<\/strong><\/p>\n<\/div><\/div><div class=\"et_pb_image_14 et_pb_image et_pb_module et_block_module\"><span class=\"et_pb_image_wrap\"><img loading=\"lazy\" decoding=\"async\" src=\"https:\/\/www.jsltravels.com\/cs\/wp-content\/uploads\/2025\/07\/hotel-zvonek.png\" width=\"980\" height=\"980\" srcset=\"https:\/\/www.jsltravels.com\/cs\/wp-content\/uploads\/2025\/07\/hotel-zvonek.png 980w, https:\/\/www.jsltravels.com\/cs\/wp-content\/uploads\/2025\/07\/hotel-zvonek-480x480.png 480w\" sizes=\"(min-width: 0px) and (max-width: 480px) 480px, (min-width: 481px) 980px, 100vw\" class=\"wp-image-267027\" title=\"hotel-zvonek\" alt=\"Illustration of a blue hotel door hanger with a yellow service bell on it. The bell has motion lines, suggesting ringing, conveying prompt service.\" \/><\/span><\/div><div class=\"et_pb_blurb_1 et_pb_blurb et_pb_bg_layout_light et_pb_text_align_center et_pb_blurb_position_top et_pb_module et_block_module\"><div class=\"et_pb_blurb_content\"><div class=\"et_pb_main_blurb_image\"><span class=\"et_pb_image_wrap et_pb_only_image_mode_wrap\"><img decoding=\"async\" src=\"http:\/\/jsltravels.com\/wp-content\/uploads\/2024\/10\/hotel-zvonek.png\" \/><\/span><\/div><div class=\"et_pb_blurb_container\"><div class=\"et_pb_blurb_description\"><p>Najdi ubytov\u00e1n\u00ed podle sv\u00fdch p\u0159edstav na <a href=\"https:\/\/booking.tp.st\/bU1dhdHU\" target=\"_blank\" rel=\"noopener\">Booking.com<\/a> nebo <a href=\"https:\/\/agoda.tp.st\/ybqLuoG3\" target=\"_blank\" rel=\"noopener\">Agoda.com<\/a><\/p>\n<\/div><\/div><\/div><\/div><\/div><div class=\"et_pb_column_28 et_pb_column et_pb_column_1_5 et_block_column et_pb_css_mix_blend_mode_passthrough\"><div class=\"et_pb_text_11 et_pb_text et_pb_bg_layout_light et_pb_module et_block_module preset--module--divi-text--6a37cb13-2b94-42a8-bab7-ee75b1380e65\"><div class=\"et_pb_text_inner\"><p style=\"text-align: center;\"><strong>Cestuj stylov\u011b<\/strong><\/p>\n<\/div><\/div><div class=\"et_pb_image_15 et_pb_image et_pb_module et_block_module\"><span class=\"et_pb_image_wrap\"><img loading=\"lazy\" decoding=\"async\" src=\"https:\/\/www.jsltravels.com\/cs\/wp-content\/uploads\/2025\/07\/pujcovna-rent-car.png\" width=\"980\" height=\"980\" srcset=\"https:\/\/www.jsltravels.com\/cs\/wp-content\/uploads\/2025\/07\/pujcovna-rent-car.png 980w, https:\/\/www.jsltravels.com\/cs\/wp-content\/uploads\/2025\/07\/pujcovna-rent-car-480x480.png 480w\" sizes=\"(min-width: 0px) and (max-width: 480px) 480px, (min-width: 481px) 980px, 100vw\" class=\"wp-image-267028\" title=\"pujcovna-rent-car\" alt=\"A pair of yellow keys attached to a blue key tag featuring a simple black car icon. The image conveys vehicle-related themes.\" \/><\/span><\/div><div class=\"et_pb_blurb_2 et_pb_blurb et_pb_bg_layout_light et_pb_blurb_position_top et_pb_module et_block_module\"><div class=\"et_pb_blurb_content\"><div class=\"et_pb_main_blurb_image\"><span class=\"et_pb_image_wrap et_pb_only_image_mode_wrap\"><img decoding=\"async\" src=\"http:\/\/jsltravels.com\/wp-content\/uploads\/2024\/10\/pujcovna-rent-car.png\" \/><\/span><\/div><div class=\"et_pb_blurb_container\"><div class=\"et_pb_blurb_description\"><p style=\"text-align: center;\">Rezervuj si auto podle sv\u00fdch p\u0159edstav s\u00a0<a href=\"https:\/\/rentalcars.tp.st\/2tvWugZd\" target=\"_blank\" rel=\"noopener\">Rentalcars.<\/a><\/p>\n<\/div><\/div><\/div><\/div><\/div><div class=\"et_pb_column_29 et_pb_column et_pb_column_1_5 et_block_column et_pb_css_mix_blend_mode_passthrough\"><div class=\"et_pb_text_12 et_pb_text et_pb_bg_layout_light et_pb_module et_block_module preset--module--divi-text--6a37cb13-2b94-42a8-bab7-ee75b1380e65\"><div class=\"et_pb_text_inner\"><p style=\"text-align: center;\"><strong>Bezpe\u010dn\u011b na internetu<\/strong><\/p>\n<\/div><\/div><div class=\"et_pb_image_16 et_pb_image et_pb_module et_block_module\"><span class=\"et_pb_image_wrap\"><img loading=\"lazy\" decoding=\"async\" src=\"https:\/\/www.jsltravels.com\/cs\/wp-content\/uploads\/2025\/07\/wifi-sit.png\" width=\"980\" height=\"980\" srcset=\"https:\/\/www.jsltravels.com\/cs\/wp-content\/uploads\/2025\/07\/wifi-sit.png 980w, https:\/\/www.jsltravels.com\/cs\/wp-content\/uploads\/2025\/07\/wifi-sit-480x480.png 480w\" sizes=\"(min-width: 0px) and (max-width: 480px) 480px, (min-width: 481px) 980px, 100vw\" class=\"wp-image-267029\" title=\"wifi-sit\" alt=\"Three curved blue lines form a Wi-Fi symbol above a yellow circle, on a white background. The design suggests connectivity and modern technology.\" \/><\/span><\/div><div class=\"et_pb_blurb_3 et_pb_blurb et_pb_bg_layout_light et_pb_blurb_position_top et_pb_module et_block_module\"><div class=\"et_pb_blurb_content\"><div class=\"et_pb_main_blurb_image\"><span class=\"et_pb_image_wrap et_pb_only_image_mode_wrap\"><img decoding=\"async\" src=\"http:\/\/jsltravels.com\/wp-content\/uploads\/2024\/10\/wifi-sit.png\" \/><\/span><\/div><div class=\"et_pb_blurb_container\"><div class=\"et_pb_blurb_description\"><p>Cestuj bezpe\u010dn\u011b, chra\u0148 sv\u00e1 data s VPN od <a href=\"https:\/\/get.surfshark.net\/aff_c?offer_id=1679&amp;aff_id=34459&amp;source=www.jsltravels.com\" target=\"_blank\" rel=\"noopener\">Surfshark.<\/a><\/p>\n<\/div><\/div><\/div><\/div><\/div><div class=\"et_pb_column_30 et_pb_column et_pb_column_1_5 et-last-child et_block_column et_pb_css_mix_blend_mode_passthrough\"><div class=\"et_pb_text_13 et_pb_text et_pb_bg_layout_light et_pb_module et_block_module preset--module--divi-text--6a37cb13-2b94-42a8-bab7-ee75b1380e65\"><div class=\"et_pb_text_inner\"><p style=\"text-align: center;\"><strong>Kup si l\u00edstek dop\u0159edu<\/strong><\/p>\n<\/div><\/div><div class=\"et_pb_image_17 et_pb_image et_pb_module et_block_module\"><span class=\"et_pb_image_wrap\"><img loading=\"lazy\" decoding=\"async\" src=\"https:\/\/www.jsltravels.com\/cs\/wp-content\/uploads\/2025\/07\/vstupenka-ticket.png\" width=\"980\" height=\"980\" srcset=\"https:\/\/www.jsltravels.com\/cs\/wp-content\/uploads\/2025\/07\/vstupenka-ticket.png 980w, https:\/\/www.jsltravels.com\/cs\/wp-content\/uploads\/2025\/07\/vstupenka-ticket-480x480.png 480w\" sizes=\"(min-width: 0px) and (max-width: 480px) 480px, (min-width: 481px) 980px, 100vw\" class=\"wp-image-267030\" title=\"vstupenka-ticket\" alt=\"A stylized blue ticket with a yellow top edge featuring numbers. It has the word &quot;TICKET&quot; written in bold blue letters and a yellow circle accent.\" \/><\/span><\/div><div class=\"et_pb_blurb_4 et_pb_blurb et_pb_bg_layout_light et_pb_text_align_center et_pb_blurb_position_top et_pb_module et_block_module\"><div class=\"et_pb_blurb_content\"><div class=\"et_pb_main_blurb_image\"><span class=\"et_pb_image_wrap et_pb_only_image_mode_wrap\"><img decoding=\"async\" src=\"http:\/\/jsltravels.com\/wp-content\/uploads\/2024\/10\/vstupenka-ticket.png\" \/><\/span><\/div><div class=\"et_pb_blurb_container\"><div class=\"et_pb_blurb_description\"><p>Kup vstupenky na <a href=\"https:\/\/getyourguide.tp.st\/zP4xD4xO\" target=\"_blank\" rel=\"noopener\">nejlep\u0161\u00ed prohl\u00eddky a atrakce<\/a> p\u0159edem.<br \/><a href=\"https:\/\/getyourguide.tp.st\/zP4xD4xO\" target=\"_blank\" rel=\"noopener\"><\/a>\u00a0<\/p>\n<\/div><\/div><\/div><\/div><\/div><\/div><\/div><div class=\"et_pb_section_3 et_pb_section et_section_regular et_block_section\"><div class=\"et_pb_row_17 et_pb_row et_block_row\"><div class=\"et_pb_column_31 et_pb_column et_pb_column_4_4 et-last-child et_block_column et_pb_css_mix_blend_mode_passthrough\"><div class=\"et_pb_post_nav_0 et_pb_posts_nav nav-single et_pb_module et_flex_module\"><span class=\"nav-previous\"><a href=\"https:\/\/www.jsltravels.com\/cs\/gladiator-nataceni-v-toskansku-italie\" rel=\"prev\" class=\"\"><span class=\"meta-nav\">&larr; <\/span><span class=\"nav-label\">Gladi\u00e1tor \u2013 nat\u00e1\u010den\u00ed v Tosk\u00e1nsku, It\u00e1lie<\/span><\/a><\/span><span class=\"nav-next\"><a href=\"https:\/\/www.jsltravels.com\/cs\/portofino-perla-italske-riviery\" rel=\"next\" class=\"\"><span class=\"nav-label\">Portofino \u2013 perla italsk\u00e9 rivi\u00e9ry<\/span><span class=\"meta-nav\"> &rarr;<\/span><\/a><\/span><\/div><\/div><\/div><\/div>","protected":false},"excerpt":{"rendered":"<p>Do nejslavn\u011bj\u0161\u00edho italsk\u00e9ho pob\u0159e\u017e\u00ed autem nejezd\u011bte! P\u0159e\u010dt\u011bte si tipy, jak to zvl\u00e1dnout snadno, u\u0161et\u0159it \u010das i pen\u00edze a objevit ta nejlep\u0161\u00ed instagramov\u00e1 m\u00edsta.<\/p>\n","protected":false},"author":1,"featured_media":266837,"comment_status":"open","ping_status":"open","sticky":false,"template":"","format":"standard","meta":{"_et_pb_use_builder":"on","_et_pb_old_content":"","_et_gb_content_width":"","footnotes":""},"categories":[41,42,45],"tags":[],"post_folder":[40],"class_list":["post-266804","post","type-post","status-publish","format-standard","has-post-thumbnail","hentry","category-destinace","category-evropa","category-italie"],"_links":{"self":[{"href":"https:\/\/www.jsltravels.com\/cs\/wp-json\/wp\/v2\/posts\/266804","targetHints":{"allow":["GET"]}}],"collection":[{"href":"https:\/\/www.jsltravels.com\/cs\/wp-json\/wp\/v2\/posts"}],"about":[{"href":"https:\/\/www.jsltravels.com\/cs\/wp-json\/wp\/v2\/types\/post"}],"author":[{"embeddable":true,"href":"https:\/\/www.jsltravels.com\/cs\/wp-json\/wp\/v2\/users\/1"}],"replies":[{"embeddable":true,"href":"https:\/\/www.jsltravels.com\/cs\/wp-json\/wp\/v2\/comments?post=266804"}],"version-history":[{"count":4,"href":"https:\/\/www.jsltravels.com\/cs\/wp-json\/wp\/v2\/posts\/266804\/revisions"}],"predecessor-version":[{"id":268833,"href":"https:\/\/www.jsltravels.com\/cs\/wp-json\/wp\/v2\/posts\/266804\/revisions\/268833"}],"wp:featuredmedia":[{"embeddable":true,"href":"https:\/\/www.jsltravels.com\/cs\/wp-json\/wp\/v2\/media\/266837"}],"wp:attachment":[{"href":"https:\/\/www.jsltravels.com\/cs\/wp-json\/wp\/v2\/media?parent=266804"}],"wp:term":[{"taxonomy":"category","embeddable":true,"href":"https:\/\/www.jsltravels.com\/cs\/wp-json\/wp\/v2\/categories?post=266804"},{"taxonomy":"post_tag","embeddable":true,"href":"https:\/\/www.jsltravels.com\/cs\/wp-json\/wp\/v2\/tags?post=266804"},{"taxonomy":"post_folder","embeddable":true,"href":"https:\/\/www.jsltravels.com\/cs\/wp-json\/wp\/v2\/post_folder?post=266804"}],"curies":[{"name":"wp","href":"https:\/\/api.w.org\/{rel}","templated":true}]}}